{"id":2093,"date":"2024-12-13T06:43:17","date_gmt":"2024-12-13T05:43:17","guid":{"rendered":"https:\/\/monde25.info\/index.php\/2024\/12\/13\/meta-fait-un-don-dun-million-de-dollars-pour-financer-linvestiture-de-donald-trump-rt-en-francais\/"},"modified":"2024-12-13T06:43:17","modified_gmt":"2024-12-13T05:43:17","slug":"meta-fait-un-don-dun-million-de-dollars-pour-financer-linvestiture-de-donald-trump-rt-en-francais","status":"publish","type":"post","link":"https:\/\/monde25.info\/index.php\/2024\/12\/13\/meta-fait-un-don-dun-million-de-dollars-pour-financer-linvestiture-de-donald-trump-rt-en-francais\/","title":{"rendered":"Meta fait un don d&rsquo;un million de dollars pour financer l\u2019investiture de Donald Trump \u2014 RT en fran\u00e7ais"},"content":{"rendered":"<p> <br \/>\n<br \/><img decoding=\"async\" src=\"https:\/\/mf.b37mrtl.ru\/french\/images\/2024.12\/thumbnail\/675ab5a76f7ccc05063a5579.jpg\" \/><\/p>\n<div>\n<p class=\"text__summary\">\n                                        La fondation pour l\u2019investiture de Donald Trump a re\u00e7u un don d&rsquo;un million de dollars de la part du groupe Meta, a r\u00e9v\u00e9l\u00e9 Wall Street Journal. Son patron, Mark Zuckerberg, a multipli\u00e9 ces derniers mois les d\u00e9clarations flatteuses \u00e0 l&rsquo;endroit du pr\u00e9sident \u00e9lu qui avait pourtant vu ses comptes bloqu\u00e9s plusieurs ann\u00e9es sur ses plateformes.\n                                    <\/p>\n<p>Le groupe Meta (Facebook, Instagram et Whatsapp)\u00a0a fait un don d&rsquo;un million de dollars au fonds pour l\u2019investiture du pr\u00e9sident Donald Trump, a <a target=\"_blank\" href=\"https:\/\/www.wsj.com\/tech\/mark-zuckerbergs-meta-donates-1-million-to-trumps-inaugural-fund-32a999c1\" target=\"_blank\" rel=\"noopener noreferrer\">rapport\u00e9<\/a>\u00a0Wall Street Journal.<\/p>\n<p>\u00abLa contribution et les efforts d\u00e9ploy\u00e9s pour courtiser la nouvelle administration sont embl\u00e9matiques de l\u2019exercice d\u2019\u00e9quilibre pour les PDG de la technologie, dont les entreprises ont souvent \u00e9t\u00e9 la cible de la col\u00e8re de Trump et d\u2019autres r\u00e9publicains, et dont la main-d\u2019\u0153uvre a tendance \u00e0 fortement pencher vers la gauche\u00bb,\u00a0estime\u00a0le quotidien am\u00e9ricain, concernant ce don pour lequel la\u00a0soci\u00e9t\u00e9 bas\u00e9e dans la Silicon Valley n&rsquo;a pas\u00a0donn\u00e9 de raison.<\/p>\n<p>Une\u00a0analyse reprise par\u00a0CBS News, qui\u00a0met en avant que\u00a0Mark Zuckerberg s&rsquo;est rendu il y a deux semaines dans la propri\u00e9t\u00e9 de Donald Trump \u00e0 Mar-a-Lago. Un angle d&rsquo;attaque \u00e9galement choisi par le New York Times<em>.\u00a0<\/em><\/p>\n<p>\u00abLes dons aux comit\u00e9s inauguraux, qui n\u2019ont pas de limites de contribution, sont populaires parmi les entreprises et les particuliers d\u00e9sireux de s\u2019attirer les faveurs d\u2019une nouvelle administration\u00bb a pr\u00e9cis\u00e9 le quotidien, dont le comit\u00e9 de r\u00e9daction avait officiellement pris parti pour Kamala Harris. La publication a \u00e9galement rapport\u00e9 qu&rsquo;au\u00a0cours d&rsquo;un appel\u00a0avec\u00a0Trump, cet \u00e9t\u00e9, Zuckerberg l&rsquo;aurait assur\u00e9 qu&rsquo;il \u00abpriait\u00bb pour lui \u00e0 la suite\u00a0de la tentative d&rsquo;assassinat dont il avait \u00e9t\u00e9 la cible le 13 juillet lors d&rsquo;un meeting en Pennsylvanie.<\/p>\n<h2>Trump &#8211; Zuckerberg : la hache de guerre enterr\u00e9e ?<\/h2>\n<p>\u00abVoir Donald Trump se relever apr\u00e8s avoir re\u00e7u une balle au visage et lever le poing en l&rsquo;air avec le drapeau am\u00e9ricain est l&rsquo;une des choses les plus formidables que j&rsquo;ai jamais vues de ma vie\u00bb avait par ailleurs confi\u00e9 Mark Zuckerberg \u00e0 l&rsquo;agence Bloomberg.<\/p>\n<p>\u00abF\u00e9licitations au pr\u00e9sident Trump pour sa victoire d\u00e9cisive. De grandes opportunit\u00e9s s&rsquo;offrent \u00e0 nous en tant que pays. J&rsquo;ai h\u00e2te de travailler avec vous et votre administration\u00bb avait d\u00e9clar\u00e9 Mark Zuckerberg sur le r\u00e9seau social Threads, au lendemain des pr\u00e9sidentielles am\u00e9ricaines.<\/p>\n<p>Le passif entre Trump et Zuckerberg n&rsquo;en demeure pas moins pr\u00e9gnant. Fin ao\u00fbt, Politico avait <a target=\"_blank\" href=\"https:\/\/www.politico.com\/news\/2024\/08\/28\/trump-zuckerberg-election-book-00176639\" target=\"_blank\" rel=\"noopener noreferrer\">\u00e9bruit\u00e9<\/a> le contenu d&rsquo;un livre de Donald Trump \u00e0 para\u00eetre, o\u00f9 le candidat r\u00e9publicain accusait le cofondateur de Facebook d&rsquo;avoir\u00a0complot\u00e9 contre lui pendant les pr\u00e9sidentielles de 2020 et qu&rsquo;il \u00abpasserait le reste de sa vie en prison\u00bb s&rsquo;il recommen\u00e7ait.<\/p>\n<p>Le 7 janvier 2021, au lendemain des violences survenues au Capitole, Mark Zuckerberg avait annonc\u00e9 le blocage des comptes Facebook et Instagam de Donald Trump, alors encore pr\u00e9sident des \u00c9tats-Unis. \u00abNous pensons que permettre au pr\u00e9sident de continuer \u00e0 utiliser nos services pendant cette p\u00e9riode pose des risques trop grands\u00bb, avait affirm\u00e9 Mark Zuckerberg sur son propre compte Facebook, apr\u00e8s une suspension temporaire annonc\u00e9e le 6 janvier au soir. Les restrictions n&rsquo;avaient \u00e9t\u00e9 lev\u00e9es qu&rsquo;en juillet\u00a02024.<\/p>\n<\/div>\n<p><br \/>\n<br \/><a href=\"https:\/\/francais.rt.com\/international\/115307-meta-don-million-investiture-trump\" target=\"_blank\"\">Source link <\/a><\/p>\n","protected":false},"excerpt":{"rendered":"<p>La fondation pour l\u2019investiture de Donald Trump a re\u00e7u un don d&rsquo;un million de dollars de la part du groupe Meta, a r\u00e9v\u00e9l\u00e9 Wall Street Journal. Son patron, Mark Zuckerberg,&hellip; <\/p>\n","protected":false},"author":1,"featured_media":2094,"comment_status":"open","ping_status":"open","sticky":false,"template":"","format":"standard","meta":{"footnotes":""},"categories":[1],"tags":[],"class_list":["post-2093","post","type-post","status-publish","format-standard","has-post-thumbnail","hentry","category-non-classe"],"_links":{"self":[{"href":"https:\/\/monde25.info\/index.php\/wp-json\/wp\/v2\/posts\/2093","targetHints":{"allow":["GET"]}}],"collection":[{"href":"https:\/\/monde25.info\/index.php\/wp-json\/wp\/v2\/posts"}],"about":[{"href":"https:\/\/monde25.info\/index.php\/wp-json\/wp\/v2\/types\/post"}],"author":[{"embeddable":true,"href":"https:\/\/monde25.info\/index.php\/wp-json\/wp\/v2\/users\/1"}],"replies":[{"embeddable":true,"href":"https:\/\/monde25.info\/index.php\/wp-json\/wp\/v2\/comments?post=2093"}],"version-history":[{"count":0,"href":"https:\/\/monde25.info\/index.php\/wp-json\/wp\/v2\/posts\/2093\/revisions"}],"wp:featuredmedia":[{"embeddable":true,"href":"https:\/\/monde25.info\/index.php\/wp-json\/wp\/v2\/media\/2094"}],"wp:attachment":[{"href":"https:\/\/monde25.info\/index.php\/wp-json\/wp\/v2\/media?parent=2093"}],"wp:term":[{"taxonomy":"category","embeddable":true,"href":"https:\/\/monde25.info\/index.php\/wp-json\/wp\/v2\/categories?post=2093"},{"taxonomy":"post_tag","embeddable":true,"href":"https:\/\/monde25.info\/index.php\/wp-json\/wp\/v2\/tags?post=2093"}],"curies":[{"name":"wp","href":"https:\/\/api.w.org\/{rel}","templated":true}]}}