{"id":2101,"date":"2024-12-13T10:41:09","date_gmt":"2024-12-13T09:41:09","guid":{"rendered":"https:\/\/monde25.info\/index.php\/2024\/12\/13\/le-defi-du-janvier-vegan-de-retour\/"},"modified":"2024-12-13T10:41:09","modified_gmt":"2024-12-13T09:41:09","slug":"le-defi-du-janvier-vegan-de-retour","status":"publish","type":"post","link":"https:\/\/monde25.info\/index.php\/2024\/12\/13\/le-defi-du-janvier-vegan-de-retour\/","title":{"rendered":"le d\u00e9fi du janvier vegan de retour"},"content":{"rendered":"<p> <br \/>\n<\/p>\n<div>\n<h4><strong>\u00c0 l\u2019instar du Dry January, le\u00a0<\/strong><a target=\"_blank\" href=\"https:\/\/l214.us1.list-manage.com\/track\/click?u=d966ad21e6ae06dd7948a6c6d&amp;id=cdb7f98618&amp;e=f15b7a79ba\" target=\"_blank\" rel=\"noopener\" data-saferedirecturl=\"https:\/\/www.google.com\/url?q=https:\/\/L214.us1.list-manage.com\/track\/click?u%3Dd966ad21e6ae06dd7948a6c6d%26id%3Dcdb7f98618%26e%3Df15b7a79ba&amp;source=gmail&amp;ust=1734102580796000&amp;usg=AOvVaw3y2b6IhbHisoATY3Vv53Vh\"><strong>Veganuary<\/strong><\/a><b> propose de relever un d\u00e9fi : adopter une alimentation v\u00e9g\u00e9tale pendant le mois de janvier. L\u2019occasion de se familiariser avec un autre mode de consommation plus sensible \u00e0 l\u2019environnement et au vivant. Rel\u00e8verez-vous le d\u00e9fi ? <\/b><span id=\"more-689458\"\/><\/h4>\n<p>Pour sa 5\u1d49 \u00e9dition, L214 met en avant <a target=\"_blank\" href=\"https:\/\/vegan-pratique.fr\/le-marche-du-vegetal\/?utm_medium=email&amp;utm_source=newsletter&amp;utm_campaign=2024%2F12%2F11-veganuary-2025-generaliste\">la transformation en cours du paysage alimentaire<\/a> en France\u00a0:<strong> une offre v\u00e9g\u00e9tale qui s\u2019\u00e9toffe dans les grandes surfaces, mais aussi dans les restaurants.<\/strong> Un nombre <a target=\"_blank\" href=\"https:\/\/l214.us1.list-manage.com\/track\/click?u=d966ad21e6ae06dd7948a6c6d&amp;id=a1fa25b42d&amp;e=f15b7a79ba\">record d\u2019entreprises<\/a> participe \u00e0 cette \u00e9dition et, pour la premi\u00e8re fois, <strong>deux villes se joignent \u00e0 l\u2019initiative.<\/strong><\/p>\n<h2><strong>220 entreprises engag\u00e9es et des actions dans 20 villes en France<\/strong><\/h2>\n<p>Ces \u00e9volutions encourageantes doivent s\u2019acc\u00e9l\u00e9rer pour r\u00e9pondre \u00e0<strong> trois enjeux cruciaux\u00a0: <\/strong><\/p>\n<figure id=\"attachment_552023\" aria-describedby=\"caption-attachment-552023\" style=\"width: 1600px\" class=\"wp-caption alignnone\"><img fetchpriority=\"high\" decoding=\"async\" class=\"size-full wp-image-552023\" src=\"https:\/\/mrmondialisation.org\/wp-content\/uploads\/2023\/01\/i-64shrq9-x3.jpg\" alt=\"\" width=\"1600\" height=\"900\" srcset=\"https:\/\/mrmondialisation.org\/wp-content\/uploads\/2023\/01\/i-64shrq9-x3.jpg 1600w, https:\/\/mrmondialisation.org\/wp-content\/uploads\/2023\/01\/i-64shrq9-x3-1024x576.jpg 1024w, https:\/\/mrmondialisation.org\/wp-content\/uploads\/2023\/01\/i-64shrq9-x3-1524x857.jpg 1524w, https:\/\/mrmondialisation.org\/wp-content\/uploads\/2023\/01\/i-64shrq9-x3-768x432.jpg 768w, https:\/\/mrmondialisation.org\/wp-content\/uploads\/2023\/01\/i-64shrq9-x3-1536x864.jpg 1536w, https:\/\/mrmondialisation.org\/wp-content\/uploads\/2023\/01\/i-64shrq9-x3-696x392.jpg 696w, https:\/\/mrmondialisation.org\/wp-content\/uploads\/2023\/01\/i-64shrq9-x3-1068x601.jpg 1068w, https:\/\/mrmondialisation.org\/wp-content\/uploads\/2023\/01\/i-64shrq9-x3-747x420.jpg 747w\" sizes=\"(max-width: 1600px) 100vw, 1600px\"\/><figcaption id=\"caption-attachment-552023\" class=\"wp-caption-text\">@L214 Image prises en octobre 2022<\/figcaption><\/figure>\n<p>Parmi les nombreuses animations du mois de janvier, L214 organise <strong>une s\u00e9rie de chasses au tr\u00e9sor dans 20 villes fran\u00e7aises pour faire d\u00e9couvrir les alternatives v\u00e9g\u00e9tales disponibles localement. <\/strong>Une initiative ludique qui met en lumi\u00e8re la diversit\u00e9 des options et les b\u00e9n\u00e9fices d\u2019une transition alimentaire.<\/p>\n<h2><strong>31 jours pour d\u00e9couvrir l\u2019alimentation v\u00e9g\u00e9tale<\/strong><\/h2>\n<figure id=\"attachment_689459\" aria-describedby=\"caption-attachment-689459\" style=\"width: 1280px\" class=\"wp-caption alignnone\"><img loading=\"lazy\" decoding=\"async\" class=\"size-full wp-image-689459\" src=\"https:\/\/mrmondialisation.org\/wp-content\/uploads\/2024\/12\/l214-calendrier-studio-greenquest-print-11-sur-12-1-x2.jpg\" alt=\"\" width=\"1280\" height=\"960\" srcset=\"https:\/\/mrmondialisation.org\/wp-content\/uploads\/2024\/12\/l214-calendrier-studio-greenquest-print-11-sur-12-1-x2.jpg 1280w, https:\/\/mrmondialisation.org\/wp-content\/uploads\/2024\/12\/l214-calendrier-studio-greenquest-print-11-sur-12-1-x2-1024x768.jpg 1024w, https:\/\/mrmondialisation.org\/wp-content\/uploads\/2024\/12\/l214-calendrier-studio-greenquest-print-11-sur-12-1-x2-768x576.jpg 768w, https:\/\/mrmondialisation.org\/wp-content\/uploads\/2024\/12\/l214-calendrier-studio-greenquest-print-11-sur-12-1-x2-696x522.jpg 696w, https:\/\/mrmondialisation.org\/wp-content\/uploads\/2024\/12\/l214-calendrier-studio-greenquest-print-11-sur-12-1-x2-1068x801.jpg 1068w, https:\/\/mrmondialisation.org\/wp-content\/uploads\/2024\/12\/l214-calendrier-studio-greenquest-print-11-sur-12-1-x2-560x420.jpg 560w, https:\/\/mrmondialisation.org\/wp-content\/uploads\/2024\/12\/l214-calendrier-studio-greenquest-print-11-sur-12-1-x2-80x60.jpg 80w, https:\/\/mrmondialisation.org\/wp-content\/uploads\/2024\/12\/l214-calendrier-studio-greenquest-print-11-sur-12-1-x2-265x198.jpg 265w\" sizes=\"auto, (max-width: 1280px) 100vw, 1280px\"\/><figcaption id=\"caption-attachment-689459\" class=\"wp-caption-text\">@L214 SEITAN BOURGUIGNON -&gt; <strong><a target=\"_blank\" href=\"https:\/\/vegan-pratique.fr\/recettes\/seitan-bourguignon-2\/\">Recette\u00a0<\/a><\/strong><\/figcaption><\/figure>\n<p><strong>Le concept est simple\u00a0: s\u2019essayer \u00e0 l\u2019alimentation v\u00e9g\u00e9tale pendant le mois de janvier.<\/strong><\/p>\n<blockquote>\n<p><strong>\u00ab\u00a0les participants recevront quotidiennement pendant 31 jours : des recettes vegan, des id\u00e9es menus faciles, des astuces et des conseils nutritionnels\u00a0\u00bb<\/strong><\/p>\n<\/blockquote>\n<p>En <strong>s\u2019inscrivant gratuitement sur le site\u00a0<a target=\"_blank\" href=\"https:\/\/l214.us1.list-manage.com\/track\/click?u=d966ad21e6ae06dd7948a6c6d&amp;id=a977746e3c&amp;e=f15b7a79ba\" target=\"_blank\" rel=\"noopener\" data-saferedirecturl=\"https:\/\/www.google.com\/url?q=https:\/\/L214.us1.list-manage.com\/track\/click?u%3Dd966ad21e6ae06dd7948a6c6d%26id%3Da977746e3c%26e%3Df15b7a79ba&amp;source=gmail&amp;ust=1734102580796000&amp;usg=AOvVaw0QnxmLQzzK3vyamXcaUhCK\">veganuary2025.fr<\/a>\u00a0<\/strong>avec leur adresse e-mail, les participants recevront quotidiennement et pendant 31 jours <strong>des recettes vegan, des id\u00e9es de menus faciles \u00e0 r\u00e9aliser, des astuces pratiques et <a target=\"_blank\" href=\"https:\/\/mrmondialisation.org\/pour-la-planete-et-notre-sante-vegetalisons-nos-assiettes\/\">des conseils nutritionnels<\/a><\/strong> pour d\u00e9couvrir la cuisine v\u00e9g\u00e9tale en douceur.<\/p>\n<figure id=\"attachment_689461\" aria-describedby=\"caption-attachment-689461\" style=\"width: 1638px\" class=\"wp-caption alignnone\"><img loading=\"lazy\" decoding=\"async\" class=\"size-full wp-image-689461\" src=\"https:\/\/mrmondialisation.org\/wp-content\/uploads\/2024\/12\/cookies-l214-studio-greenquest-web-2-sur-2.jpg\" alt=\"\" width=\"1638\" height=\"2048\" srcset=\"https:\/\/mrmondialisation.org\/wp-content\/uploads\/2024\/12\/cookies-l214-studio-greenquest-web-2-sur-2.jpg 1638w, https:\/\/mrmondialisation.org\/wp-content\/uploads\/2024\/12\/cookies-l214-studio-greenquest-web-2-sur-2-819x1024.jpg 819w, https:\/\/mrmondialisation.org\/wp-content\/uploads\/2024\/12\/cookies-l214-studio-greenquest-web-2-sur-2-1219x1524.jpg 1219w, https:\/\/mrmondialisation.org\/wp-content\/uploads\/2024\/12\/cookies-l214-studio-greenquest-web-2-sur-2-768x960.jpg 768w, https:\/\/mrmondialisation.org\/wp-content\/uploads\/2024\/12\/cookies-l214-studio-greenquest-web-2-sur-2-1229x1536.jpg 1229w, https:\/\/mrmondialisation.org\/wp-content\/uploads\/2024\/12\/cookies-l214-studio-greenquest-web-2-sur-2-696x870.jpg 696w, https:\/\/mrmondialisation.org\/wp-content\/uploads\/2024\/12\/cookies-l214-studio-greenquest-web-2-sur-2-1068x1335.jpg 1068w, https:\/\/mrmondialisation.org\/wp-content\/uploads\/2024\/12\/cookies-l214-studio-greenquest-web-2-sur-2-336x420.jpg 336w\" sizes=\"auto, (max-width: 1638px) 100vw, 1638px\"\/><figcaption id=\"caption-attachment-689461\" class=\"wp-caption-text\">@L214 COOKIES AUX P\u00c9PITES DE CHOCOLAT -&gt; <strong><a target=\"_blank\" href=\"https:\/\/vegan-pratique.fr\/recettes\/cookies-aux-pepites-de-chocolat\/\">Recette<\/a><\/strong><\/figcaption><\/figure>\n<p>Une occasion d\u2019\u00eatre accompagn\u00e9 alors qu\u2019\u00e0 l\u2019approche des f\u00eates :<strong><a target=\"_blank\" href=\"https:\/\/www.politique-animaux.fr\/opinion-publique?titre=&amp;theme%5B%5D=48&amp;soustheme%5B%5D=58&amp;utm_medium=email&amp;utm_source=newsletter&amp;utm_campaign=2024%2F12%2F11-veganuary-2025-generaliste#content-content\"> 71% des fran\u00e7ais<\/a><\/strong> se disent favorables \u00e0<strong> l\u2019interdiction du gavage d\u2019oies et de canards<\/strong>, <strong><a target=\"_blank\" href=\"https:\/\/www.politique-animaux.fr\/opinion-publique?titre=&amp;theme%5B%5D=48&amp;soustheme%5B%5D=58&amp;utm_medium=email&amp;utm_source=newsletter&amp;utm_campaign=2024%2F12%2F11-veganuary-2025-generaliste#content-content\">57% <\/a><\/strong>affirment avoir <strong>r\u00e9duit leur consommation de viande ces 3 derni\u00e8res ann\u00e9es<\/strong>, ou encore <strong><a target=\"_blank\" href=\"https:\/\/www.politique-animaux.fr\/opinion-publique?titre=&amp;theme%5B%5D=48&amp;soustheme%5B%5D=58&amp;utm_medium=email&amp;utm_source=newsletter&amp;utm_campaign=2024%2F12%2F11-veganuary-2025-generaliste#content-content\">61% <\/a><\/strong>consid\u00e8rent que les pouvoirs publics<strong> n\u2019informent pas assez sur les alternatives \u00e0 la consommation de viande.\u00a0<\/strong><\/p>\n<h2><strong>Participation record des entreprises<\/strong><\/h2>\n<p>En 2025, le Veganuary franchit un nouveau cap\u00a0: <strong>220\u00a0entreprises prennent part \u00e0 la campagne, contre 186 l\u2019ann\u00e9e pr\u00e9c\u00e9dente.\u00a0<\/strong><a target=\"_blank\" href=\"https:\/\/l214.us1.list-manage.com\/track\/click?u=d966ad21e6ae06dd7948a6c6d&amp;id=8b4e1b2bc7&amp;e=f15b7a79ba\" target=\"_blank\" rel=\"noopener\" data-saferedirecturl=\"https:\/\/www.google.com\/url?q=https:\/\/L214.us1.list-manage.com\/track\/click?u%3Dd966ad21e6ae06dd7948a6c6d%26id%3D8b4e1b2bc7%26e%3Df15b7a79ba&amp;source=gmail&amp;ust=1734102580796000&amp;usg=AOvVaw1_Meqf1CAHkJVVAge05_2y\">Des enseignes<\/a> aussi vari\u00e9es qu\u2019Intermarch\u00e9, Bio Burger, Sushi Daily, Paul ou Materne s\u2019engagent \u00e0 promouvoir les alternatives v\u00e9g\u00e9tales par <strong>des promotions, des lancements de produits et des campagnes d\u2019information<\/strong> aupr\u00e8s des consommateurs.<\/p>\n<p>Cette dynamique r\u00e9pond \u00e0 une aspiration croissante des Fran\u00e7ais\u00a0: <strong>54\u00a0% d\u2019entre eux souhaitent que les enseignes mettent davantage en avant les produits v\u00e9g\u00e9taux<\/strong> (<a target=\"_blank\" href=\"https:\/\/l214.us1.list-manage.com\/track\/click?u=d966ad21e6ae06dd7948a6c6d&amp;id=48d1a1557d&amp;e=f15b7a79ba\" target=\"_blank\" rel=\"noopener\" data-saferedirecturl=\"https:\/\/www.google.com\/url?q=https:\/\/L214.us1.list-manage.com\/track\/click?u%3Dd966ad21e6ae06dd7948a6c6d%26id%3D48d1a1557d%26e%3Df15b7a79ba&amp;source=gmail&amp;ust=1734102580796000&amp;usg=AOvVaw3U3HZBe2h059yvH-whh4o3\">YouGov\u00a0\/\u00a0L214<\/a>, 2023), et <strong>70\u00a0% aimeraient davantage de plats pr\u00e9par\u00e9s sans viande ni poisson, riches en prot\u00e9ines v\u00e9g\u00e9tales<\/strong> (<a target=\"_blank\" href=\"https:\/\/l214.us1.list-manage.com\/track\/click?u=d966ad21e6ae06dd7948a6c6d&amp;id=7079fd64df&amp;e=f15b7a79ba\" target=\"_blank\" rel=\"noopener\" data-saferedirecturl=\"https:\/\/www.google.com\/url?q=https:\/\/L214.us1.list-manage.com\/track\/click?u%3Dd966ad21e6ae06dd7948a6c6d%26id%3D7079fd64df%26e%3Df15b7a79ba&amp;source=gmail&amp;ust=1734102580796000&amp;usg=AOvVaw118LVirWOcHGaW5kq0BZW-\">Harris Interactive\u00a0\/\u00a0RAC<\/a>, 2023). Autant d\u2019options qui, <a target=\"_blank\" href=\"https:\/\/mrmondialisation.org\/vegan-transforme-alimentation\/\">loin des pr\u00e9jug\u00e9s sur une nourriture v\u00e9gane \u00ab\u00a0ultra-transform\u00e9e\u00a0\u00bb,<\/a> peuvent \u00eatre saines et d\u2019autant plus appliqu\u00e9es dans leur \u00e9quilibre pour r\u00e9pondre \u00e0 une client\u00e8le exigeante.<\/p>\n<figure id=\"attachment_689462\" aria-describedby=\"caption-attachment-689462\" style=\"width: 1638px\" class=\"wp-caption alignnone\"><img loading=\"lazy\" decoding=\"async\" class=\"size-full wp-image-689462\" src=\"https:\/\/mrmondialisation.org\/wp-content\/uploads\/2024\/12\/quiche-l214-studio-greenquest-site-web-2-sur-2.jpg\" alt=\"\" width=\"1638\" height=\"2048\" srcset=\"https:\/\/mrmondialisation.org\/wp-content\/uploads\/2024\/12\/quiche-l214-studio-greenquest-site-web-2-sur-2.jpg 1638w, https:\/\/mrmondialisation.org\/wp-content\/uploads\/2024\/12\/quiche-l214-studio-greenquest-site-web-2-sur-2-819x1024.jpg 819w, https:\/\/mrmondialisation.org\/wp-content\/uploads\/2024\/12\/quiche-l214-studio-greenquest-site-web-2-sur-2-1219x1524.jpg 1219w, https:\/\/mrmondialisation.org\/wp-content\/uploads\/2024\/12\/quiche-l214-studio-greenquest-site-web-2-sur-2-768x960.jpg 768w, https:\/\/mrmondialisation.org\/wp-content\/uploads\/2024\/12\/quiche-l214-studio-greenquest-site-web-2-sur-2-1229x1536.jpg 1229w, https:\/\/mrmondialisation.org\/wp-content\/uploads\/2024\/12\/quiche-l214-studio-greenquest-site-web-2-sur-2-696x870.jpg 696w, https:\/\/mrmondialisation.org\/wp-content\/uploads\/2024\/12\/quiche-l214-studio-greenquest-site-web-2-sur-2-1068x1335.jpg 1068w, https:\/\/mrmondialisation.org\/wp-content\/uploads\/2024\/12\/quiche-l214-studio-greenquest-site-web-2-sur-2-336x420.jpg 336w\" sizes=\"auto, (max-width: 1638px) 100vw, 1638px\"\/><figcaption id=\"caption-attachment-689462\" class=\"wp-caption-text\">@L214 QUICHE PATATE DOUCE, POMME ET NOIX -&gt; <strong><a target=\"_blank\" href=\"https:\/\/vegan-pratique.fr\/recettes\/quiche-patate-douce-pomme-et-noix\/\">Recette<\/a><\/strong><\/figcaption><\/figure>\n<p>Pour Jennifer Martins, cheffe de projets RSE Intermarch\u00e9 et Netto : \u00ab\u00a0<em>La campagne Veganuary repr\u00e9sente pour Intermarch\u00e9 <strong>une opportunit\u00e9 et un levier pour d\u00e9mocratiser une alimentation v\u00e9g\u00e9tale et gourmande.<\/strong> En mettant en lumi\u00e8re nos offres v\u00e9g\u00e9tales, notamment gr\u00e2ce \u00e0 des offres promotionnelles relay\u00e9es sur prospectus et en drive, <strong>nous souhaitons renforcer l\u2019attractivit\u00e9 et l\u2019adh\u00e9sion \u00e0 un mode de consommation plus diversifi\u00e9.<\/strong> Conscients que la v\u00e9g\u00e9talisation de l\u2019alimentation est l\u2019une des cl\u00e9s pour diminuer notre impact, notamment carbone, <strong>nous participons \u00e0 cette \u00e9dition pour favoriser la transition alimentaire vers plus de v\u00e9g\u00e9tal.<\/strong><\/em><strong>\u00a0\u00bb<\/strong><\/p>\n<h2><strong>Des municipalit\u00e9s participent pour la premi\u00e8re fois<\/strong><\/h2>\n<p><strong>Pour la premi\u00e8re fois, des villes participent au Veganuary\u00a0:<\/strong> une \u00e9volution indispensable \u00e9tant donn\u00e9e <strong>l\u2019importance des pouvoirs publics dans l\u2019accompagnement de la transition alimentaire.<\/strong><\/p>\n<div class=\"td-a-rec td-a-rec-id-content_inlineright  tdi_1 td_block_template_1\">\n<span class=\"td-adspot-title\">&#8211; Pour une information libre ! &#8211;<\/span><a target=\"_blank\" href=\"https:\/\/fr.tipeee.com\/mr-mondialisation\" class=\"tipeee-project-small\">Soutenir Mr Japanization sur Tipeee<\/a>\n<\/div>\n<blockquote>\n<p><strong>\u00ab\u00a0Grenoble et Rouen<\/strong>\u00a0<strong>sont les premi\u00e8res villes \u00e0 officialiser leur participation \u00e0 l\u2019\u00e9v\u00e9nement\u00a0\u00bb.<\/strong><\/p>\n<\/blockquote>\n<p><strong>Grenoble et Rouen<\/strong>\u00a0<strong>deviennent ainsi les premi\u00e8res villes \u00e0 officialiser leur participation \u00e0 l\u2019\u00e9v\u00e9nement.<\/strong> Ces municipalit\u00e9s sensibiliseront leurs habitants aux bienfaits d\u2019une alimentation plus v\u00e9g\u00e9tale \u00e0 travers des campagnes d\u2019affichage et des \u00e9v\u00e9nements locaux.<\/p>\n<figure id=\"attachment_689460\" aria-describedby=\"caption-attachment-689460\" style=\"width: 2048px\" class=\"wp-caption alignnone\"><img loading=\"lazy\" decoding=\"async\" class=\"size-full wp-image-689460\" src=\"https:\/\/mrmondialisation.org\/wp-content\/uploads\/2024\/12\/bolognaise-l214-studio-greenquest-site-web-2-sur-2.jpg\" alt=\"\" width=\"2048\" height=\"1536\" srcset=\"https:\/\/mrmondialisation.org\/wp-content\/uploads\/2024\/12\/bolognaise-l214-studio-greenquest-site-web-2-sur-2.jpg 2048w, https:\/\/mrmondialisation.org\/wp-content\/uploads\/2024\/12\/bolognaise-l214-studio-greenquest-site-web-2-sur-2-1024x768.jpg 1024w, https:\/\/mrmondialisation.org\/wp-content\/uploads\/2024\/12\/bolognaise-l214-studio-greenquest-site-web-2-sur-2-1524x1143.jpg 1524w, https:\/\/mrmondialisation.org\/wp-content\/uploads\/2024\/12\/bolognaise-l214-studio-greenquest-site-web-2-sur-2-768x576.jpg 768w, https:\/\/mrmondialisation.org\/wp-content\/uploads\/2024\/12\/bolognaise-l214-studio-greenquest-site-web-2-sur-2-1536x1152.jpg 1536w, https:\/\/mrmondialisation.org\/wp-content\/uploads\/2024\/12\/bolognaise-l214-studio-greenquest-site-web-2-sur-2-696x522.jpg 696w, https:\/\/mrmondialisation.org\/wp-content\/uploads\/2024\/12\/bolognaise-l214-studio-greenquest-site-web-2-sur-2-1068x801.jpg 1068w, https:\/\/mrmondialisation.org\/wp-content\/uploads\/2024\/12\/bolognaise-l214-studio-greenquest-site-web-2-sur-2-560x420.jpg 560w, https:\/\/mrmondialisation.org\/wp-content\/uploads\/2024\/12\/bolognaise-l214-studio-greenquest-site-web-2-sur-2-80x60.jpg 80w, https:\/\/mrmondialisation.org\/wp-content\/uploads\/2024\/12\/bolognaise-l214-studio-greenquest-site-web-2-sur-2-265x198.jpg 265w\" sizes=\"auto, (max-width: 2048px) 100vw, 2048px\"\/><figcaption id=\"caption-attachment-689460\" class=\"wp-caption-text\">@L214 BOLOGNAISE AUX PROT\u00c9INES DE SOJA TEXTUR\u00c9ES -&gt; <strong><a target=\"_blank\" href=\"https:\/\/vegan-pratique.fr\/recettes\/bolognaise-aux-proteines-de-soja-texturees\/\">Recette<\/a><\/strong><\/figcaption><\/figure>\n<p>Pour Sandra Krief, adjointe \u00e0 la ville de Grenoble, d\u00e9l\u00e9gu\u00e9e \u00e0 la condition animale : \u00ab\u00a0<em>Grenoble, ville pionni\u00e8re, a fait le choix de <strong>s\u2019engager de mani\u00e8re tr\u00e8s active dans la transition vers l\u2019alimentation v\u00e9g\u00e9tale pour des raisons environnementales, sanitaires et \u00e9thiques.<\/strong> <\/em><\/p>\n<p><em>Je soutiens ainsi pleinement le Veganuary, dans sa volont\u00e9 de v\u00e9g\u00e9taliser l\u2019alimentation et donc <strong>de renoncer \u00e0 tout ce qui favorise la cr\u00e9ation et l\u2019extension d\u2019\u00e9levages industriels et intensifs,<\/strong> afin de vivre ensemble, humains et animaux dans un monde \u00e9thique et soucieux de notre environnement commun.<strong> Notre niveau de civilisation nous oblige \u00e0 \u00eatre meilleurs pour les animaux et pour nous. Soyons le.<\/strong><\/em><strong>\u00a0\u00bb<\/strong><\/p>\n<h2><strong>Une chasse au tr\u00e9sor dans 20 villes fran\u00e7aises<\/strong><\/h2>\n<p><img loading=\"lazy\" decoding=\"async\" class=\"alignnone wp-image-689463 size-full\" src=\"https:\/\/mrmondialisation.org\/wp-content\/uploads\/2024\/12\/unnamed-e1734026489284.jpg\" alt=\"\" width=\"982\" height=\"432\" srcset=\"https:\/\/mrmondialisation.org\/wp-content\/uploads\/2024\/12\/unnamed-e1734026489284.jpg 982w, https:\/\/mrmondialisation.org\/wp-content\/uploads\/2024\/12\/unnamed-e1734026489284-768x338.jpg 768w, https:\/\/mrmondialisation.org\/wp-content\/uploads\/2024\/12\/unnamed-e1734026489284-696x306.jpg 696w, https:\/\/mrmondialisation.org\/wp-content\/uploads\/2024\/12\/unnamed-e1734026489284-955x420.jpg 955w\" sizes=\"auto, (max-width: 982px) 100vw, 982px\"\/><\/p>\n<p>Le <strong>11 janvier,<\/strong> L214 organise<strong> une chasse au tr\u00e9sor sur le th\u00e8me du Veganuary dans 20 grandes villes de France.<\/strong>\u00a0En partenariat avec des commer\u00e7ants locaux, ce jeu de piste invitera les participants \u00e0 d\u00e9couvrir des alternatives v\u00e9g\u00e9tales gourmandes dans des supermarch\u00e9s, des \u00e9piceries, des commerces de bouche et des restaurants. <strong>Une exp\u00e9rience immersive<\/strong> pour explorer de nouvelles habitudes et r\u00e9duire notre empreinte alimentaire.<\/p>\n<p>Pour Alexandra Coch\u00e9, responsable de la campagne Veganuary pour L214\u00a0: \u00ab\u00a0<em>Il n\u2019a jamais exist\u00e9 <strong>autant de possibilit\u00e9s, traditionnelles ou innovantes,<\/strong> pour v\u00e9g\u00e9taliser notre alimentation. Il est temps \u00e0 pr\u00e9sent de sortir l\u2019alimentation v\u00e9g\u00e9tale d\u2019un segment de niche et d\u2019acc\u00e9l\u00e9rer cette transition. Le Veganuary est <strong>une occasion pr\u00e9cieuse de sensibiliser le grand public,<\/strong> mais \u00e9galement de mobiliser les acteurs de l\u2019agroalimentaire et les pouvoirs publics.<\/em>\u00a0\u00bb<\/p>\n<h2><strong>Mobiliser pour passer des intentions aux actes<\/strong><\/h2>\n<figure id=\"attachment_689465\" aria-describedby=\"caption-attachment-689465\" style=\"width: 807px\" class=\"wp-caption alignnone\"><img loading=\"lazy\" decoding=\"async\" class=\"size-full wp-image-689465\" src=\"https:\/\/mrmondialisation.org\/wp-content\/uploads\/2024\/12\/5-gateau-invisible-pommes-amandes.jpg\" alt=\"\" width=\"807\" height=\"605\" srcset=\"https:\/\/mrmondialisation.org\/wp-content\/uploads\/2024\/12\/5-gateau-invisible-pommes-amandes.jpg 807w, https:\/\/mrmondialisation.org\/wp-content\/uploads\/2024\/12\/5-gateau-invisible-pommes-amandes-768x576.jpg 768w, https:\/\/mrmondialisation.org\/wp-content\/uploads\/2024\/12\/5-gateau-invisible-pommes-amandes-696x522.jpg 696w, https:\/\/mrmondialisation.org\/wp-content\/uploads\/2024\/12\/5-gateau-invisible-pommes-amandes-560x420.jpg 560w, https:\/\/mrmondialisation.org\/wp-content\/uploads\/2024\/12\/5-gateau-invisible-pommes-amandes-80x60.jpg 80w, https:\/\/mrmondialisation.org\/wp-content\/uploads\/2024\/12\/5-gateau-invisible-pommes-amandes-265x198.jpg 265w\" sizes=\"auto, (max-width: 807px) 100vw, 807px\"\/><figcaption id=\"caption-attachment-689465\" class=\"wp-caption-text\">@L214 G\u00c2TEAU INVISIBLE AUX POMMES ET AUX AMANDES VEGAN -&gt; <strong><a target=\"_blank\" href=\"https:\/\/vegan-pratique.fr\/recettes\/gateau-invisible-aux-pommes-et-aux-amandes\/\">Recette<\/a><\/strong><\/figcaption><\/figure>\n<p>Les raisons de v\u00e9g\u00e9taliser son alimentation sont partag\u00e9es par un grand nombre de Fran\u00e7ais (<a target=\"_blank\" href=\"https:\/\/l214.us1.list-manage.com\/track\/click?u=d966ad21e6ae06dd7948a6c6d&amp;id=08ae095850&amp;e=f15b7a79ba\" target=\"_blank\" rel=\"noopener\" data-saferedirecturl=\"https:\/\/www.google.com\/url?q=https:\/\/L214.us1.list-manage.com\/track\/click?u%3Dd966ad21e6ae06dd7948a6c6d%26id%3D08ae095850%26e%3Df15b7a79ba&amp;source=gmail&amp;ust=1734102580796000&amp;usg=AOvVaw2IN1KoN9hgJ7DJOH7zD_ZT\">Harris Interactive\u00a0\/\u00a0RAC<\/a>, 2023)\u00a0:<\/p>\n<p><strong>Alors que 57\u00a0% des Fran\u00e7ais d\u00e9clarent avoir r\u00e9duit leur consommation de viande\u00a0<\/strong>(<a target=\"_blank\" href=\"https:\/\/l214.us1.list-manage.com\/track\/click?u=d966ad21e6ae06dd7948a6c6d&amp;id=4f4caf50b6&amp;e=f15b7a79ba\" target=\"_blank\" rel=\"noopener\" data-saferedirecturl=\"https:\/\/www.google.com\/url?q=https:\/\/L214.us1.list-manage.com\/track\/click?u%3Dd966ad21e6ae06dd7948a6c6d%26id%3D4f4caf50b6%26e%3Df15b7a79ba&amp;source=gmail&amp;ust=1734102580796000&amp;usg=AOvVaw2sds9TRw5ByqSNGmVgBXUR\">Harris Interactive\u00a0\/\u00a0RAC<\/a>, 2023)<strong>, les chiffres montrent que la consommation n\u2019a r\u00e9ellement diminu\u00e9 que de 5,8\u00a0% en 20 ans\u00a0<\/strong>(<a target=\"_blank\" href=\"https:\/\/l214.us1.list-manage.com\/track\/click?u=d966ad21e6ae06dd7948a6c6d&amp;id=5f4d53629e&amp;e=f15b7a79ba\" target=\"_blank\" rel=\"noopener\" data-saferedirecturl=\"https:\/\/www.google.com\/url?q=https:\/\/L214.us1.list-manage.com\/track\/click?u%3Dd966ad21e6ae06dd7948a6c6d%26id%3D5f4d53629e%26e%3Df15b7a79ba&amp;source=gmail&amp;ust=1734102580796000&amp;usg=AOvVaw0Q3vrwQN93sJtEhZXiLSFd\">Agreste<\/a>, 2024). L\u2019environnement alimentaire reste majoritairement domin\u00e9 par les produits carn\u00e9s\u00a0: <strong>92\u00a0% des plats pr\u00e9par\u00e9s contiennent de la viande ou du poisson (<a target=\"_blank\" href=\"https:\/\/l214.us1.list-manage.com\/track\/click?u=d966ad21e6ae06dd7948a6c6d&amp;id=ef68b7b4cb&amp;e=f15b7a79ba\" target=\"_blank\" rel=\"noopener\" data-saferedirecturl=\"https:\/\/www.google.com\/url?q=https:\/\/L214.us1.list-manage.com\/track\/click?u%3Dd966ad21e6ae06dd7948a6c6d%26id%3Def68b7b4cb%26e%3Df15b7a79ba&amp;source=gmail&amp;ust=1734102580796000&amp;usg=AOvVaw2ZRPnTU34JnBVIXmhGMc8k\">RAC<\/a>, 2023).<\/strong><\/p>\n<p>Il devient indispensable de faciliter <strong>l\u2019action individuelle par des mesures politiques et par l\u2019\u00e9volution de l\u2019offre alimentaire<\/strong> pour r\u00e9pondre \u00e0 l\u2019urgence \u00e9thique et environnementale. Les entreprises ont commenc\u00e9 \u00e0 amorcer une transition vers le v\u00e9g\u00e9tal ;<strong> L214 les encourage \u00e0 la poursuivre \u00e0 travers des initiatives comme le Veganuary.<\/strong><\/p>\n<p><strong>Il est tout aussi urgent pour les pouvoirs publics de se montrer \u00e0 la hauteur des enjeux.\u00a0<\/strong>Augmentation du nombre de repas v\u00e9g\u00e9tariens et vegan, r\u00e9orientation des subventions agricoles vers les productions v\u00e9g\u00e9tales, r\u00e9gulation de la publicit\u00e9 pour les produits carn\u00e9s\u2026\u00a0<strong>Pour L214, tous les moyens doivent \u00eatre mis en \u0153uvre pour diviser par deux le nombre d\u2019animaux tu\u00e9s pour l\u2019alimentation d\u2019ici 2030. <\/strong><\/p>\n<p><strong>D\u2019ici-l\u00e0, relevons le d\u00e9fi du veganuary <a target=\"_blank\" href=\"https:\/\/vegan-pratique.fr\/veganuary\/?utm_medium=email&amp;utm_source=newsletter&amp;utm_campaign=2024%2F10%2F23-veganuary-2025-recettes\">par ici !<\/a><\/strong><\/p>\n<p style=\"text-align: right;\"><em>\u2013 L214<\/em><\/p>\n<hr\/>\n<p>Ce sujet vous int\u00e9resse ? La toute<strong> derni\u00e8re enqu\u00eate de L214<\/strong> vient \u00e9galement de sortir : <strong><a target=\"_blank\" href=\"https:\/\/www.l214.com\/communications\/20241212-lapins-socla-hauts-de-france\/\">\u00ab\u00a0Trois \u00e9levages sordides de lapins dans les Hauts-de-France\u00a0\u00bb<\/a><\/strong><\/p>\n<div class=\"td-a-rec td-a-rec-id-content_bottom  tdi_2 td_block_template_1\">\n<span class=\"td-adspot-title\">&#8211; Cet article gratuit et ind\u00e9pendant existe gr\u00e2ce \u00e0 vous &#8211;<\/span><\/p>\n<div class=\"td-all-devices\">\n    <a target=\"_blank\" href=\"https:\/\/mrmondialisation.org\/donation\/\" title=\"Faire_un_don\"><img decoding=\"async\" class=\"donationArticle\" src=\"https:\/\/mrmondialisation.org\/wp-content\/uploads\/2022\/12\/220405-flikalicious-final.jpg\" alt=\"Donation\"\/><\/a>\n<\/div>\n<\/div><\/div>\n<p><br \/>\n<br \/><a href=\"https:\/\/mrmondialisation.org\/veganuary-2025-defi-janvier-vegan\/\" target=\"_blank\"\">Source link <\/a><\/p>\n","protected":false},"excerpt":{"rendered":"<p>\u00c0 l\u2019instar du Dry January, le\u00a0Veganuary propose de relever un d\u00e9fi : adopter une alimentation v\u00e9g\u00e9tale pendant le mois de janvier. L\u2019occasion de se familiariser avec un autre mode de&hellip; <\/p>\n","protected":false},"author":1,"featured_media":2102,"comment_status":"open","ping_status":"open","sticky":false,"template":"","format":"standard","meta":{"footnotes":""},"categories":[1],"tags":[],"class_list":["post-2101","post","type-post","status-publish","format-standard","has-post-thumbnail","hentry","category-non-classe"],"_links":{"self":[{"href":"https:\/\/monde25.info\/index.php\/wp-json\/wp\/v2\/posts\/2101","targetHints":{"allow":["GET"]}}],"collection":[{"href":"https:\/\/monde25.info\/index.php\/wp-json\/wp\/v2\/posts"}],"about":[{"href":"https:\/\/monde25.info\/index.php\/wp-json\/wp\/v2\/types\/post"}],"author":[{"embeddable":true,"href":"https:\/\/monde25.info\/index.php\/wp-json\/wp\/v2\/users\/1"}],"replies":[{"embeddable":true,"href":"https:\/\/monde25.info\/index.php\/wp-json\/wp\/v2\/comments?post=2101"}],"version-history":[{"count":0,"href":"https:\/\/monde25.info\/index.php\/wp-json\/wp\/v2\/posts\/2101\/revisions"}],"wp:featuredmedia":[{"embeddable":true,"href":"https:\/\/monde25.info\/index.php\/wp-json\/wp\/v2\/media\/2102"}],"wp:attachment":[{"href":"https:\/\/monde25.info\/index.php\/wp-json\/wp\/v2\/media?parent=2101"}],"wp:term":[{"taxonomy":"category","embeddable":true,"href":"https:\/\/monde25.info\/index.php\/wp-json\/wp\/v2\/categories?post=2101"},{"taxonomy":"post_tag","embeddable":true,"href":"https:\/\/monde25.info\/index.php\/wp-json\/wp\/v2\/tags?post=2101"}],"curies":[{"name":"wp","href":"https:\/\/api.w.org\/{rel}","templated":true}]}}