{"id":2113,"date":"2024-12-13T14:06:28","date_gmt":"2024-12-13T13:06:28","guid":{"rendered":"https:\/\/monde25.info\/index.php\/2024\/12\/13\/nunez-le-tribunal-administratif-recadre-la-prefecture-de-paris\/"},"modified":"2024-12-13T14:06:28","modified_gmt":"2024-12-13T13:06:28","slug":"nunez-le-tribunal-administratif-recadre-la-prefecture-de-paris","status":"publish","type":"post","link":"https:\/\/monde25.info\/index.php\/2024\/12\/13\/nunez-le-tribunal-administratif-recadre-la-prefecture-de-paris\/","title":{"rendered":"Nunez : le Tribunal administratif recadre la pr\u00e9fecture de Paris !"},"content":{"rendered":"<p> <br \/>\n<\/p>\n<div>\n<div class=\"intro-text\">\n<p><span class=\"dropcap \" style=\"background-color: #ffffff; color: #000000; border-color: #ffffff;\"><strong>V<\/strong><\/span>oici encore une fois la d\u00e9monstration que le pr\u00e9fet de police, Laurent Nunez, ne respecte pas l\u2019\u00e9tat de droits et m\u00e9prise la loi. Le Tribunal administratif de Paris a d\u00e9clar\u00e9 tous les arr\u00eat\u00e9s d\u2019interdiction des manifestations spontan\u00e9es contre la r\u00e9forme des retraites comme ill\u00e9gaux ! Non seulement ces arr\u00eat\u00e9s \u00e9taient ill\u00e9gaux mais ont rendu \u00e9galement ill\u00e9gales les GAV des manifestants qui portaient des \u00e9quipements de type lunettes de piscine, s\u00e9rum physiologique pour se laver les yeux\u2026<\/p>\n<p>C\u2019est extr\u00eamement grave car \u00e7a d\u00e9montre encore une fois que ce comportement antir\u00e9publicain et hors-la-loi est constant depuis l\u2019arriv\u00e9e de macron au pouvoir. C\u2019est la preuve qu\u2019ils sont en panique face \u00e0 la nation qui ne veut pas de leurs lois et de leurs r\u00e9formes injustes, la r\u00e9pression est donc leur seule arme.<\/p>\n<\/div>\n<hr\/>\n<hr\/>\n<blockquote>\n<p><strong>Saisi par la CGT, Solidaires, la Ligue des Droits de l\u2019Homme (LDH), le Syndicat des Avocats de France (SAF) et le Syndicat de la Magistrature (SM), le tribunal administratif de Paris a, le 29 novembre dernier, d\u00e9clar\u00e9 ill\u00e9gaux les diff\u00e9rents arr\u00eat\u00e9s d\u2019interdiction des manifestations spontan\u00e9es\u00a0<a target=\"_blank\" href=\"https:\/\/www.blast-info.fr\/emissions\/2023\/retraites-letat-veut-a-nouveau-terroriser-les-manifestants-cWNg7yKfR-SSZBvd4TVPjA\" target=\"_blank\" rel=\"noopener noreferrer nofollow\">contre la r\u00e9forme des retraites au printemps 2023,<\/a>\u00a0tous pris par le pr\u00e9fet de police de la capitale.\u00a0<\/strong><\/p>\n<p>Le tribunal consid\u00e8re qu\u2019ils portent atteinte \u00e0 la \u00ab\u00a0libert\u00e9 de r\u00e9union pacifique\u00a0\u00bb prot\u00e9g\u00e9e par l\u2019article 12 de la Convention Europ\u00e9enne des Droits de l\u2019Homme (CEDH).<\/p>\n<p>Cons\u00e9quence directe de cette d\u00e9cision, les nombreuses arrestations intervenus sur la base de ces interdictions pour \u00ab groupement en vue de commettre des violences ou des d\u00e9gradations \u00bb deviennent par l\u00e0 m\u00eame ill\u00e9gales. Une claque pour le pr\u00e9fet de police de Paris Laurent Nunez, suivi d\u2019un autre camouflet.<\/p>\n<p>Le tribunal a \u00e9galement estim\u00e9 ill\u00e9gaux les arr\u00eat\u00e9s interdisant le port d\u2019\u00e9quipements d\u00e9fensifs (lunettes de piscine, bouchons anti bruit, s\u00e9rum physiologique)<a target=\"_blank\" href=\"https:\/\/www.blast-info.fr\/emissions\/2023\/kit-du-manifestant-quels-sont-vos-droits-face-a-la-repression-Jx0DMchgR3-olNzWXGcozg\" target=\"_blank\" rel=\"noopener noreferrer nofollow\">\u00a0qui ont valu tant de garde-\u00e0-vue aux manifestants.\u00a0<\/a>Les juges consid\u00e8rent l\u00e9gitime le port de tels \u00e9quipements pour exercer la libert\u00e9 de r\u00e9union pacifique.<\/p>\n<p>Des d\u00e9cisions utiles en vue des prochaines manifestations\u2026<\/p>\n<\/blockquote><\/div>\n<p><br \/>\n<br \/><a href=\"https:\/\/www.lelibrepenseur.org\/nunez-le-tribunal-administratif-recadre-la-prefecture-de-paris\/\" target=\"_blank\"\">Source link <\/a><\/p>\n","protected":false},"excerpt":{"rendered":"<p>Voici encore une fois la d\u00e9monstration que le pr\u00e9fet de police, Laurent Nunez, ne respecte pas l\u2019\u00e9tat de droits et m\u00e9prise la loi. Le Tribunal administratif de Paris a d\u00e9clar\u00e9&hellip; <\/p>\n","protected":false},"author":1,"featured_media":2114,"comment_status":"open","ping_status":"open","sticky":false,"template":"","format":"standard","meta":{"footnotes":""},"categories":[1],"tags":[],"class_list":["post-2113","post","type-post","status-publish","format-standard","has-post-thumbnail","hentry","category-non-classe"],"_links":{"self":[{"href":"https:\/\/monde25.info\/index.php\/wp-json\/wp\/v2\/posts\/2113","targetHints":{"allow":["GET"]}}],"collection":[{"href":"https:\/\/monde25.info\/index.php\/wp-json\/wp\/v2\/posts"}],"about":[{"href":"https:\/\/monde25.info\/index.php\/wp-json\/wp\/v2\/types\/post"}],"author":[{"embeddable":true,"href":"https:\/\/monde25.info\/index.php\/wp-json\/wp\/v2\/users\/1"}],"replies":[{"embeddable":true,"href":"https:\/\/monde25.info\/index.php\/wp-json\/wp\/v2\/comments?post=2113"}],"version-history":[{"count":0,"href":"https:\/\/monde25.info\/index.php\/wp-json\/wp\/v2\/posts\/2113\/revisions"}],"wp:featuredmedia":[{"embeddable":true,"href":"https:\/\/monde25.info\/index.php\/wp-json\/wp\/v2\/media\/2114"}],"wp:attachment":[{"href":"https:\/\/monde25.info\/index.php\/wp-json\/wp\/v2\/media?parent=2113"}],"wp:term":[{"taxonomy":"category","embeddable":true,"href":"https:\/\/monde25.info\/index.php\/wp-json\/wp\/v2\/categories?post=2113"},{"taxonomy":"post_tag","embeddable":true,"href":"https:\/\/monde25.info\/index.php\/wp-json\/wp\/v2\/tags?post=2113"}],"curies":[{"name":"wp","href":"https:\/\/api.w.org\/{rel}","templated":true}]}}