{"id":2117,"date":"2024-12-13T16:18:46","date_gmt":"2024-12-13T15:18:46","guid":{"rendered":"https:\/\/monde25.info\/index.php\/2024\/12\/13\/en-georgie-et-en-moldavie-le-reve-europeen-divise-par-david-teurtrie-le-monde-diplomatique-decembre-2024\/"},"modified":"2024-12-13T16:18:46","modified_gmt":"2024-12-13T15:18:46","slug":"en-georgie-et-en-moldavie-le-reve-europeen-divise-par-david-teurtrie-le-monde-diplomatique-decembre-2024","status":"publish","type":"post","link":"https:\/\/monde25.info\/index.php\/2024\/12\/13\/en-georgie-et-en-moldavie-le-reve-europeen-divise-par-david-teurtrie-le-monde-diplomatique-decembre-2024\/","title":{"rendered":"En G\u00e9orgie et en Moldavie, le r\u00eave europ\u00e9en divise, par David Teurtrie (Le Monde diplomatique, d\u00e9cembre 2024)"},"content":{"rendered":"<p> <br \/>\n<\/p>\n<div>\n<p class=\"crayon article-surtitre-67825 surtitre\">Deux ex-r\u00e9publiques sovi\u00e9tiques tiraill\u00e9es entre Bruxelles et Moscou<\/p>\n<div class=\"crayon article-chapo-67825 chapo\">\n<p>Sur fond de guerre chez leur voisin ukrainien, la G\u00e9orgie et la Moldavie sont sorties fin octobre d\u2019un cycle \u00e9lectoral sous haute tension. Le conflit aurait d\u00fb conduire les populations de ces anciennes r\u00e9publiques sovi\u00e9tiques, partiellement occup\u00e9es par des troupes russes, \u00e0 se tourner massivement vers les forces politiques les plus hostiles \u00e0 Moscou. Ce ne fut pas le cas. Comment expliquer ce paradoxe<small class=\"fine\">\u00a0<\/small>?<\/p>\n<\/div><\/div>\n<div couleurfade=\"f4f1e5\" couleurclaire=\"f0ebda\" couleurpale=\"eedfa9\" couleurmi=\"917e3a\" couleurfoncee=\"846c14\" couleursombre=\"241f0e\" couleurfond=\"6a644c\" couleurtexte=\"ffffff\">\n<div class=\"enapercu\">\n<figure class=\"spip_document_33817 spip_documents spip_documents_center xl\" style=\"width:890px;\">\n<div class=\"limage\">\n<p>\t\t\t<img loading=\"lazy\" decoding=\"async\" src=\"https:\/\/www.monde-diplomatique.fr\/\/local\/cache-vignettes\/L890xH591\/img006-55-4f420.jpg?1732807335\" width=\"890\" height=\"591\" class=\"spip_logos\" alt=\"JPEG - 62.9\u00a0ko\"\/><\/p><\/div><figcaption>\n<p>Tetiana Kalivoshko. \u2013 \u00ab<small class=\"fine\">\u00a0<\/small>Red for Love 5<small class=\"fine\">\u00a0<\/small>\u00bb (Rouge de l\u2019amour 5), 2020<\/p>\n<p>\u00a9 Tetiana Kalivoshko &#8211; tetianakalivoshko.com\n<\/p>\n<\/figcaption><\/figure>\n<p><span class=\"mot-lettrine\"><span class=\"lettrine\">E<\/span>n<\/span> octobre dernier, pour la premi\u00e8re fois depuis que Bruxelles a accord\u00e9 \u00e0 leurs pays le statut de candidats officiels \u00e0 l\u2019entr\u00e9e dans l\u2019Union europ\u00e9enne, Moldaves et Georgiens \u00e9taient appel\u00e9s \u00e0 voter lors d\u2019\u00e9lections nationales. Dans les capitales occidentales, on attendait un raz de mar\u00e9e en faveur des forces politiques proeurop\u00e9ennes d\u00e8s lors que l\u2019invasion du territoire ukrainien aurait valu \u00e0 la Russie de s\u2019ali\u00e9ner les opinions publiques de ces deux ex-r\u00e9publiques sovi\u00e9tiques. Pourtant, selon les r\u00e9sultats officiels des derni\u00e8res l\u00e9gislatives, 53<small class=\"fine\">\u00a0<\/small>% des G\u00e9orgiens ont apport\u00e9 leur soutien au parti au pouvoir, qualifi\u00e9 de \u00ab<small class=\"fine\">\u00a0<\/small>prorusse<small class=\"fine\">\u00a0<\/small>\u00bb par ses adversaires. En Moldavie, la candidate sortante proeurop\u00e9enne Maia Sandu a obtenu plus de 54<small class=\"fine\">\u00a0<\/small>% des voix au second tour de la pr\u00e9sidentielle, mais le \u00ab<small class=\"fine\">\u00a0<\/small>oui<small class=\"fine\">\u00a0<\/small>\u00bb au r\u00e9f\u00e9rendum sur la constitutionnalisation de l\u2019int\u00e9gration europ\u00e9enne l\u2019a emport\u00e9 de justesse, avec 50,5<small class=\"fine\">\u00a0<\/small>% des suffrages. Les soutiens de la cheffe de l\u2019\u00c9tat, relay\u00e9s par les chancelleries et les m\u00e9dias occidentaux, ont attribu\u00e9 ces r\u00e9sultats mitig\u00e9s aux ing\u00e9rences russes. Mais, si Moscou tente bien de peser sur ce qui se joue chez ses voisins, les Europ\u00e9ens auraient tort de se contenter de cette seule explication.<\/p>\n<p>La G\u00e9orgie (3,9\u00a0millions d\u2019habitants) et la Moldavie (2,6\u00a0millions) ont de nombreux points communs\u00a0: ex-r\u00e9publiques sovi\u00e9tiques de petite taille, aux prises avec le s\u00e9paratisme prorusse, elles connaissent par ailleurs une forte \u00e9migration vers la Russie et l\u2019Europe de l\u2019Ouest. Longtemps aux marges de l\u2019int\u00e9gration europ\u00e9enne, l\u2019une et l\u2019autre ont sign\u00e9 des accords d\u2019association avec l\u2019Union, entr\u00e9s en vigueur en 2016, dans le cadre du partenariat oriental.<\/p>\n<p>Les deux pays sont aussi marqu\u00e9s par des diff\u00e9rences importantes. La corruption end\u00e9mique en Moldavie a donn\u00e9 lieu \u00e0 plusieurs scandales politico-financiers. En 2015, trois banques ont d\u00e9tourn\u00e9 1\u00a0milliard de dollars, soit 15<small class=\"fine\">\u00a0<\/small>% du produit int\u00e9rieur brut (PIB), avec la complicit\u00e9 d\u2019une partie de la classe politique. Depuis quelques mois, une\u00a0(&#8230;)<\/p>\n<\/p><\/div>\n<p>Taille de l\u2019article complet\u00a0:\u00a0<span>2\u00a0384<\/span>\u00a0mots.<\/p>\n<div class=\"promo_dispo_article\">\n<h2 class=\"avantbloc\">\n\tCet article est r\u00e9serv\u00e9 aux\u00a0abonn\u00e9s<\/p>\n<\/h2>\n<div class=\"abo_inst\">\n\t<strong>Lyc\u00e9es, biblioth\u00e8ques, administrations, entreprises,<\/strong><br \/>\n\tacc\u00e9dez \u00e0 la base de donn\u00e9es en ligne de tous les articles du <i>Monde diplomatique<\/i> de 1954 \u00e0 nos\u00a0jours.<br \/>\n\t<a target=\"_blank\" id=\"pw-institutions\" class=\"suivi\" href=\"https:\/\/www.monde-diplomatique.fr\/archives\/institutions\">Retrouvez cette\u00a0offre sp\u00e9cifique<\/a>.\n<\/div>\n<\/div><\/div>\n<div>\n<p class=\"nom\">David Teurtrie<\/p>\n<p>\n\t\t\t\t\tMa\u00eetre de conf\u00e9rences \u00e0 l\u2019Institut catholique d\u2019\u00e9tudes sup\u00e9rieures (ICES), directeur de l\u2019Observatoire fran\u00e7ais des Brics et auteur de <i>Russie. Le retour de la puissance,<\/i> Dunod, Malakoff, 2024.<\/p>\n<\/p><\/div>\n<p><br \/>\n<br \/><a href=\"https:\/\/www.monde-diplomatique.fr\/2024\/12\/TEURTRIE\/67825\" target=\"_blank\"\">Source link <\/a><\/p>\n","protected":false},"excerpt":{"rendered":"<p>Deux ex-r\u00e9publiques sovi\u00e9tiques tiraill\u00e9es entre Bruxelles et Moscou Sur fond de guerre chez leur voisin ukrainien, la G\u00e9orgie et la Moldavie sont sorties fin octobre d\u2019un cycle \u00e9lectoral sous haute&hellip; <\/p>\n","protected":false},"author":1,"featured_media":2118,"comment_status":"open","ping_status":"open","sticky":false,"template":"","format":"standard","meta":{"footnotes":""},"categories":[1],"tags":[],"class_list":["post-2117","post","type-post","status-publish","format-standard","has-post-thumbnail","hentry","category-non-classe"],"_links":{"self":[{"href":"https:\/\/monde25.info\/index.php\/wp-json\/wp\/v2\/posts\/2117","targetHints":{"allow":["GET"]}}],"collection":[{"href":"https:\/\/monde25.info\/index.php\/wp-json\/wp\/v2\/posts"}],"about":[{"href":"https:\/\/monde25.info\/index.php\/wp-json\/wp\/v2\/types\/post"}],"author":[{"embeddable":true,"href":"https:\/\/monde25.info\/index.php\/wp-json\/wp\/v2\/users\/1"}],"replies":[{"embeddable":true,"href":"https:\/\/monde25.info\/index.php\/wp-json\/wp\/v2\/comments?post=2117"}],"version-history":[{"count":0,"href":"https:\/\/monde25.info\/index.php\/wp-json\/wp\/v2\/posts\/2117\/revisions"}],"wp:featuredmedia":[{"embeddable":true,"href":"https:\/\/monde25.info\/index.php\/wp-json\/wp\/v2\/media\/2118"}],"wp:attachment":[{"href":"https:\/\/monde25.info\/index.php\/wp-json\/wp\/v2\/media?parent=2117"}],"wp:term":[{"taxonomy":"category","embeddable":true,"href":"https:\/\/monde25.info\/index.php\/wp-json\/wp\/v2\/categories?post=2117"},{"taxonomy":"post_tag","embeddable":true,"href":"https:\/\/monde25.info\/index.php\/wp-json\/wp\/v2\/tags?post=2117"}],"curies":[{"name":"wp","href":"https:\/\/api.w.org\/{rel}","templated":true}]}}