{"id":2119,"date":"2024-12-13T16:51:43","date_gmt":"2024-12-13T15:51:43","guid":{"rendered":"https:\/\/monde25.info\/index.php\/2024\/12\/13\/le-festival-tomorrowland-winter-est-il-legal\/"},"modified":"2024-12-13T16:51:43","modified_gmt":"2024-12-13T15:51:43","slug":"le-festival-tomorrowland-winter-est-il-legal","status":"publish","type":"post","link":"https:\/\/monde25.info\/index.php\/2024\/12\/13\/le-festival-tomorrowland-winter-est-il-legal\/","title":{"rendered":"le festival Tomorrowland Winter est-il l\u00e9gal\u00a0?"},"content":{"rendered":"<p> <br \/>\n<\/p>\n<div>\n<p>    <span class=\"date\">13 d\u00e9cembre 2024  \u00e0 16h00<\/span><\/p>\n<p class=\"duree_lecture\">\n        Dur\u00e9e de lecture : 4 minutes\n      <\/p>\n<\/p><\/div>\n<div>\n<p>Dans la p\u00e9nombre, la place semble d\u00e9serte. Autour, un ballet incessant de voitures d\u00e9file avec des automobilistes press\u00e9s de rentrer chez eux en ce d\u00e9but de soir\u00e9e, jeudi 12\u00a0d\u00e9cembre. Soudain, des lumi\u00e8res se mettent \u00e0 clignoter et un petit groupe muni de lampes frontales et de guirlandes appara\u00eet au loin. Une vingtaine de membres du collectif Stop Tomorrowland Alpe d\u2019Huez s\u2019est donn\u00e9 rendez-vous devant la pr\u00e9fecture de l\u2019Is\u00e8re, \u00e0 Grenoble, pour manifester <a target=\"_blank\" href=\"https:\/\/agir.greenvoice.fr\/petitions\/stop-tomorrowland-alpe-d-huez\" class=\"spip_out\" rel=\"external\">leur opposition<\/a> au <a target=\"_blank\" href=\"https:\/\/reporterre.net\/A-l-Alpe-d-Huez-un-festival-transforme-la-montagne-en-Disneyland\">festival Tomorrowland Winter<\/a>.<\/p>\n<p>Le festival de musique \u00e9lectronique se tient dans la station de l\u2019Alpe d\u2019Huez du 15  au 22\u00a0mars prochain pour sa 5<sup class=\"typo_exposants\">e<\/sup> \u00e9dition\u00a0: <a target=\"_blank\" href=\"https:\/\/reporterre.net\/A-Tomorrowland-Winter-les-riches-clubbeurs-en-plein-deni-climatique\">22\u00a0000 riches f\u00eatards du monde entier<\/a> sont attendus pour danser devant les <span class=\"caps\">DJ<\/span> les plus c\u00e9l\u00e8bres de la plan\u00e8te, face aux sommets enneig\u00e9s. L\u2019\u00e9v\u00e9nement g\u00e9n\u00e8re un <i>\u00ab<small class=\"fine d-inline\">\u00a0<\/small>bilan carbone outrancier<small class=\"fine d-inline\">\u00a0<\/small>\u00bb<\/i> \u2014 au moins 6\u00a0000\u00a0tonnes d\u2019\u00e9quivalent <span class=\"caps\">CO<\/span><sub>2<\/sub> en raison des d\u00e9placements en avion, selon <a target=\"_blank\" href=\"https:\/\/extinctionrebellion.fr\/blog\/2023\/03\/22\/2023-dernier-tomorrowland-a-lalpe-dhuez-tribune.html\" class=\"spip_out\" rel=\"external\">un calcul<\/a> effectu\u00e9 par le mouvement Extinction Rebellion \u2014 et une pollution sonore et lumineuse importante. <i>\u00ab<small class=\"fine d-inline\">\u00a0<\/small>[Il] transforme la montagne en Disneyland<small class=\"fine d-inline\">\u00a0<\/small>\u00bb<\/i>, d\u00e9nonce le collectif.<\/p>\n<p>Sur les pancartes des participants, sont visibles les messages <i>\u00ab<small class=\"fine d-inline\">\u00a0<\/small>Winter is not coming<small class=\"fine d-inline\">\u00a0<\/small>\u00bb<\/i> (<i>\u00ab<small class=\"fine d-inline\">\u00a0<\/small>L\u2019hiver n\u2019arrive pas<small class=\"fine d-inline\">\u00a0<\/small>\u00bb<\/i>), <i>\u00ab<small class=\"fine d-inline\">\u00a0<\/small>Tes d\u00e9cibels d\u00e9ciment les belles cimes<small class=\"fine d-inline\">\u00a0<\/small>\u00bb<\/i> ou encore <i>\u00ab<small class=\"fine d-inline\">\u00a0<\/small>This is yesterday land<small class=\"fine d-inline\">\u00a0<\/small>\u00bb<\/i> (<i>\u00ab<small class=\"fine d-inline\">\u00a0<\/small>C\u2019est la terre d\u2019hier<small class=\"fine d-inline\">\u00a0<\/small>\u00bb<\/i>). Au son des tambours, l\u2019ambiance est festive et joyeuse.<\/p>\n<h2 class=\"spip\">\u00ab<small class=\"fine d-inline\">\u00a0<\/small>Aucun appel d\u2019offres<small class=\"fine d-inline\">\u00a0<\/small>\u00bb<\/h2>\n<p>Leur objectif\u00a0: que le bruit atteigne la pr\u00e9f\u00e8te. Depuis mars, <i>\u00ab<small class=\"fine d-inline\">\u00a0<\/small>nous avons adress\u00e9 plusieurs courriers \u00e0 la pr\u00e9fecture \u00e0 propos de la l\u00e9galit\u00e9 de l\u2019\u00e9v\u00e9nement et du non-respect de la l\u00e9gislation sur les nuisances sonores avec les associations <span class=\"caps\">FNE<\/span> Is\u00e8re, Mountain Wilderness et Actionnaires pour le climat<small class=\"fine d-inline\">\u00a0<\/small>\u00bb<\/i>, dit une jeune femme au micro.<\/p>\n<p>Le collectif a de s\u00e9rieux doutes sur la convention pass\u00e9e en novembre 2023 entre la soci\u00e9t\u00e9 Tomorrowland, l\u2019Alpe d\u2019Huez et la Soci\u00e9t\u00e9 d\u2019am\u00e9nagement touristique Alpe d\u2019Huez (Sata) qui vise \u00e0 p\u00e9renniser le festival jusqu\u2019en 2030. <i>\u00ab<small class=\"fine d-inline\">\u00a0<\/small>Le contrat ne semble pas respecter les codes des march\u00e9s publics<\/i>, explique Pierre Janot, \u00e9lu (Les \u00c9cologistes) au conseil r\u00e9gional de Rh\u00f4ne-Alpes et pr\u00e9sent au rassemblement. <i>Il n\u2019a fait l\u2019objet d\u2019aucun appel d\u2019offres par la mairie et donc contrevient aux r\u00e8gles de la concurrence.<small class=\"fine d-inline\">\u00a0<\/small>\u00bb<\/i><\/p>\n<div class=\"spip_document_87158 spip_document spip_documents spip_document_image spip_documents_center spip_document_center spip_document_avec_legende\" data-legende-len=\"152\" data-legende-lenx=\"xxx\">\n<figure class=\"spip_doc_inner\">\n      <picture><source type=\"image\/webp\" srcset=\"https:\/\/reporterre.net\/local\/cache-vignettes\/L1050xH700\/dsc_0081_2_-8163e.jpg@.webp?1734096271\"><img decoding=\"async\" src=\"https:\/\/reporterre.net\/IMG\/jpg\/dsc_0081_2_.jpg\" width=\"1200\" height=\"800\" loading=\"lazy\" alt=\"\"\/><br \/>\n    <\/source><\/picture><figcaption class=\"spip_doc_legende\">\n<p>Des membres du collectif Stop Tomorrowland Alpe d\u2019Huez devant la pr\u00e9fecture de l\u2019Is\u00e8re, le 12\u00a0d\u00e9cembre 2024.<br \/>\n<i>\u00a9 Collectif Stop Tomorrowland Alpe d\u2019Huez<br \/>\n<\/i><\/p>\n<\/figcaption><\/figure>\n<\/p><\/div>\n<p>Le collectif s\u2019appuie aussi sur <a target=\"_blank\" href=\"https:\/\/www.ccomptes.fr\/sites\/default\/files\/2023-10\/ARA202222.pdf\" class=\"spip_out\" rel=\"external\">un rapport<\/a> de la Cour r\u00e9gionale des comptes de 2021 sur le contrat d\u2019origine conclu entre les trois parties. La Cour indiquait qu\u2019<i>\u00ab<small class=\"fine d-inline\">\u00a0<\/small>en d\u00e9pit de son audience internationale, le festival Tomorrowland Winter ne pr\u00e9sente pas de caract\u00e8re exclusif qui justifierait son exclusion du code des march\u00e9s publics<small class=\"fine d-inline\">\u00a0<\/small>\u00bb<\/i>, notant des <i>\u00ab<small class=\"fine d-inline\">\u00a0<\/small>clauses abusives<small class=\"fine d-inline\">\u00a0<\/small>\u00bb<\/i>. En outre, <i>\u00ab<small class=\"fine d-inline\">\u00a0<\/small>en s\u2019excluant des r\u00e8gles des march\u00e9s publics, la commune s\u2019est \u00e9mancip\u00e9 des clauses environnementales qui auraient d\u00fb figurer dans son cahier des charges<small class=\"fine d-inline\">\u00a0<\/small>\u00bb<\/i>, pr\u00e9cise Pierre Janot.<\/p>\n<p>\u00c0 la d\u00e9couverte de ces \u00e9l\u00e9ments, les opposants au festival ont demand\u00e9 au pr\u00e9fet puis \u00e0 sa successeure de saisir le tribunal administratif afin de contr\u00f4ler la l\u00e9galit\u00e9 du contrat. Des demandes rest\u00e9es sans r\u00e9ponse. <i>\u00ab<small class=\"fine d-inline\">\u00a0<\/small>La pr\u00e9fecture est dans le d\u00e9ni le plus total. Si ce m\u00e9pris se poursuit, on n\u2019h\u00e9sitera pas \u00e0 porter plainte au p\u00e9nal<small class=\"fine d-inline\">\u00a0<\/small>\u00bb<\/i>, pr\u00e9vient S\u00e9bastien, membre du collectif.<\/p>\n<h2 class=\"spip\">\u00ab<small class=\"fine d-inline\">\u00a0<\/small>Atteinte \u00e0 la tranquillit\u00e9 du voisinage<small class=\"fine d-inline\">\u00a0<\/small>\u00bb<\/h2>\n<p>Apr\u00e8s une br\u00e8ve prise de parole, la joyeuse troupe \u00e9quip\u00e9e d\u2019une banderole <i>\u00ab<small class=\"fine d-inline\">\u00a0<\/small>Stop Tomorrowland<small class=\"fine d-inline\">\u00a0<\/small>\u00bb<\/i> traverse la rue pour se rapprocher de la pr\u00e9fecture. Les musiques et chants s\u2019encha\u00eenent juste devant les policiers post\u00e9s, impassibles.<\/p>\n<p>La seconde demande des opposants au festival est d\u2019avoir acc\u00e8s \u00e0 l\u2019\u00e9tude d\u2019impact sur les nuisances sonores. <i>\u00ab<small class=\"fine d-inline\">\u00a0<\/small>Elle est obligatoire pour ce genre d\u2019\u00e9v\u00e9nement<small class=\"fine d-inline\">\u00a0<\/small>\u00bb<\/i>, poursuit S\u00e9bastien. Entre-temps, le collectif a eu connaissance d\u2019un rapport de l\u2019Agence r\u00e9gionale de sant\u00e9 (<span class=\"caps\">ARS<\/span>) sur des mesures de bruit effectu\u00e9es en mars 2023 \u00e0 la demande d\u2019un riverain. Le document conclut que <i>\u00ab<small class=\"fine d-inline\">\u00a0<\/small>l\u2019atteinte \u00e0 la tranquillit\u00e9 du voisinage est \u00e9tablie<small class=\"fine d-inline\">\u00a0<\/small>\u00bb<\/i>. L\u00e0 encore, la pr\u00e9fecture n\u2019a pas r\u00e9agi.<\/p>\n<p>Les effets du bruit sur la faune irritent particuli\u00e8rement Katia<span class=\"spip_note_ref\">\u00a0[<a target=\"_blank\" href=\"#nb_2A\" class=\"spip_note\" rel=\"appendix\" title=\"Le pr\u00e9nom a \u00e9t\u00e9 modifi\u00e9 \u00e0 sa demande.\" id=\"nh_2A\">*<\/a>]<\/span>. <i>\u00ab<small class=\"fine d-inline\">\u00a0<\/small>La montagne est l\u2019un des derniers endroits o\u00f9 l\u2019on peut profiter du silence, l\u00e0 \u00e7a vient perturber toutes les esp\u00e8ces<\/i>, s\u2019insurge la naturaliste. <i>Par exemple, le lagop\u00e8de, un oiseau qui existe depuis l\u2019\u00e8re glaciaire, est actif \u00e0 cette p\u00e9riode-l\u00e0. <a target=\"_blank\" href=\"https:\/\/reporterre.net\/Dans-les-Alpes-les-lagopedes-reprennent-l-espace-laisse-libre-par-les-skieurs\">Il est d\u00e9j\u00e0 menac\u00e9 par le r\u00e9chauffement climatique<\/a>, le manque de neige l\u2019emp\u00eache de se camoufler avec son plumage blanc.<small class=\"fine d-inline\">\u00a0<\/small>\u00bb <\/i><\/p>\n<p>Apr\u00e8s une quinzaine de minutes, les tambours laissent place \u00e0 de la musique \u00e9lectronique. Tous les participants dansent, toujours face aux policiers. <i>\u00ab<small class=\"fine d-inline\">\u00a0<\/small>Vous voyez<\/i>, lance Katia, <i>on n\u2019est pas contre la techno, mais pas n\u2019importe o\u00f9 ni n\u2019importe comment<small class=\"fine d-inline\">\u00a0<\/small>!<small class=\"fine d-inline\">\u00a0<\/small>\u00bb<\/i><\/p>\n<aside class=\"boite_encarts\">\n<div class=\"encart encart_gris noprint\">\n<p><strong>Il est de retour.<\/strong><\/p>\n<p>Dans quelques semaines, Donald Trump se r\u00e9-installera \u00e0 la Maison Blanche.<\/p>\n<p>Un milliardaire, pour qui le r\u00e9chauffement climatique est \u00ab<small class=\"fine d-inline\">\u00a0<\/small>un canular<small class=\"fine d-inline\">\u00a0<\/small>\u00bb, sera \u00e0 la t\u00eate de la plus grande puissance mondiale.<\/p>\n<p>Dans une d\u00e9cennie cruciale pour l\u2019\u00e9cologie, nous ne pouvons pas nous permettre de perdre plus de temps.<\/p>\n<p>La soci\u00e9t\u00e9 civile doit continuer de se soulever, de se mobiliser et de faire pression sur les puissants.<\/p>\n<p>Mais pour agir, il faut savoir.<\/p>\n<p><strong>Depuis 11 ans, nous publions des articles de qualit\u00e9 sur l\u2019\u00e9cologie, en acc\u00e8s libre et sans publicit\u00e9, pour tous.<\/strong><\/p>\n<p>Nous avons la conviction que l\u2019urgence \u00e9cologique est l\u2019enjeu majeur de notre \u00e9poque.<br class=\"autobr\"\/><br \/>\n Et comme plus de 2 millions de lectrices et lecteurs chaque mois, vous partagez sans doute cette conviction&#8230;<\/p>\n<p>Alors si vous en avez les moyens, sachez qu\u2019un don, m\u00eame d\u20191\u20ac, est un acte de soutien fort pour l\u2019\u00e9cologie et le journalisme ind\u00e9pendant.<br class=\"autobr\"\/><br \/>\n (Et \u00e7a vous prendra moins de temps que la lecture de ce texte).<\/p>\n<p><strong>Si vous le pouvez, choisissez un soutien mensuel. Merci.<\/strong><\/p>\n<p><a target=\"_blank\" href=\"https:\/\/reporterre.net\/dons\" class=\"bt_soutenir\">Je soutiens <i>Reporterre<\/i><\/a><\/p>\n<\/p><\/div>\n<div class=\"encart encart_vert noprint montre_1023\">\n<div class=\"infolettre-form-container noprint\">\n<p>Abonnez-vous \u00e0 la lettre d\u2019info de Reporterre<\/p>\n<\/div><\/div>\n<\/aside>\n<aside class=\"boite_apresarticle encart_note\">\n<h4>Apr\u00e8s cet article<\/h4>\n<p>      <a target=\"_blank\" href=\"https:\/\/reporterre.net\/A-Tomorrowland-Winter-les-riches-clubbeurs-en-plein-deni-climatique\" class=\"lien_article\">\n      <picture class=\"vignette_gauche\"><source type=\"image\/webp\" srcset=\"https:\/\/reporterre.net\/local\/cache-gd2\/3e\/6c3b174b18dd301307fc231372f39c.jpg@.webp?1730147296\"><img decoding=\"async\" src=\"https:\/\/reporterre.net\/local\/cache-gd2\/3e\/6c3b174b18dd301307fc231372f39c.jpg?1730147296\" width=\"450\" height=\"300\" alt=\"\" class=\"marge12\" loading=\"lazy\"\/><br \/>\n<\/source><\/picture>\n<p class=\"libelle\">\n<p>          Reportage \u2014<\/p>\n<p>      Montagne\n    <\/p>\n<p class=\"titre pol20\">\u00c0 Tomorrowland Winter, les riches clubbeurs en plein d\u00e9ni climatique<\/p>\n<p>      <\/a><br \/>\n    <\/aside>\n<aside class=\"boite_complement texte\">\n<div class=\"encart_note\">\n<h4>Notes<\/h4>\n<div id=\"nb_2A\">\n<p><span class=\"spip_note_ref\">[<a target=\"_blank\" href=\"#nh_2A\" class=\"spip_note\" title=\"Notes _2A\" rev=\"appendix\">*<\/a>]\u00a0<\/span>Le pr\u00e9nom a \u00e9t\u00e9 modifi\u00e9 \u00e0 sa demande.<\/p>\n<\/div><\/div>\n<p>      <!-- zone_forum --><br \/>\n          <\/aside>\n<aside class=\"boite_lireaussi noprint\">\n<\/aside>\n<aside class=\"colonne\">\n<div class=\"article_info cache_1023 noprint\">\n<p>    <span class=\"date\">13 d\u00e9cembre 2024  \u00e0 16h00<\/span><\/p>\n<p class=\"duree_lecture\">\n        Dur\u00e9e de lecture : 4 minutes\n      <\/p>\n<\/p><\/div>\n<div class=\"bloc_infolettre\">\n<div class=\"infolettre-form-container noprint\">\n<p>Abonnez-vous \u00e0 la lettre d\u2019info de Reporterre<\/p>\n<\/div><\/div>\n<\/aside>\n<div id=\"galerie\">\n  <img decoding=\"async\" src=\"\" class=\"principale\" id=\"principale\"\/><\/p>\n<p id=\"legende\">legende<\/p>\n<\/div>\n<footer class=\"noprint\">\n<\/footer>\n<\/div>\n<p><br \/>\n<br \/><a href=\"https:\/\/reporterre.net\/22-000-personnes-en-pleine-montagne-le-festival-Tomorrowland-Winter-est-il-legal\" target=\"_blank\"\">Source link <\/a><\/p>\n","protected":false},"excerpt":{"rendered":"<p>13 d\u00e9cembre 2024 \u00e0 16h00 Dur\u00e9e de lecture : 4 minutes Dans la p\u00e9nombre, la place semble d\u00e9serte. Autour, un ballet incessant de voitures d\u00e9file avec des automobilistes press\u00e9s de&hellip; <\/p>\n","protected":false},"author":1,"featured_media":2120,"comment_status":"open","ping_status":"open","sticky":false,"template":"","format":"standard","meta":{"footnotes":""},"categories":[1],"tags":[],"class_list":["post-2119","post","type-post","status-publish","format-standard","has-post-thumbnail","hentry","category-non-classe"],"_links":{"self":[{"href":"https:\/\/monde25.info\/index.php\/wp-json\/wp\/v2\/posts\/2119","targetHints":{"allow":["GET"]}}],"collection":[{"href":"https:\/\/monde25.info\/index.php\/wp-json\/wp\/v2\/posts"}],"about":[{"href":"https:\/\/monde25.info\/index.php\/wp-json\/wp\/v2\/types\/post"}],"author":[{"embeddable":true,"href":"https:\/\/monde25.info\/index.php\/wp-json\/wp\/v2\/users\/1"}],"replies":[{"embeddable":true,"href":"https:\/\/monde25.info\/index.php\/wp-json\/wp\/v2\/comments?post=2119"}],"version-history":[{"count":0,"href":"https:\/\/monde25.info\/index.php\/wp-json\/wp\/v2\/posts\/2119\/revisions"}],"wp:featuredmedia":[{"embeddable":true,"href":"https:\/\/monde25.info\/index.php\/wp-json\/wp\/v2\/media\/2120"}],"wp:attachment":[{"href":"https:\/\/monde25.info\/index.php\/wp-json\/wp\/v2\/media?parent=2119"}],"wp:term":[{"taxonomy":"category","embeddable":true,"href":"https:\/\/monde25.info\/index.php\/wp-json\/wp\/v2\/categories?post=2119"},{"taxonomy":"post_tag","embeddable":true,"href":"https:\/\/monde25.info\/index.php\/wp-json\/wp\/v2\/tags?post=2119"}],"curies":[{"name":"wp","href":"https:\/\/api.w.org\/{rel}","templated":true}]}}