{"id":2126,"date":"2024-12-13T19:04:22","date_gmt":"2024-12-13T18:04:22","guid":{"rendered":"https:\/\/monde25.info\/index.php\/2024\/12\/13\/le-niger-suspend-la-bbc-et-porte-plainte-contre-rfi-rt-en-francais\/"},"modified":"2024-12-13T19:04:22","modified_gmt":"2024-12-13T18:04:22","slug":"le-niger-suspend-la-bbc-et-porte-plainte-contre-rfi-rt-en-francais","status":"publish","type":"post","link":"https:\/\/monde25.info\/index.php\/2024\/12\/13\/le-niger-suspend-la-bbc-et-porte-plainte-contre-rfi-rt-en-francais\/","title":{"rendered":"Le Niger suspend la BBC et porte plainte contre RFI \u2014 RT en fran\u00e7ais"},"content":{"rendered":"<p> <br \/>\n<br \/><img decoding=\"async\" src=\"https:\/\/mf.b37mrtl.ru\/french\/images\/2024.12\/thumbnail\/675c6a336f7ccc05590359f6.jpg\" \/><\/p>\n<div>\n<p class=\"text__summary\">\n                                        Les autorit\u00e9s du Niger ont annonc\u00e9 la suspension de la radio britannique BBC, accus\u00e9e de diffuser de \u00abfausses informations\u00bb, ainsi que le d\u00e9p\u00f4t d&rsquo;une plainte contre la radio fran\u00e7aise RFI pour \u00abincitation au g\u00e9nocide et au massacre intercommunautaire\u00bb.\n                                    <\/p>\n<p>Au Niger, les autorit\u00e9s ont annonc\u00e9 le 12 d\u00e9cembre la suspension des programmes de la radio britannique BBC \u00abavec effet imm\u00e9diat et pour une dur\u00e9e de trois mois\u00bb, et ont d\u00e9cid\u00e9 de porter plainte contre la radio fran\u00e7aise RFI (Radio France Internationale), d\u00e9j\u00e0 suspendue dans le pays depuis juillet 2023. La premi\u00e8re est accus\u00e9e de diffuser de \u00abfausses informations\u00bb tandis que la deuxi\u00e8me sera poursuivie pour \u00abincitation au g\u00e9nocide et au massacre intercommunautaire\u00bb.<\/p>\n<p>\u00abLa BBC diffuse des informations erron\u00e9es tendant \u00e0 d\u00e9stabiliser la qui\u00e9tude sociale et \u00e0 saper le moral des troupes\u00bb, indique une d\u00e9claration du gouvernement diffus\u00e9e \u00e0 la t\u00e9l\u00e9vision publique RTN, alors qu\u2019un communiqu\u00e9 distinct publi\u00e9 par l\u2019agence de presse d\u2019\u00c9tat ANP stipule qu\u2019\u00abune vaste campagne de d\u00e9sinformation\u00bb\u00a0aurait \u00e9t\u00e9\u00a0\u00aborchestr\u00e9e\u00bb par RFI \u00abdans un montage grossier et honteux \u00e0 relents g\u00e9nocidaires\u00bb.<\/p>\n<p>Les responsables de ce pays du Sahel, en proie\u00a0\u00e0 des attaques terroristes meurtri\u00e8res, reprochent aux deux m\u00e9dias d\u2019avoir relay\u00e9 des bilans non-officiels et qui plus est exag\u00e9r\u00e9s concernant les victimes militaires et civiles des derniers attentats perp\u00e9tr\u00e9s dans le pays, \u00e0 un moment o\u00f9 \u2013 rel\u00e8vent les autorit\u00e9s \u2013 des \u00abefforts remarquables\u00bb\u00a0ont \u00e9t\u00e9 \u00abd\u00e9ploy\u00e9s par les forces de d\u00e9fense et de s\u00e9curit\u00e9 au niveau des diff\u00e9rentes zones d\u2019op\u00e9rations\u00bb.<\/p>\n<p><strong>\u00abApologie de l\u2019impuissance\u00bb de l\u2019arm\u00e9e<\/strong><\/p>\n<p>La veille, des m\u00e9dias locaux et internationaux ont rapport\u00e9 que le groupe \u00c9tat islamique au Grand Sahara (EIGS) avait perp\u00e9tr\u00e9 un attentat le 10 d\u00e9cembre dans la r\u00e9gion de Tillab\u00e9ri. Alors qu\u2019aucun bilan officiel n\u2019avait \u00e9t\u00e9 publi\u00e9 jusque-l\u00e0, RFI avait \u00e9voqu\u00e9 la mort d\u2019\u00abau moins 90 soldats\u00bb ainsi qu&rsquo;\u00abune cinquantaine de civils\u00bb dans la localit\u00e9 de Chatoumane. La BBC\u00a0avait quant a elle fait \u00e9tat\u00a0de \u00ab130 morts\u00bb.<\/p>\n<p>La presse locale avait pourtant relay\u00e9 un bilan beaucoup moins lourd, confirmant au moins neuf morts dans les rangs des militaires, dont les noms ont notamment \u00e9t\u00e9 cit\u00e9s par le <em>Journal du Niger<\/em>, ainsi qu\u2019un bless\u00e9 et un disparu.<\/p>\n<p>Lors d\u2019un point de presse le 12 d\u00e9cembre, le ministre de la Justice Alio Daouda, cit\u00e9 par <em>Le Sahel<\/em>, a pr\u00e9cis\u00e9 que le bilan officiel \u00e9tait de 10 soldats de l\u2019arm\u00e9e et de 30 terroristes tu\u00e9s, non pas \u00e0 Chatoumane comme l\u2019indiquaient la BBC et RFI mais lors d\u2019un accrochage pr\u00e8s de la fronti\u00e8re malienne.<\/p>\n<p>Aucun civil ne se trouvait sur les lieux, a-t-il encore pr\u00e9cis\u00e9, fustigeant au passage \u00abl\u2019apologie de cette suppos\u00e9e impuissance de nos FDS (Forces de d\u00e9fense et de s\u00e9curit\u00e9, ndrl) longtemps v\u00e9hicul\u00e9e par la France\u00bb. Les dix militaires morts ont \u00e9t\u00e9 enterr\u00e9s lors d\u2019une c\u00e9r\u00e9monie solennelle suivie par les m\u00e9dias.<\/p>\n<p><strong>\u00abAll\u00e9gations diffus\u00e9es par des canaux officieux\u00bb<\/strong><\/p>\n<p>Auparavant, des m\u00e9dias locaux relay\u00e9s par la presse internationale avaient fait \u00e9tat d\u2019attentats perp\u00e9tr\u00e9s le 5 d\u00e9cembre par l\u2019EIGS dans cette m\u00eame r\u00e9gion de Tillab\u00e9ri et qui auraient caus\u00e9 la mort de 21 civils \u00e0 Kurmey et 43 soldats \u00e0 Terra.<\/p>\n<p>Le gouvernement du Niger a par ailleurs d\u00e9menti en bloc toutes ces informations, dans un communiqu\u00e9 publi\u00e9 le 12 d\u00e9cembre par l\u2019ANP, les qualifiant d\u2019\u00aball\u00e9gations diffus\u00e9es par des canaux officieux\u00bb. \u00a0<\/p>\n<p>Le Niger, dirig\u00e9 par le g\u00e9n\u00e9ral Abdourahamane Tiani depuis le coup d&rsquo;\u00c9tat de juillet 2023, est confront\u00e9 \u00e0 une mont\u00e9e des groupes terroristes et des mouvements rebelles au m\u00eame titre que ses deux voisins, le Mali et le Burkina Faso.<\/p>\n<p>Afin de faire face \u00e0 l&rsquo;ins\u00e9curit\u00e9 et aux d\u00e9fis pos\u00e9s par le terrorisme, Niamey s&rsquo;est alli\u00e9 \u00e0 Ouagadougou et Bamako en actant le 6 juillet la cr\u00e9ation de l\u2019Alliance des \u00c9tats du Sahel (AES), dans la continuit\u00e9 d&rsquo;un pacte de d\u00e9fense mutuelle sign\u00e9 en septembre 2023.<\/p>\n<p>Les trois \u00c9tats sah\u00e9liens avaient annonc\u00e9 le 28 janvier dernier leur retrait de la C\u00e9d\u00e9ao, une organisation qu\u2019ils jugent instrumentalis\u00e9e par la France, justifiant cette d\u00e9cision par l\u2019ing\u00e9rence de puissances \u00e9trang\u00e8res et la non-assistance de la C\u00e9d\u00e9ao dans la lutte contre le terrorisme.<\/p>\n<\/div>\n<p><br \/>\n<br \/><a href=\"https:\/\/francais.rt.com\/afrique\/115353-niger-suspend-bbc-porte-plainte\" target=\"_blank\"\">Source link <\/a><\/p>\n","protected":false},"excerpt":{"rendered":"<p>Les autorit\u00e9s du Niger ont annonc\u00e9 la suspension de la radio britannique BBC, accus\u00e9e de diffuser de \u00abfausses informations\u00bb, ainsi que le d\u00e9p\u00f4t d&rsquo;une plainte contre la radio fran\u00e7aise RFI&hellip; <\/p>\n","protected":false},"author":1,"featured_media":2127,"comment_status":"open","ping_status":"open","sticky":false,"template":"","format":"standard","meta":{"footnotes":""},"categories":[1],"tags":[],"class_list":["post-2126","post","type-post","status-publish","format-standard","has-post-thumbnail","hentry","category-non-classe"],"_links":{"self":[{"href":"https:\/\/monde25.info\/index.php\/wp-json\/wp\/v2\/posts\/2126","targetHints":{"allow":["GET"]}}],"collection":[{"href":"https:\/\/monde25.info\/index.php\/wp-json\/wp\/v2\/posts"}],"about":[{"href":"https:\/\/monde25.info\/index.php\/wp-json\/wp\/v2\/types\/post"}],"author":[{"embeddable":true,"href":"https:\/\/monde25.info\/index.php\/wp-json\/wp\/v2\/users\/1"}],"replies":[{"embeddable":true,"href":"https:\/\/monde25.info\/index.php\/wp-json\/wp\/v2\/comments?post=2126"}],"version-history":[{"count":0,"href":"https:\/\/monde25.info\/index.php\/wp-json\/wp\/v2\/posts\/2126\/revisions"}],"wp:featuredmedia":[{"embeddable":true,"href":"https:\/\/monde25.info\/index.php\/wp-json\/wp\/v2\/media\/2127"}],"wp:attachment":[{"href":"https:\/\/monde25.info\/index.php\/wp-json\/wp\/v2\/media?parent=2126"}],"wp:term":[{"taxonomy":"category","embeddable":true,"href":"https:\/\/monde25.info\/index.php\/wp-json\/wp\/v2\/categories?post=2126"},{"taxonomy":"post_tag","embeddable":true,"href":"https:\/\/monde25.info\/index.php\/wp-json\/wp\/v2\/tags?post=2126"}],"curies":[{"name":"wp","href":"https:\/\/api.w.org\/{rel}","templated":true}]}}