{"id":2136,"date":"2024-12-13T22:54:53","date_gmt":"2024-12-13T21:54:53","guid":{"rendered":"https:\/\/monde25.info\/index.php\/2024\/12\/13\/bayrou-premier-ministre-un-macroniste-pur-jus-peu-porte-sur-lecologie\/"},"modified":"2024-12-13T22:54:53","modified_gmt":"2024-12-13T21:54:53","slug":"bayrou-premier-ministre-un-macroniste-pur-jus-peu-porte-sur-lecologie","status":"publish","type":"post","link":"https:\/\/monde25.info\/index.php\/2024\/12\/13\/bayrou-premier-ministre-un-macroniste-pur-jus-peu-porte-sur-lecologie\/","title":{"rendered":"Bayrou Premier ministre, un macroniste pur jus peu port\u00e9 sur l\u2019\u00e9cologie"},"content":{"rendered":"<p> <br \/>\n<\/p>\n<div>\n<p>Et de quatre<small class=\"fine d-inline\">\u00a0<\/small>! Le centriste Fran\u00e7ois Bayrou a \u00e9t\u00e9 nomm\u00e9 Premier ministre le 13\u00a0d\u00e9cembre par Emmanuel Macron. Il prend la place de Michel Barnier (Les R\u00e9publicains), dont le gouvernement a \u00e9t\u00e9 censur\u00e9 le 4\u00a0d\u00e9cembre par les d\u00e9put\u00e9s de l\u2019Assembl\u00e9e nationale. Il succ\u00e8de \u00e9galement aux macronistes Gabriel Attal et \u00c9lisabeth Borne. En un an, quatre locataires auront ainsi d\u00e9fil\u00e9 \u00e0 l\u2019h\u00f4tel de Matignon. Et, avec eux, autant de visions diff\u00e9rentes de l\u2019\u00e9cologie.<\/p>\n<p>Il y a d\u2019abord eu \u00c9lisabeth Borne, l\u2019experte des passages en force \u00e0 coup de 49.3. Si son s\u00e9jour \u00e0 Matignon (qui s\u2019est termin\u00e9 le 8\u00a0janvier) n\u2019a pas abouti \u00e0 des textes de lois forts sur le climat et la biodiversit\u00e9, elle est d\u00e9sormais regrett\u00e9e par les associations \u00e9cologistes, qui saluent toutes son volontarisme. En comparaison \u00e0 Gabriel Attal, notamment, qui n\u2019a montr\u00e9 aucun int\u00e9r\u00eat pour ces questions de janvier \u00e0 septembre. Michel Barnier, nomm\u00e9 le 5\u00a0septembre, \u00e9tait davantage connu pour ses convictions \u00e9cologistes, apr\u00e8s avoir \u00e9t\u00e9 ministre de l\u2019Environnement dans les ann\u00e9es 90. Las, depuis son arriv\u00e9e \u00e0 la t\u00eate du gouvernement, il n\u2019a fait que proposer des r\u00e9gressions environnementales, notamment \u00e0 travers le budget pour l\u2019ann\u00e9e 2025.<\/p>\n<p>Et maintenant, Fran\u00e7ois Bayrou. Si les positions \u00e9cologistes de ce fils d\u2019agriculteur des Pyr\u00e9n\u00e9es-Atlantiques, devenu maire de Pau en 2014, semblent avoir \u00e9volu\u00e9 depuis le d\u00e9but des ann\u00e9es 2000, il reste tr\u00e8s discret sur le sujet depuis 2017. Pour les partis de gauche et de l\u2019\u00e9cologie du Nouveau Front populaire, sa nomination n\u2019est qu\u2019une <i>\u00ab<small class=\"fine d-inline\">\u00a0<\/small>continuit\u00e9<small class=\"fine d-inline\">\u00a0<\/small>\u00bb<\/i> du macronisme. Les associations, elles, craignent que les enjeux environnementaux soient \u00e0 nouveau <i>\u00ab<small class=\"fine d-inline\">\u00a0<\/small>les grands oubli\u00e9s<small class=\"fine d-inline\">\u00a0<\/small>\u00bb<\/i> du gouvernement.<\/p>\n<h2 class=\"spip\">Trois fois candidat \u00e0 la pr\u00e9sidentielle<\/h2>\n<p>Une rapide recherche Google permet de retrouver un de ses discours, prononc\u00e9 le 12\u00a0avril 2002, alors qu\u2019il \u00e9tait candidat pour la premi\u00e8re fois \u00e0 l\u2019\u00e9lection pr\u00e9sidentielle. \u00c0 la fin d\u2019une longue liste de mesures, il proposait seulement la cr\u00e9ation d\u2019un <i>\u00ab<small class=\"fine d-inline\">\u00a0<\/small>grand minist\u00e8re de la nature et du d\u00e9veloppement durable<small class=\"fine d-inline\">\u00a0<\/small>\u00bb<\/i><span class=\"spip_note_ref\">\u00a0[<a target=\"_blank\" href=\"#nb1\" class=\"spip_note\" rel=\"appendix\" title=\"Ce n\u2019est qu\u2019en 2007 qu\u2019une fusion entre les minist\u00e8res charg\u00e9s de\u00a0(\u2026)\" id=\"nh1\">1<\/a>]<\/span> pour <i>\u00ab<small class=\"fine d-inline\">\u00a0<\/small>\u00e9viter les d\u00e9rives comme la vache folle, lutter contre les pollutions de l\u2019air et de l\u2019eau et s\u00e9curiser les sites dangereux<small class=\"fine d-inline\">\u00a0<\/small>\u00bb<\/i>. Un peu l\u00e9ger.<\/p>\n<p>En 2007, lors de sa seconde tentative pour devenir pr\u00e9sident de la R\u00e9publique, son programme \u00e9tait d\u00e9j\u00e0 plus ambitieux. Il \u00e9voquait clairement le probl\u00e8me des \u00e9nergies fossiles, la n\u00e9cessaire r\u00e9duction des \u00e9missions de gaz \u00e0 effet de serre, le d\u00e9veloppement des \u00e9nergies renouvelables \u2013 tout en ayant un <i>\u00ab<small class=\"fine d-inline\">\u00a0<\/small>maintien ma\u00eetris\u00e9 et transparent du nucl\u00e9aire civil<small class=\"fine d-inline\">\u00a0<\/small>\u00bb<\/i> \u2013 sans oublier la protection de la biodiversit\u00e9. Toutefois, sa vision des enjeux avait un aspect technosolutionniste, en continuant \u00e0 promouvoir <i>\u00ab<small class=\"fine d-inline\">\u00a0<\/small>la croissance \u00e9conomique<small class=\"fine d-inline\">\u00a0<\/small>\u00bb<\/i>, sans laquelle les <i>\u00ab<small class=\"fine d-inline\">\u00a0<\/small>mutations technologiques et les investissements n\u00e9cessaires<small class=\"fine d-inline\">\u00a0<\/small>\u00bb<\/i> \u00e0 entreprendre ne seraient pas envisageables.<\/p>\n<p>Et comme jamais deux sans trois\u00a0: Fran\u00e7ois Bayrou s\u2019\u00e9tait pr\u00e9sent\u00e9 une nouvelle fois \u00e0 l\u2019\u00e9lection pr\u00e9sidentielle, en 2012. Il avait alors plaid\u00e9 pour une <i>\u00ab<small class=\"fine d-inline\">\u00a0<\/small>\u00e9cologie positive<small class=\"fine d-inline\">\u00a0<\/small>\u00bb<\/i>, visant principalement \u00e0 <i>\u00ab<small class=\"fine d-inline\">\u00a0<\/small>cr\u00e9er un fonds d\u2019investissement d\u00e9di\u00e9 au d\u00e9veloppement durable<small class=\"fine d-inline\">\u00a0<\/small>\u00bb<\/i>, r\u00e9nover les b\u00e2timents et limiter l\u2019imperm\u00e9abilisation des sols. Il s\u2019appuyait \u00e0 l\u2019\u00e9poque sur son porte-parole, Yann Wehrling, un ancien des Verts, qui a depuis fond\u00e9 son propre parti baptis\u00e9\u2026 \u00c9cologie positive.<\/p>\n<h2 class=\"spip\">De rares prises de position<\/h2>\n<p>Depuis, les prises de position de Fran\u00e7ois Bayrou sur l\u2019\u00e9cologie se sont faites rares. Le centriste, devenu pr\u00e9sident du Mouvement d\u00e9mocrate (MoDem) en 2007, n\u2019a pas retent\u00e9 sa chance dans la course pr\u00e9sidentielle en 2017, pour laisser la place \u00e0 Emmanuel Macron. Le MoDem est ainsi devenu un fid\u00e8le alli\u00e9 du chef de l\u2019\u00c9tat, et Fran\u00e7ois Bayrou a \u00e9t\u00e9 nomm\u00e9 ministre de la Justice d\u00e8s mai 2017.<\/p>\n<p>Cit\u00e9 dans l\u2019enqu\u00eate sur les emplois fictifs des assistants parlementaires du MoDem au Parlement europ\u00e9en, Fran\u00e7ois Bayrou n\u2019a pas \u00e9t\u00e9 reconduit dans le gouvernement suivant, un mois plus tard \u2014 il a \u00e9t\u00e9 relax\u00e9 le 5\u00a0f\u00e9vrier 2024, au <i>\u00ab<small class=\"fine d-inline\">\u00a0<\/small>b\u00e9n\u00e9fice du doute<small class=\"fine d-inline\">\u00a0<\/small>\u00bb<\/i>. Ce n\u2019est qu\u2019en septembre 2020 que le B\u00e9arnais a retrouv\u00e9 un poste d\u2019importance\u00a0: celui de Haut-commissaire au plan, une instance rattach\u00e9e \u00e0 Matignon, charg\u00e9e <i>\u00ab<small class=\"fine d-inline\">\u00a0<\/small>d\u2019animer et de coordonner les travaux de planification et de r\u00e9flexion prospective<small class=\"fine d-inline\">\u00a0<\/small>\u00bb<\/i> pour l\u2019\u00c9tat.<\/p>\n<p>La cr\u00e9ation, en juillet 2022, du Secr\u00e9tariat g\u00e9n\u00e9ral \u00e0 la planification \u00e9cologique (<span class=\"caps\">SGPE<\/span>), rattach\u00e9 \u00e9galement au Premier ministre et confi\u00e9 \u00e0 l\u2019ing\u00e9nieur Antoine Pellion, a toutefois coup\u00e9 l\u2019herbe sous le pied de Fran\u00e7ois Bayrou. <i>\u00ab<small class=\"fine d-inline\">\u00a0<\/small>On ne va pas faire de doublons<small class=\"fine d-inline\">\u00a0<\/small>\u00bb<\/i>, s\u2019\u00e9tait \u00e0 l\u2019\u00e9poque agac\u00e9 le centriste, comme le rapportait le quotidien <i>Le Monde<\/i>.<\/p>\n<p>Les travaux sur l\u2019\u00e9cologie avaient donc \u00e9chapp\u00e9 \u00e0 Fran\u00e7ois Bayrou. Seulement a-t-il publi\u00e9 en 2022 un rapport pour d\u00e9velopper la g\u00e9othermie de surface \u2014 rapport qu\u2019il avait, en toute modestie, qualifi\u00e9 d\u2019<i>\u00ab<small class=\"fine d-inline\">\u00a0<\/small>absolument r\u00e9volutionnaire<small class=\"fine d-inline\">\u00a0<\/small>\u00bb<\/i>, raconte encore <i>Le Monde<\/i>.<\/p>\n<blockquote class=\"spip\">\n<p>\u00ab<small class=\"fine d-inline\">\u00a0<\/small>Je ne crois pas que ce soit sa priorit\u00e9<small class=\"fine d-inline\">\u00a0<\/small>\u00bb<\/p>\n<\/blockquote>\n<p>Depuis, sa vision de l\u2019\u00e9cologie est demeur\u00e9e tr\u00e8s discr\u00e8te. Sa nomination \u00e0 Matignon cr\u00e9e donc deux cat\u00e9gories\u00a0: les enthousiastes\u2026 et les autres. <i>\u00ab<small class=\"fine d-inline\">\u00a0<\/small>\u00c0 la cr\u00e9ation du MoDem, nous avons \u00e9t\u00e9 de nombreux \u00e9cologistes \u00e0 le rejoindre et il \u00e9coutait nos apports et notre sensibilit\u00e9<small class=\"fine d-inline\">\u00a0<\/small>\u00bb<\/i>, raconte Yann Wehrling, interrog\u00e9 par <i>Reporterre<\/i>. <i>\u00ab<small class=\"fine d-inline\">\u00a0<\/small>Tout cela lui donne un bagage pour, je l\u2019esp\u00e8re, s\u2019engager pour la plan\u00e8te.<small class=\"fine d-inline\">\u00a0<\/small>\u00bb<\/i><\/p>\n<p>L\u2019\u00e9colo-centriste rappelle aussi que Fran\u00e7ois Bayrou avait d\u00e9clar\u00e9, au moment o\u00f9 Michel Barnier constituait son gouvernement, qu\u2019il fallait <i>\u00ab<small class=\"fine d-inline\">\u00a0<\/small>r\u00e9pondre aux enjeux de la France, du monde et de la plan\u00e8te.<small class=\"fine d-inline\">\u00a0<\/small>\u00bb<\/i> <i>\u00ab<small class=\"fine d-inline\">\u00a0<\/small>Ajouter \u00ab\u00a0la plan\u00e8te\u00a0\u00bb \u00e9tait une claire allusion aux enjeux \u00e9cologiques<small class=\"fine d-inline\">\u00a0<\/small>\u00bb,<\/i> croit savoir Yann Wehrling, qui veut lui manifester son <i>\u00ab<small class=\"fine d-inline\">\u00a0<\/small>soutien pour aller en ce sens<small class=\"fine d-inline\">\u00a0<\/small>\u00bb<\/i>.<\/p>\n<p>Cet enthousiasme n\u2019est pas partag\u00e9 par tout le monde. <i>\u00ab<small class=\"fine d-inline\">\u00a0<\/small>J\u2019esp\u00e8re tr\u00e8s sinc\u00e8rement sa r\u00e9ussite car la France en a besoin, mais je suis dubitative<small class=\"fine d-inline\">\u00a0<\/small>\u00bb<\/i>, affirme Corinne Lepage \u00e0 <i>Reporterre<\/i>. L\u2019avocate \u00e9cologiste avait rejoint le MoDem de Fran\u00e7ois Bayrou en 2007, avant de le quitter trois ans plus tard. <i>\u00ab<small class=\"fine d-inline\">\u00a0<\/small>Je ne crois pas que des objectifs \u00e9cologiques ambitieux soient sa priorit\u00e9<small class=\"fine d-inline\">\u00a0<\/small>\u00bb<\/i>, poursuit-elle.<\/p>\n<h2 class=\"spip\">Vers une motion de censure<small class=\"fine d-inline\">\u00a0<\/small>? <\/h2>\n<p>Du c\u00f4t\u00e9 de l\u2019opposition politique, l\u2019annonce de cette nomination n\u2019a pas ravi les foules. <i>\u00ab<small class=\"fine d-inline\">\u00a0<\/small>Il incarne le macronisme le plus fid\u00e8le<small class=\"fine d-inline\">\u00a0<\/small>\u00bb<\/i>, a d\u00e9plor\u00e9 sur <span class=\"caps\">BFM<\/span>&#8211;<span class=\"caps\">TV<\/span> Marine Tondelier, secr\u00e9taire nationale des \u00c9cologistes, alors que la coalition pr\u00e9sidentielle a subi une d\u00e9faite aux \u00e9lections europ\u00e9ennes, puis aux \u00e9lections l\u00e9gislatives apr\u00e8s la dissolution de l\u2019Assembl\u00e9e nationale, puis une motion de censure du gouvernement.<\/p>\n<p>Elle a pr\u00e9cis\u00e9\u00a0: <i>\u00ab<small class=\"fine d-inline\">\u00a0<\/small>On va regarder la teneur des politiques qui se profilent. Si c\u2019est pour garder les m\u00eames aux postes strat\u00e9giques, dont M.\u00a0[Bruno] Retailleau au minist\u00e8re de l\u2019Int\u00e9rieur, si c\u2019est pour ne rien faire sur les retraites, si c\u2019est pour ne rien faire sur l\u2019\u00e9cologie, [&#8230;] je ne vois pas quel autre choix nous aurions que de le censurer quand nous en aurons l\u2019occasion.<small class=\"fine d-inline\">\u00a0<\/small>\u00bb<\/i><\/p>\n<p>De son c\u00f4t\u00e9, La France insoumise a d\u2019ores et d\u00e9j\u00e0 annonc\u00e9 qu\u2019elle votera une motion de censure contre le gouvernement de Fran\u00e7ois Bayrou. <i>\u00ab<small class=\"fine d-inline\">\u00a0<\/small>Tant que le r\u00e9sultat des urnes ne sera pas respect\u00e9, nous censurerons<small class=\"fine d-inline\">\u00a0<\/small>\u00bb<\/i>, a affirm\u00e9 Gabrielle Cathala, d\u00e9put\u00e9e <span class=\"caps\">LFI<\/span>, au micro de Franceinfo.<\/p>\n<p>Une position diff\u00e9rente de l\u2019extr\u00eame droite du Rassemblement national. Peut-\u00eatre car Fran\u00e7ois Bayrou s\u2019est montr\u00e9 tr\u00e8s bienveillant envers Marine Le Pen ces derniers temps. Il lui avait accord\u00e9 son parrainage de maire lors de l\u2019\u00e9lection pr\u00e9sidentielle de 2022, pour ne pas <i>\u00ab<small class=\"fine d-inline\">\u00a0<\/small>exclure les principaux candidats<small class=\"fine d-inline\">\u00a0<\/small>\u00bb<\/i>. Plus r\u00e9cemment, il a pris sa d\u00e9fense apr\u00e8s que le parquet a requis contre elle, dans le proc\u00e8s des assistants parlementaires du Front national, une peine de cinq ans d\u2019in\u00e9ligibilit\u00e9 avec ex\u00e9cution provisoire. <i>\u00ab<small class=\"fine d-inline\">\u00a0<\/small>Je n\u2019aime pas l\u2019injustice, m\u00eame quand elle est faite \u00e0 mes adversaires<small class=\"fine d-inline\">\u00a0<\/small>\u00bb<\/i>, a-t-il affirm\u00e9 sur <span class=\"caps\">BFM<\/span>&#8211;<span class=\"caps\">TV<\/span>.<\/p>\n<h2 class=\"spip\">Besoin d\u2019une \u00ab<small class=\"fine d-inline\">\u00a0<\/small>rupture profonde<small class=\"fine d-inline\">\u00a0<\/small>\u00bb avec le pr\u00e9c\u00e9dent gouvernement<\/h2>\n<p>Le sentiment n\u2019est pas davantage au r\u00e9jouissement chez les associations \u00e9cologistes. G\u00e9n\u00e9rations futures, par exemple, <i>\u00ab<small class=\"fine d-inline\">\u00a0<\/small>appelle aujourd\u2019hui \u00e0 une rupture profonde avec les politiques men\u00e9es par les gouvernements Attal et Barnier. La transformation de nos modes de productions afin de permettre une sortie de la d\u00e9pendance aux substances chimiques dangereuses doit \u00eatre l\u2019une des priorit\u00e9s du nouveau Premier ministre.<small class=\"fine d-inline\">\u00a0<\/small>\u00bb<\/i><\/p>\n<p><i>\u00ab<small class=\"fine d-inline\">\u00a0<\/small>Peut-on encore attendre quelque chose du nouveau gouvernement<small class=\"fine d-inline\">\u00a0<\/small>?<small class=\"fine d-inline\">\u00a0<\/small>\u00bb<\/i>, a r\u00e9agi Jean-Fran\u00e7ois Julliard, directeur de Greenpeace France, dans un communiqu\u00e9. <i>\u00ab<small class=\"fine d-inline\">\u00a0<\/small>Sans l\u00e9gitimit\u00e9 d\u00e9mocratique, sans majorit\u00e9 claire, et sans plan d\u2019action concret, les enjeux \u00e9cologiques et de justice sociale risquent d\u2019\u00eatre \u00e0 nouveau les grands oubli\u00e9s de la politique gouvernementale.<small class=\"fine d-inline\">\u00a0<\/small>\u00bb<\/i><\/p>\n<blockquote class=\"spip\">\n<p>\u00ab<small class=\"fine d-inline\">\u00a0<\/small>Peut-on encore attendre quelque chose du nouveau gouvernement<small class=\"fine d-inline\">\u00a0<\/small>?<small class=\"fine d-inline\">\u00a0<\/small>\u00bb<\/p>\n<\/blockquote>\n<p>Lors de la passation de pouvoir entre Michel Barnier et Fran\u00e7ois Bayrou, le 13\u00a0d\u00e9cembre, le nouveau Premier ministre a surtout fait du <i>\u00ab<small class=\"fine d-inline\">\u00a0<\/small>d\u00e9ficit et de la dette<small class=\"fine d-inline\">\u00a0<\/small>\u00bb<\/i> une priorit\u00e9. Il n\u2019a pas prononc\u00e9 le mot <i>\u00ab<small class=\"fine d-inline\">\u00a0<\/small>\u00e9cologie<small class=\"fine d-inline\">\u00a0<\/small>\u00bb.<\/i> <i>\u00ab<small class=\"fine d-inline\">\u00a0<\/small>Je pense que nous avons le devoir, dans un moment aussi grave pour le pays, pour l\u2019Europe et devant tous les risques de la plan\u00e8te, d\u2019affronter les yeux ouverts, sans timidit\u00e9, la situation qui est h\u00e9rit\u00e9e de d\u00e9cennies enti\u00e8res<small class=\"fine d-inline\">\u00a0<\/small>\u00bb<\/i>, a-t-il toutefois affirm\u00e9 \u2014 une phrase que les plus enthousiastes pourront interpr\u00e9ter comme une allusion aux enjeux climatiques.<\/p>\n<aside class=\"boite_encarts\">\n<div class=\"encart encart_gris noprint\">\n<p><strong>Il est de retour.<\/strong><\/p>\n<p>Dans quelques semaines, Donald Trump se r\u00e9-installera \u00e0 la Maison Blanche.<\/p>\n<p>Un milliardaire, pour qui le r\u00e9chauffement climatique est \u00ab<small class=\"fine d-inline\">\u00a0<\/small>un canular<small class=\"fine d-inline\">\u00a0<\/small>\u00bb, sera \u00e0 la t\u00eate de la plus grande puissance mondiale.<\/p>\n<p>Dans une d\u00e9cennie cruciale pour l\u2019\u00e9cologie, nous ne pouvons pas nous permettre de perdre plus de temps.<\/p>\n<p>La soci\u00e9t\u00e9 civile doit continuer de se soulever, de se mobiliser et de faire pression sur les puissants.<\/p>\n<p>Mais pour agir, il faut savoir.<\/p>\n<p><strong>Depuis 11 ans, nous publions des articles de qualit\u00e9 sur l\u2019\u00e9cologie, en acc\u00e8s libre et sans publicit\u00e9, pour tous.<\/strong><\/p>\n<p>Nous avons la conviction que l\u2019urgence \u00e9cologique est l\u2019enjeu majeur de notre \u00e9poque.<br class=\"autobr\"\/><br \/>\n Et comme plus de 2 millions de lectrices et lecteurs chaque mois, vous partagez sans doute cette conviction&#8230;<\/p>\n<p>Alors si vous en avez les moyens, sachez qu\u2019un don, m\u00eame d\u20191\u20ac, est un acte de soutien fort pour l\u2019\u00e9cologie et le journalisme ind\u00e9pendant.<br class=\"autobr\"\/><br \/>\n (Et \u00e7a vous prendra moins de temps que la lecture de ce texte).<\/p>\n<p><strong>Si vous le pouvez, choisissez un soutien mensuel. Merci.<\/strong><\/p>\n<p><a target=\"_blank\" href=\"https:\/\/reporterre.net\/dons\" class=\"bt_soutenir\">Je soutiens <i>Reporterre<\/i><\/a><\/p>\n<\/p><\/div>\n<div class=\"encart encart_vert noprint montre_1023\">\n<div class=\"infolettre-form-container noprint\">\n<p>Abonnez-vous \u00e0 la lettre d\u2019info de Reporterre<\/p>\n<\/div><\/div>\n<\/aside>\n<aside class=\"boite_apresarticle encart_note\">\n<h4>Apr\u00e8s cet article<\/h4>\n<p>      <a target=\"_blank\" href=\"https:\/\/reporterre.net\/Lunaire-inutile-les-deputes-de-gauche-atterres-devant-l-allocution-d-Emmanuel-Macron\" class=\"lien_article\">\n      <picture class=\"vignette_gauche\"><source type=\"image\/webp\" srcset=\"https:\/\/reporterre.net\/https:\/\/reporterre.net\/local\/cache-gd2\/42\/1f2446e096ae75f88edc2d4c6753b5.jpg@.webp?1733473675\"><img decoding=\"async\" src=\"https:\/\/reporterre.net\/local\/cache-gd2\/42\/1f2446e096ae75f88edc2d4c6753b5.jpg?1733473675\" width=\"450\" height=\"300\" alt=\"\" class=\"marge12\" loading=\"lazy\"\/><br \/>\n<\/source><\/picture>\n<p class=\"libelle\">\n<p>          Reportage \u2014<\/p>\n<p>      Politique\n    <\/p>\n<p class=\"titre pol20\">\u00ab<small class=\"fine d-inline\">\u00a0<\/small>Lunaire, inutile<small class=\"fine d-inline\">\u00a0<\/small>\u00bb\u00a0: les d\u00e9put\u00e9s de gauche atterr\u00e9s devant l\u2019allocution d\u2019Emmanuel Macron<\/p>\n<p>      <\/a><br \/>\n    <\/aside>\n<aside class=\"boite_complement texte\">\n<div class=\"encart_note\">\n<h4>Notes<\/h4>\n<div id=\"nb1\">\n<p><span class=\"spip_note_ref\">[<a target=\"_blank\" href=\"#nh1\" class=\"spip_note\" title=\"Notes 1\" rev=\"appendix\">1<\/a>]\u00a0<\/span>Ce n\u2019est qu\u2019en 2007 qu\u2019une fusion entre les minist\u00e8res charg\u00e9s de l\u2019environnement, de l\u2019\u00e9quipement et de l\u2019\u00e9nergie a \u00e9t\u00e9 act\u00e9e.<\/p>\n<\/div><\/div>\n<p>      <!-- zone_forum --><br \/>\n          <\/aside>\n<aside class=\"boite_lireaussi noprint\">\n<\/aside>\n<aside class=\"colonne\">\n<div class=\"article_info cache_1023 noprint\">\n<p>    <span class=\"date\">13 d\u00e9cembre 2024  \u00e0 18h30<\/span><\/p>\n<p class=\"duree_lecture\">\n        Dur\u00e9e de lecture : 8 minutes\n      <\/p>\n<\/p><\/div>\n<div class=\"bloc_infolettre\">\n<div class=\"infolettre-form-container noprint\">\n<p>Abonnez-vous \u00e0 la lettre d\u2019info de Reporterre<\/p>\n<\/div><\/div>\n<\/aside>\n<div id=\"galerie\">\n  <img decoding=\"async\" src=\"\" class=\"principale\" id=\"principale\"\/><\/p>\n<p id=\"legende\">legende<\/p>\n<\/div>\n<footer class=\"noprint\">\n<\/footer>\n<\/div>\n<p><br \/>\n<br \/><a href=\"https:\/\/reporterre.net\/Francois-Bayrou-Premier-ministre-quelle-est-sa-vision-de-l-ecologie-Bayrou-1er-ministre\" target=\"_blank\"\">Source link <\/a><\/p>\n","protected":false},"excerpt":{"rendered":"<p>Et de quatre\u00a0! Le centriste Fran\u00e7ois Bayrou a \u00e9t\u00e9 nomm\u00e9 Premier ministre le 13\u00a0d\u00e9cembre par Emmanuel Macron. Il prend la place de Michel Barnier (Les R\u00e9publicains), dont le gouvernement a&hellip; <\/p>\n","protected":false},"author":1,"featured_media":2137,"comment_status":"open","ping_status":"open","sticky":false,"template":"","format":"standard","meta":{"footnotes":""},"categories":[1],"tags":[],"class_list":["post-2136","post","type-post","status-publish","format-standard","has-post-thumbnail","hentry","category-non-classe"],"_links":{"self":[{"href":"https:\/\/monde25.info\/index.php\/wp-json\/wp\/v2\/posts\/2136","targetHints":{"allow":["GET"]}}],"collection":[{"href":"https:\/\/monde25.info\/index.php\/wp-json\/wp\/v2\/posts"}],"about":[{"href":"https:\/\/monde25.info\/index.php\/wp-json\/wp\/v2\/types\/post"}],"author":[{"embeddable":true,"href":"https:\/\/monde25.info\/index.php\/wp-json\/wp\/v2\/users\/1"}],"replies":[{"embeddable":true,"href":"https:\/\/monde25.info\/index.php\/wp-json\/wp\/v2\/comments?post=2136"}],"version-history":[{"count":0,"href":"https:\/\/monde25.info\/index.php\/wp-json\/wp\/v2\/posts\/2136\/revisions"}],"wp:featuredmedia":[{"embeddable":true,"href":"https:\/\/monde25.info\/index.php\/wp-json\/wp\/v2\/media\/2137"}],"wp:attachment":[{"href":"https:\/\/monde25.info\/index.php\/wp-json\/wp\/v2\/media?parent=2136"}],"wp:term":[{"taxonomy":"category","embeddable":true,"href":"https:\/\/monde25.info\/index.php\/wp-json\/wp\/v2\/categories?post=2136"},{"taxonomy":"post_tag","embeddable":true,"href":"https:\/\/monde25.info\/index.php\/wp-json\/wp\/v2\/tags?post=2136"}],"curies":[{"name":"wp","href":"https:\/\/api.w.org\/{rel}","templated":true}]}}