{"id":215,"date":"2024-11-16T01:06:45","date_gmt":"2024-11-16T00:06:45","guid":{"rendered":"https:\/\/monde25.info\/index.php\/2024\/11\/16\/ou-en-est-leffondrement-des-abeilles-interview\/"},"modified":"2024-11-16T01:06:45","modified_gmt":"2024-11-16T00:06:45","slug":"ou-en-est-leffondrement-des-abeilles-interview","status":"publish","type":"post","link":"https:\/\/monde25.info\/index.php\/2024\/11\/16\/ou-en-est-leffondrement-des-abeilles-interview\/","title":{"rendered":"O\u00f9 en est l\u2019effondrement des abeilles ? Interview"},"content":{"rendered":"<p> <br \/>\n<\/p>\n<div>\n<h4><strong>Yann Maillet, apiculteur en Bretagne, et Fani Hatjina, chercheuse et biologiste sp\u00e9cialiste des abeilles en Gr\u00e8ce dressent pour nous un constat sans appel : l\u2019effondrement des colonies d\u2019abeilles est manifeste face aux catastrophes climatiques r\u00e9p\u00e9t\u00e9es dues au d\u00e9r\u00e8glement climatique, entre inondations et s\u00e9cheresses en Europe. Entretien \u00e9clairant.<\/strong><\/h4>\n<p>Plus qu\u2019un \u00e9change avec deux sp\u00e9cialistes sur<a target=\"_blank\" href=\"https:\/\/mrmondialisation.org\/etude-la-reproduction-des-abeilles-gravement-atteinte\/\"> le constat alarmant<\/a> de l\u2019avenir des colonies d\u2019abeilles, leurs r\u00e9ponses forment \u00e9galement un appel \u00e0 trouver <strong>des solutions collectives et durables. <\/strong>D\u2019autant que \u2013 bonne nouvelle \u2013 certaines ont d\u00e9j\u00e0 fait leurs preuves pour faire face aux menaces qui p\u00e8sent sur l\u2019apiculture aux quatre coins du monde.<\/p>\n<h2><strong>Interview\u00a0<\/strong><\/h2>\n<h4><strong>Mr Mondialisation : Vous luttez tous deux pour la pr\u00e9servation des abeilles. Quelle est votre approche respective ?<\/strong><\/h4>\n<p><strong>Yann Maillet : <\/strong><em>Passionn\u00e9 par les abeilles aux quatre coins du monde comme en France, je pratique l\u2019apiculture en Bretagne depuis longtemps. Je souhaite surtout partager mes constats au plus grand nombre sur le modes de vies de ces insectes, leur capacit\u00e9 essentielle au vivant de pollinisation des plantes et arbres et leur lutte intense contre le varroa ces derni\u00e8res ann\u00e9es (une esp\u00e8ce d\u2019acariens parasites de l\u2019abeille adulte originaire d\u2019Asie du Sud-Est).<\/em><\/p>\n<figure id=\"attachment_688576\" aria-describedby=\"caption-attachment-688576\" style=\"width: 1920px\" class=\"wp-caption alignnone\"><img fetchpriority=\"high\" decoding=\"async\" class=\"wp-image-688576 size-full\" src=\"https:\/\/mrmondialisation.org\/wp-content\/uploads\/2024\/11\/abeilles-sur-fleur-de-tetradium-daniellii-yann-maillet1-scaled-e1730975028277.jpg\" alt=\"\" width=\"1920\" height=\"1962\" srcset=\"https:\/\/mrmondialisation.org\/wp-content\/uploads\/2024\/11\/abeilles-sur-fleur-de-tetradium-daniellii-yann-maillet1-scaled-e1730975028277.jpg 1920w, https:\/\/mrmondialisation.org\/wp-content\/uploads\/2024\/11\/abeilles-sur-fleur-de-tetradium-daniellii-yann-maillet1-scaled-e1730975028277-1002x1024.jpg 1002w, https:\/\/mrmondialisation.org\/wp-content\/uploads\/2024\/11\/abeilles-sur-fleur-de-tetradium-daniellii-yann-maillet1-scaled-e1730975028277-1491x1524.jpg 1491w, https:\/\/mrmondialisation.org\/wp-content\/uploads\/2024\/11\/abeilles-sur-fleur-de-tetradium-daniellii-yann-maillet1-scaled-e1730975028277-768x785.jpg 768w, https:\/\/mrmondialisation.org\/wp-content\/uploads\/2024\/11\/abeilles-sur-fleur-de-tetradium-daniellii-yann-maillet1-scaled-e1730975028277-1503x1536.jpg 1503w, https:\/\/mrmondialisation.org\/wp-content\/uploads\/2024\/11\/abeilles-sur-fleur-de-tetradium-daniellii-yann-maillet1-scaled-e1730975028277-696x711.jpg 696w, https:\/\/mrmondialisation.org\/wp-content\/uploads\/2024\/11\/abeilles-sur-fleur-de-tetradium-daniellii-yann-maillet1-scaled-e1730975028277-1068x1091.jpg 1068w, https:\/\/mrmondialisation.org\/wp-content\/uploads\/2024\/11\/abeilles-sur-fleur-de-tetradium-daniellii-yann-maillet1-scaled-e1730975028277-411x420.jpg 411w, https:\/\/mrmondialisation.org\/wp-content\/uploads\/2024\/11\/abeilles-sur-fleur-de-tetradium-daniellii-yann-maillet1-scaled-e1730975028277-356x364.jpg 356w\" sizes=\"(max-width: 1920px) 100vw, 1920px\"\/><figcaption id=\"caption-attachment-688576\" class=\"wp-caption-text\">Abeilles sur fleur de tetradium Daniellii-Yann Maillet<\/figcaption><\/figure>\n<p><strong>Fani Hatjina : <\/strong><em>Biologiste, chercheuse et directrice de l\u2019Institut des sciences animales <a target=\"_blank\" href=\"https:\/\/agres.elgo.gr\/institute-animal-husbandry-science\">ELGO DIMITRA<\/a> en Gr\u00e8ce. Un doctorat sur les abeilles en poche sur le comportement de pollinisation des abeilles mellif\u00e8res depuis 1997, j\u2019ai pu poursuivre mes recherches sur <strong><a target=\"_blank\" href=\"https:\/\/mrmondialisation.org\/etude-la-menace-des-pesticides-sur-les-abeilles-largement-sous-estimee\/\">les effets des pesticides sur les abeilles,<\/a> l\u2019\u00e9levage d\u2019abeilles r\u00e9sistantes aux maladies et la conservation des populations locales.<\/strong> Je suis \u00e9galement pr\u00e9sidente du conseil de <a target=\"_blank\" href=\"https:\/\/ibra.org.uk\/?srsltid=AfmBOoqgOD22eyPVFWkirzgDR0mnO1OUBqHjpJa5v9Nmarp2YojXH7eV\">l\u2019IBRA<\/a> (l\u2019Association internationale de recherche sur les abeilles) et\u00a0de la commission sur la sant\u00e9 des abeilles de la F\u00e9d\u00e9ration mondiale des apiculteurs <a target=\"_blank\" href=\"https:\/\/www.apimondia.org\/\">APIMONDIA<\/a>.<\/em><\/p>\n<figure id=\"attachment_688579\" aria-describedby=\"caption-attachment-688579\" style=\"width: 2000px\" class=\"wp-caption alignnone\"><img loading=\"lazy\" decoding=\"async\" class=\"size-full wp-image-688579\" src=\"https:\/\/mrmondialisation.org\/wp-content\/uploads\/2024\/11\/fani-apicultrice1.jpg\" alt=\"\" width=\"2000\" height=\"1500\"\/><figcaption id=\"caption-attachment-688579\" class=\"wp-caption-text\">Fani, apicultrice<\/figcaption><\/figure>\n<h4><strong>Mr M : Quel est votre constat sur l\u2019effondrement des colonies d\u2019abeilles ?<\/strong><\/h4>\n<p><strong>Fani Hatjina : <\/strong><em>En Gr\u00e8ce, l\u2019effondrement des colonies est ind\u00e9niable mais pas critique. Les deux principales menaces sont : <strong>les parasites,<\/strong> qui ont un impact n\u00e9gatif dans le monde entier, tels que l\u2019acarien Varroa, le Nosema cerana et, d\u2019autre part, <strong>les pesticides.<\/strong> Ces derni\u00e8res ann\u00e9es, des milliers de colonies se sont effondr\u00e9es et des ruchers entiers ont d\u00fb \u00eatre d\u00e9plac\u00e9s \u00e0 la suite<strong> d\u2019incendies et d\u2019inondations.<\/strong> <\/em><\/p>\n<blockquote>\n<p><strong><em>\u00ab\u00a0La destruction des for\u00eats a entra\u00een\u00e9 la diminution des sources mellif\u00e8res telles que les pins. Or 60 % du miel en Gr\u00e8ce \u00e9tait produit \u00e0 partir des pins !\u00a0\u00bb. <\/em><\/strong><\/p>\n<\/blockquote>\n<p><em>La destruction des for\u00eats a entra\u00een\u00e9<strong> la diminution des sources mellif\u00e8res telles que les pins.<\/strong> Il faut rappeler qu\u2019il y a peu de temps encore 60 % du miel en Gr\u00e8ce \u00e9tait produit \u00e0 partir des pins ! Ces perturbations climatiques avec les incendies, les inondations et les longues saisons s\u00e8ches ont d\u00e9j\u00e0 des r\u00e9percussions dans toute la M\u00e9diterran\u00e9e et un impact important sur les abeilles. <\/em><\/p>\n<p><em>\u00c0 Chypre et dans certaines \u00eeles grecques,<strong> la migration d\u2019oiseaux et les attaques de frelons,<\/strong> qui constituaient un probl\u00e8me dans le pass\u00e9, a \u00e9t\u00e9 un probl\u00e8me majeur. Face aux frelons, ces abeilles restent clo\u00eetr\u00e9es anormalement \u00e0 l\u2019int\u00e9rieur de leurs colonies. Elles ne butinent pas pendant de longues p\u00e9riodes. <strong>On a observ\u00e9 que ces attaques de frelons \u00e9taient beaucoup plus importantes qu\u2019auparavant.<\/strong><\/em><\/p>\n<figure id=\"attachment_688578\" aria-describedby=\"caption-attachment-688578\" style=\"width: 2400px\" class=\"wp-caption alignnone\"><img loading=\"lazy\" decoding=\"async\" class=\"size-full wp-image-688578\" src=\"https:\/\/mrmondialisation.org\/wp-content\/uploads\/2024\/11\/colonies-dabeilles-en-grece-fani-hatjina1.jpg\" alt=\"\" width=\"2400\" height=\"1600\" srcset=\"https:\/\/mrmondialisation.org\/wp-content\/uploads\/2024\/11\/colonies-dabeilles-en-grece-fani-hatjina1.jpg 2400w, https:\/\/mrmondialisation.org\/wp-content\/uploads\/2024\/11\/colonies-dabeilles-en-grece-fani-hatjina1-1024x683.jpg 1024w, https:\/\/mrmondialisation.org\/wp-content\/uploads\/2024\/11\/colonies-dabeilles-en-grece-fani-hatjina1-1524x1016.jpg 1524w, https:\/\/mrmondialisation.org\/wp-content\/uploads\/2024\/11\/colonies-dabeilles-en-grece-fani-hatjina1-768x512.jpg 768w, https:\/\/mrmondialisation.org\/wp-content\/uploads\/2024\/11\/colonies-dabeilles-en-grece-fani-hatjina1-1536x1024.jpg 1536w, https:\/\/mrmondialisation.org\/wp-content\/uploads\/2024\/11\/colonies-dabeilles-en-grece-fani-hatjina1-2048x1365.jpg 2048w, https:\/\/mrmondialisation.org\/wp-content\/uploads\/2024\/11\/colonies-dabeilles-en-grece-fani-hatjina1-696x464.jpg 696w, https:\/\/mrmondialisation.org\/wp-content\/uploads\/2024\/11\/colonies-dabeilles-en-grece-fani-hatjina1-1068x712.jpg 1068w, https:\/\/mrmondialisation.org\/wp-content\/uploads\/2024\/11\/colonies-dabeilles-en-grece-fani-hatjina1-630x420.jpg 630w\" sizes=\"auto, (max-width: 2400px) 100vw, 2400px\"\/><figcaption id=\"caption-attachment-688578\" class=\"wp-caption-text\">Colonies d\u2019abeilles en Gr\u00e8ce-Fani<\/figcaption><\/figure>\n<p><em>Nous avons pu faire un autre constat effrayant gr\u00e2ce \u00e0 notre mod\u00e8le de projection climatique qui permet d\u2019imaginer<strong> le pronostic pour les 40 et 80 prochaines ann\u00e9es.<\/strong> Les pr\u00e9cipitations en Gr\u00e8ce devraient diminuer respectivement de 15 ou 20 % et la temp\u00e9rature annuelle pourrait augmenter de 2,5 \u00e0 3,5 degr\u00e9s C, si bien sur aucune mesure marquante n\u2019est prise. <strong>Ce qui est \u00e9galement inqui\u00e9tant, c\u2019est que les plantes mellif\u00e8res dispara\u00eetront ou cesseront de produire le nectar et le pollen qu\u2019elles produisaient auparavant.<\/strong> Les abeilles ne seront alors plus en mesure de butiner et de polliniser les cultures.<\/em><\/p>\n<figure id=\"attachment_688577\" aria-describedby=\"caption-attachment-688577\" style=\"width: 2300px\" class=\"wp-caption alignnone\"><img loading=\"lazy\" decoding=\"async\" class=\"size-full wp-image-688577\" src=\"https:\/\/mrmondialisation.org\/wp-content\/uploads\/2024\/11\/cadre-dabeilles-plein-fani-hatjina1.jpg\" alt=\"\" width=\"2300\" height=\"1535\" srcset=\"https:\/\/mrmondialisation.org\/wp-content\/uploads\/2024\/11\/cadre-dabeilles-plein-fani-hatjina1.jpg 2300w, https:\/\/mrmondialisation.org\/wp-content\/uploads\/2024\/11\/cadre-dabeilles-plein-fani-hatjina1-1024x683.jpg 1024w, https:\/\/mrmondialisation.org\/wp-content\/uploads\/2024\/11\/cadre-dabeilles-plein-fani-hatjina1-1524x1017.jpg 1524w, https:\/\/mrmondialisation.org\/wp-content\/uploads\/2024\/11\/cadre-dabeilles-plein-fani-hatjina1-768x513.jpg 768w, https:\/\/mrmondialisation.org\/wp-content\/uploads\/2024\/11\/cadre-dabeilles-plein-fani-hatjina1-1536x1025.jpg 1536w, https:\/\/mrmondialisation.org\/wp-content\/uploads\/2024\/11\/cadre-dabeilles-plein-fani-hatjina1-2048x1367.jpg 2048w, https:\/\/mrmondialisation.org\/wp-content\/uploads\/2024\/11\/cadre-dabeilles-plein-fani-hatjina1-696x465.jpg 696w, https:\/\/mrmondialisation.org\/wp-content\/uploads\/2024\/11\/cadre-dabeilles-plein-fani-hatjina1-1068x713.jpg 1068w, https:\/\/mrmondialisation.org\/wp-content\/uploads\/2024\/11\/cadre-dabeilles-plein-fani-hatjina1-629x420.jpg 629w\" sizes=\"auto, (max-width: 2300px) 100vw, 2300px\"\/><figcaption id=\"caption-attachment-688577\" class=\"wp-caption-text\">Cadre d\u2019abeilles plein-Fani<\/figcaption><\/figure>\n<p><em>Si l\u2019on regarde en d\u00e9tail les esp\u00e8ces end\u00e9miques, on compte principalement des populations de ce que nous appelons l\u2019abeille mac\u00e9donienne (Apis mellifera macedonica), mais nous avons \u00e9galement d\u2019autres esp\u00e8ces comme l\u2019abeille cr\u00e9toise (Apis mellifera adami) et l\u2019abeille c\u00e9cropia (Apis mellifera cecropia).<strong> Il est certain qu\u2019elles pr\u00e9sentent des diff\u00e9rences de r\u00e9sistance aux maladies et \u00e0 la s\u00e9cheresse.<\/strong> <\/em><\/p>\n<p><em>Nous pensons que l\u2019abeille cr\u00e9toise est plus r\u00e9sistante aux s\u00e9cheresses et aux frelons tandis que l\u2019abeille mac\u00e9donienne, adopt\u00e9e presque partout en Gr\u00e8ce continentale, mais plus docile, ne peut pas se d\u00e9fendre contre les frelons, en particulier contre le frelon oriental. Point positif, elle montre tout de m\u00eame une forte r\u00e9sistance \u00e0 un minuscule acarien appel\u00e9 acarien trach\u00e9en. <strong>Certains apiculteurs en viennent \u00e0 importer des reines d\u2019abeilles \u00e9trang\u00e8res ce que je trouve dommage.<\/strong><\/em><\/p>\n<div class=\"td-a-rec td-a-rec-id-content_inlineright  tdi_1 td_block_template_1\">\n<span class=\"td-adspot-title\">&#8211; Pour une information libre ! &#8211;<\/span><a target=\"_blank\" href=\"https:\/\/fr.tipeee.com\/mr-mondialisation\" class=\"tipeee-project-small\">Soutenir Mr Japanization sur Tipeee<\/a>\n<\/div>\n<figure id=\"attachment_688575\" aria-describedby=\"caption-attachment-688575\" style=\"width: 2000px\" class=\"wp-caption alignnone\"><img loading=\"lazy\" decoding=\"async\" class=\"size-full wp-image-688575\" src=\"https:\/\/mrmondialisation.org\/wp-content\/uploads\/2024\/11\/abeille-sur-fleur-de-pissenlit-yann-maillet1.jpg\" alt=\"\" width=\"2000\" height=\"2051\" srcset=\"https:\/\/mrmondialisation.org\/wp-content\/uploads\/2024\/11\/abeille-sur-fleur-de-pissenlit-yann-maillet1.jpg 2000w, https:\/\/mrmondialisation.org\/wp-content\/uploads\/2024\/11\/abeille-sur-fleur-de-pissenlit-yann-maillet1-999x1024.jpg 999w, https:\/\/mrmondialisation.org\/wp-content\/uploads\/2024\/11\/abeille-sur-fleur-de-pissenlit-yann-maillet1-1486x1524.jpg 1486w, https:\/\/mrmondialisation.org\/wp-content\/uploads\/2024\/11\/abeille-sur-fleur-de-pissenlit-yann-maillet1-768x788.jpg 768w, https:\/\/mrmondialisation.org\/wp-content\/uploads\/2024\/11\/abeille-sur-fleur-de-pissenlit-yann-maillet1-1498x1536.jpg 1498w, https:\/\/mrmondialisation.org\/wp-content\/uploads\/2024\/11\/abeille-sur-fleur-de-pissenlit-yann-maillet1-1997x2048.jpg 1997w, https:\/\/mrmondialisation.org\/wp-content\/uploads\/2024\/11\/abeille-sur-fleur-de-pissenlit-yann-maillet1-696x714.jpg 696w, https:\/\/mrmondialisation.org\/wp-content\/uploads\/2024\/11\/abeille-sur-fleur-de-pissenlit-yann-maillet1-1068x1095.jpg 1068w, https:\/\/mrmondialisation.org\/wp-content\/uploads\/2024\/11\/abeille-sur-fleur-de-pissenlit-yann-maillet1-410x420.jpg 410w, https:\/\/mrmondialisation.org\/wp-content\/uploads\/2024\/11\/abeille-sur-fleur-de-pissenlit-yann-maillet1-356x364.jpg 356w\" sizes=\"auto, (max-width: 2000px) 100vw, 2000px\"\/><figcaption id=\"caption-attachment-688575\" class=\"wp-caption-text\">Abeille sur fleur de pissenlit-Yann Maillet<\/figcaption><\/figure>\n<blockquote>\n<p><strong><em>\u00ab\u00a0Lorsque les p\u00e9riodes de pluie sont excessives comme en Europe l\u2019ann\u00e9e derni\u00e8re, cela conduit irr\u00e9m\u00e9diablement \u00e0 des famines pour les abeilles\u00a0\u00bb. <\/em><\/strong><\/p>\n<\/blockquote>\n<p><strong>Yann Maillet :<\/strong> <em>Lorsque les p\u00e9riodes de pluie sont excessives comme en Europe l\u2019ann\u00e9e derni\u00e8re, cela conduit irr\u00e9m\u00e9diablement \u00e0 <strong>des famines pour les abeilles.<\/strong> La pluie a d\u00e9vast\u00e9 les arbres pollinisateurs en emp\u00eachant la pollinisation. Cette ann\u00e9e a \u00e9t\u00e9 marqu\u00e9e par de nombreux \u00e9pisodes pluvieux, une v\u00e9ritable catastrophe pour les cultures qui finissent noy\u00e9es et les abeilles meurent de faim. L\u2019ann\u00e9e pr\u00e9c\u00e9dente \u00e9tant d\u00e9j\u00e0 elle aussi catastrophique. <\/em><\/p>\n<p><em>Les pesticides entra\u00eenent\u00a0l\u2019effondrement des abeilles qui ne rentrent plus dans la ruche. <strong>M\u00eame si le miel est biologique, les produits chimiques utilis\u00e9s dans les champs agricoles \u00e0 proximit\u00e9 posent un risque r\u00e9el pour les abeilles qui finissent contamin\u00e9es.<\/strong> Des insecticides pulv\u00e9ris\u00e9s sur des plages de Bretagne, \u00e9loign\u00e9es des champs o\u00f9 butinent ces abeilles, ont d\u00e9j\u00e0 provoqu\u00e9 leur mort ce qui montre l\u2019\u00e9tendue des d\u00e9g\u00e2ts \u00e0 une bien plus large \u00e9chelle qu\u2019esp\u00e9r\u00e9.<\/em><\/p>\n<p><em>Le comportement des abeilles est fascinant et complexe lorsqu\u2019elles sont confront\u00e9es \u00e0 de telles difficult\u00e9s. <strong>Elles recherchent souvent de l\u2019eau dans les piscines en p\u00e9riode de s\u00e9cheresse.<\/strong> En Europe, l\u2019abeille noire est par exemple une esp\u00e8ce qui s\u2019adapte bien aux conditions environnementales difficiles et qui sait faire face \u00e0 de nombreuses probl\u00e9matiques naturellement : elle est par exemple capable de tuer ses propres reines lorsque n\u00e9cessaire pour renouveler la colonie.<strong> Ces abeilles ferment aussi elle-m\u00eame leur alv\u00e9ole lorsque l\u2019hygrom\u00e9trie est inf\u00e9rieure \u00e0 18 %.<\/strong> Je pense que pr\u00e9server l\u2019abeille noire est important mais il ne faut pas \u00eatre trop extr\u00eame comme c\u2019est parfois le cas en luttant \u00e0 tous prix contre la diversit\u00e9 des esp\u00e8ces ce qui est peine perdue. <\/em><\/p>\n<p><em>Lorsque l\u2019homme en vient \u00e0 faire lui-m\u00eame des croisements avec d\u2019autres esp\u00e8ces afin de les rendre r\u00e9sistantes, comme l\u2019abeille Buckfast, cela peut causer des dommages.<strong> M\u00eame si ce croisement a permis de cr\u00e9er des vari\u00e9t\u00e9s plus productives elles sont aussi plus violentes.<\/strong> En effet l\u2019abeille Buckfast travaille rapidement, mais elle consomme beaucoup de ressources.<\/em><\/p>\n<h4><strong>Mr M : Quelles peuvent \u00eatre les solutions pour aider \u00e0 contrecarrer ces impacts n\u00e9gatifs sur les abeilles ?<\/strong><\/h4>\n<blockquote>\n<p><em><strong>\u00ab\u00a0il faut Planter des arbres pas seulement mellif\u00e8res mais de tout type\u00a0\u00bb.<\/strong> <\/em><\/p>\n<\/blockquote>\n<p><strong>Yann Maillet :<\/strong> <em><strong>Planter des arbres pas seulement mellif\u00e8res mais de tout type.<\/strong> Le Tetradium daniellii est un arbre particulier, souvent pris\u00e9 des apiculteurs. Il produit des graines rapidement gr\u00e2ce \u00e0 sa floraison, qui survient g\u00e9n\u00e9ralement au bout de trois \u00e0 quatre ans. Mellif\u00e8re, il attire les abeilles et contribue \u00e0 la production de miel. Mais il est \u00e9galement particuli\u00e8rement r\u00e9sistant \u00e0 la s\u00e9cheresse et peut m\u00eame pousser les pieds dans l\u2019eau, ce qui en fait un arbre tr\u00e8s adapt\u00e9 aux zones arides. <\/em><\/p>\n<p><em>On peut voir des sp\u00e9cimens plus anciens, comme celui du parc de la T\u00eate d\u2019Or \u00e0 Lyon, qui a plus de 60 ans. Yves Darricau a insist\u00e9 sur l\u2019importance des arbres face \u00e0 la s\u00e9cheresse en soulignant leur capacit\u00e9 \u00e0 s\u2019adapter. La lavande afghane est une autre plante mellif\u00e8re qui a besoin de tr\u00e8s peu de ressources pour survivre et \u00e0 la floraison rapide. Sans oublier la bourdaine, un arbre \u00e0 consid\u00e9rer en cas de s\u00e9cheresse pour les apiculteurs. Je pr\u00e9f\u00e8re les arbres aux plantes pour plusieurs raisons.<\/em><\/p>\n<figure id=\"attachment_688582\" aria-describedby=\"caption-attachment-688582\" style=\"width: 1280px\" class=\"wp-caption alignnone\"><img loading=\"lazy\" decoding=\"async\" class=\"size-full wp-image-688582\" src=\"https:\/\/mrmondialisation.org\/wp-content\/uploads\/2024\/11\/apiary-1866740-1280.jpg\" alt=\"\" width=\"1280\" height=\"852\" srcset=\"https:\/\/mrmondialisation.org\/wp-content\/uploads\/2024\/11\/apiary-1866740-1280.jpg 1280w, https:\/\/mrmondialisation.org\/wp-content\/uploads\/2024\/11\/apiary-1866740-1280-1024x682.jpg 1024w, https:\/\/mrmondialisation.org\/wp-content\/uploads\/2024\/11\/apiary-1866740-1280-768x511.jpg 768w, https:\/\/mrmondialisation.org\/wp-content\/uploads\/2024\/11\/apiary-1866740-1280-696x463.jpg 696w, https:\/\/mrmondialisation.org\/wp-content\/uploads\/2024\/11\/apiary-1866740-1280-1068x711.jpg 1068w, https:\/\/mrmondialisation.org\/wp-content\/uploads\/2024\/11\/apiary-1866740-1280-631x420.jpg 631w\" sizes=\"auto, (max-width: 1280px) 100vw, 1280px\"\/><figcaption id=\"caption-attachment-688582\" class=\"wp-caption-text\">@Pixabay<\/figcaption><\/figure>\n<p><em><strong>Un champ rempli de colza ou d\u2019autres plantes ne peut pas rivaliser avec l\u2019importance d\u2019un arbre dans un \u00e9cosyst\u00e8me<\/strong>. Dans un domaine qui peut couvrir 23 hectares, les arbres tels que les tilleuls y jouent un r\u00f4le crucial pour attirer et nourrir les insectes pollinisateurs. Lorsque la pollinisation n\u2019a pas lieu, cela n\u2019affecte pas seulement les abeilles et les apiculteurs mais aussi directement l\u2019ensemble de l\u2019agriculture comme la culture des pommes. <\/em><\/p>\n<p><em>Il existe plusieurs fa\u00e7ons de faire de l\u2019apiculture : <strong>d\u2019abord favoriser l\u2019autonomie des abeilles<\/strong> en leur laissant plus de libert\u00e9 et en leur proposant les essences n\u00e9cessaires dans leur environnement. L\u2019organisation m\u00e9thodique de la ruche en compartiments, avec un corps pour la provision que l\u2019apiculteur ne touche jamais et une hausse pour la r\u00e9colte est indispensable. <strong><a target=\"_blank\" href=\"https:\/\/mrmondialisation.org\/mamadou-apiculteur-ecolo-solidaire-senegal\/\">L\u2019apiculteur a quoi qu\u2019il en soit un r\u00f4le essentiel dans la protection des abeilles<\/a> notamment pour lutter contre le varroa et le frelon asiatique.<\/strong><\/em><\/p>\n<p><strong>Fani Hadjina : <\/strong><em>Planter davantage d\u2019arbres, en particulier des arbres mellif\u00e8res ainsi que des arbustes qui, <strong>en plus de fournir de la nourriture aux pollinisateurs et aux abeilles, ont un effet positif sur le cycle de l\u2019eau.<\/strong> Nous envisageons \u00e0 pr\u00e9sent de nourrir les abeilles plus longtemps qu\u2019auparavant pour les maintenir en vie. Nous devons penser \u00e0 <strong>fournir de l\u2019ombre et \u00e0 maintenir les colonies au frais<\/strong> pendant la majeure partie de la saison. Les colonies domestiques supportent mieux le froid que la chaleur. En cas de s\u00e9cheresse s\u00e9v\u00e8re, il ne faut pas h\u00e9siter \u00e0 installer <strong>des syst\u00e8mes d\u2019arrosage \u00e0 l\u2019int\u00e9rieur m\u00eame des colonies.<\/strong><\/em><\/p>\n<p><em>De nombreuses terres agricoles ont \u00e9t\u00e9 abandonn\u00e9es dans les campagnes et les \u00eeles, ce qui n\u2019est pas bon pour les abeilles et pour l\u2019ensemble de la biodiversit\u00e9. Il faut d\u00e9velopper davantage l\u2019agriculture durable. Nous avons besoin de strat\u00e9gies pour lutter contre les crises climatiques et <strong>les apiculteurs doivent savoir adapter leurs pratiques aux nouveaux d\u00e9fis.<\/strong> En Jordanie, des structures sp\u00e9cifiques dans le d\u00e9sert sont mises en place pour pr\u00e9server l\u2019eau de pluie pour les abeilles, une aide cruciale par les temps qui courent.<\/em><\/p>\n<p>Mr Mondialisation remercie <strong>Fani Hadjina et Yann Maillet pour leurs r\u00e9ponses \u00e9clairantes <\/strong>et cet \u00e9tat des lieux de l\u2019avenir des abeilles en Gr\u00e8ce et en Bretagne.<\/p>\n<p>Poursuivre votre lecture avec notre article <a target=\"_blank\" href=\"https:\/\/mrmondialisation.org\/mamadou-apiculteur-ecolo-solidaire-senegal\/\">Mamadou, l\u2019apiculteur \u00e9colo et solidaire du S\u00e9n\u00e9gal.<\/a><\/p>\n<p style=\"text-align: right;\"><em>\u2013 Audrey Poussines<\/em><\/p>\n<div class=\"td-a-rec td-a-rec-id-content_bottom  tdi_2 td_block_template_1\">\n<span class=\"td-adspot-title\">&#8211; Cet article gratuit et ind\u00e9pendant existe gr\u00e2ce \u00e0 vous &#8211;<\/span><\/p>\n<div class=\"td-all-devices\">\n    <a target=\"_blank\" href=\"https:\/\/mrmondialisation.org\/donation\/\" title=\"Faire_un_don\"><img decoding=\"async\" class=\"donationArticle\" src=\"https:\/\/mrmondialisation.org\/wp-content\/uploads\/2022\/12\/220405-flikalicious-final.jpg\" alt=\"Donation\"\/><\/a>\n<\/div>\n<\/div><\/div>\n<p><br \/>\n<br \/><a href=\"https:\/\/mrmondialisation.org\/effondrement-abeilles-interview\/\" target=\"_blank\"\">Source link <\/a><\/p>\n","protected":false},"excerpt":{"rendered":"<p>Yann Maillet, apiculteur en Bretagne, et Fani Hatjina, chercheuse et biologiste sp\u00e9cialiste des abeilles en Gr\u00e8ce dressent pour nous un constat sans appel : l\u2019effondrement des colonies d\u2019abeilles est manifeste&hellip; <\/p>\n","protected":false},"author":1,"featured_media":216,"comment_status":"open","ping_status":"open","sticky":false,"template":"","format":"standard","meta":{"footnotes":""},"categories":[1],"tags":[],"class_list":["post-215","post","type-post","status-publish","format-standard","has-post-thumbnail","hentry","category-non-classe"],"_links":{"self":[{"href":"https:\/\/monde25.info\/index.php\/wp-json\/wp\/v2\/posts\/215","targetHints":{"allow":["GET"]}}],"collection":[{"href":"https:\/\/monde25.info\/index.php\/wp-json\/wp\/v2\/posts"}],"about":[{"href":"https:\/\/monde25.info\/index.php\/wp-json\/wp\/v2\/types\/post"}],"author":[{"embeddable":true,"href":"https:\/\/monde25.info\/index.php\/wp-json\/wp\/v2\/users\/1"}],"replies":[{"embeddable":true,"href":"https:\/\/monde25.info\/index.php\/wp-json\/wp\/v2\/comments?post=215"}],"version-history":[{"count":0,"href":"https:\/\/monde25.info\/index.php\/wp-json\/wp\/v2\/posts\/215\/revisions"}],"wp:featuredmedia":[{"embeddable":true,"href":"https:\/\/monde25.info\/index.php\/wp-json\/wp\/v2\/media\/216"}],"wp:attachment":[{"href":"https:\/\/monde25.info\/index.php\/wp-json\/wp\/v2\/media?parent=215"}],"wp:term":[{"taxonomy":"category","embeddable":true,"href":"https:\/\/monde25.info\/index.php\/wp-json\/wp\/v2\/categories?post=215"},{"taxonomy":"post_tag","embeddable":true,"href":"https:\/\/monde25.info\/index.php\/wp-json\/wp\/v2\/tags?post=215"}],"curies":[{"name":"wp","href":"https:\/\/api.w.org\/{rel}","templated":true}]}}