{"id":2154,"date":"2024-12-14T05:01:46","date_gmt":"2024-12-14T04:01:46","guid":{"rendered":"https:\/\/monde25.info\/index.php\/2024\/12\/14\/la-pollution-sonore-nuit-a-lapprentissage-de-la-lecture-des-enfants\/"},"modified":"2024-12-14T05:01:46","modified_gmt":"2024-12-14T04:01:46","slug":"la-pollution-sonore-nuit-a-lapprentissage-de-la-lecture-des-enfants","status":"publish","type":"post","link":"https:\/\/monde25.info\/index.php\/2024\/12\/14\/la-pollution-sonore-nuit-a-lapprentissage-de-la-lecture-des-enfants\/","title":{"rendered":"La pollution sonore nuit \u00e0 l\u2019apprentissage de la lecture des enfants"},"content":{"rendered":"<p> <br \/>\n<\/p>\n<div style=\"position:relative;\">\n        <picture><source type=\"image\/webp\" srcset=\"https:\/\/reporterre.net\/local\/cache-gd2\/73\/4f93f1d457ec25796b647f94a2f59f.jpg@.webp?1734099669\"><img loading=\"lazy\" decoding=\"async\" src=\"https:\/\/reporterre.net\/local\/cache-gd2\/73\/4f93f1d457ec25796b647f94a2f59f.jpg?1734099669\" width=\"720\" height=\"480\" alt=\"La pollution sonore nuit \u00e0 l'apprentissage de la lecture des enfants\" class=\"image_logo voir_logo\"\/><\/p>\n<p><\/source><\/picture>\n<p class=\"legende_logo\">Une exposition prolong\u00e9e au bruit peut entra\u00eener des troubles cognitifs et de l\u2019anxi\u00e9t\u00e9. <span class=\"copyright_logo\">&#8211; Pexels \/ Darry Lin<\/span><\/p>\n<p class=\"legende_logo_480\">Une exposition prolong\u00e9e au bruit peut entra\u00eener des troubles cognitifs et de l\u2019anxi\u00e9t\u00e9. <span class=\"copyright_logo\">&#8211; Pexels \/ Darry Lin<\/span><\/p>\n<\/p><\/div>\n<div>\n        <span class=\"date\">13 d\u00e9cembre 2024  \u00e0 15h20<\/span><\/p>\n<p class=\"duree_lecture\">\n        Dur\u00e9e de lecture : 2 minutes\n      <\/p>\n<\/p><\/div>\n<div>\n<p>En Europe, plus de 550\u00a0000 enfants rencontrent des difficult\u00e9s de lecture en raison de la pollution sonore, selon un <a target=\"_blank\" href=\"https:\/\/www.eea.europa.eu\/en\/newsroom\/news\/childrens-reading-skills-impaired-by-noise?fbclid=IwY2xjawHIFeBleHRuA2FlbQIxMAABHVL3ZyEOlGcdat3SI7eNKCY9qBsS58Ymdv2wT9R8S9RnIdGJariDzvZJgw_aem_ANvtaWe30Vn6L4uv4OKmEw\" class=\"spip_out\" rel=\"external\">rapport<\/a> publi\u00e9 jeudi 12\u00a0d\u00e9cembre par l\u2019Agence europ\u00e9enne de l\u2019environnement (<span class=\"caps\">AEE<\/span>).<\/p>\n<p>Les recherches, qui portent sur 32 pays du continent, indiquent que les enfants vivants ou \u00e9tudiants \u00e0 proximit\u00e9 de zones expos\u00e9es au bruit des transports \u2014 routier, ferroviaire ou a\u00e9rien \u2014 ont tendance \u00e0 obtenir de moins bons r\u00e9sultats en lecture. L\u2019\u00e9tude r\u00e9v\u00e8le \u00e9galement que le bruit contribue \u00e0 des troubles du comportement chez pr\u00e8s de 60\u00a0000 enfants chaque ann\u00e9e.<br class=\"autobr\"\/><br \/>\n<a target=\"_blank\" href=\"https:\/\/reporterre.net\/Le-bruit-detruit-plus-la-sante-que-la-pollution-de-l-air\" class=\"lien_lireaussi\"><strong>Lire aussi : <\/strong> <span>Le bruit d\u00e9truit plus la sant\u00e9 que la pollution de l\u2019air<\/span><\/a><br class=\"autobr\"\/><br \/>\nChez les moins de 18\u00a0ans, une exposition prolong\u00e9e au bruit peut entra\u00eener des troubles cognitifs et de l\u2019anxi\u00e9t\u00e9, ce qui \u00e0 long terme, affectera leurs chances et leur qualit\u00e9 de vie, indique le rapport de l\u2019<span class=\"caps\">AEE<\/span>.<\/p>\n<h2 class=\"spip\">84<small class=\"fine d-inline\">\u00a0<\/small>% des troubles de la lecture li\u00e9s au trafic routier<\/h2>\n<p>Parmi les cas \u00e9tudi\u00e9s, 84<small class=\"fine d-inline\">\u00a0<\/small>% des troubles de la lecture attribu\u00e9s \u00e0 la pollution sonore sont li\u00e9s au trafic routier, principalement en milieu urbain, contre 15<small class=\"fine d-inline\">\u00a0<\/small>% au trafic ferroviaire et 1<small class=\"fine d-inline\">\u00a0<\/small>% au transport a\u00e9rien.<\/p>\n<p>Pour r\u00e9duire ces effets, l\u2019<span class=\"caps\">AEE<\/span> recommande des mesures comme l\u2019abaissement des limites de vitesse, l\u2019utilisation de chauss\u00e9es et de pneus moins bruyants, ainsi que des restrictions sur les trains et les avions. Cependant, le plan d\u2019action Z\u00e9ro pollution de l\u2019Union europ\u00e9enne, qui vise une baisse de 30<small class=\"fine d-inline\">\u00a0<\/small>% des nuisances sonores d\u2019ici 2030 par rapport \u00e0 2017, risque de ne pas atteindre son objectif, selon les \u00e9valuations de l\u2019\u00e9tude.<\/p>\n<p>Par ailleurs, vivre dans une zone affect\u00e9e par le bruit des transports <a target=\"_blank\" href=\"https:\/\/reporterre.net\/Le-bruit-detruit-plus-la-sante-que-la-pollution-de-l-air\">augmente le risque de divers probl\u00e8mes de sant\u00e9<\/a>, notamment des maladies cardiovasculaires. L\u2019<span class=\"caps\">AEE<\/span> estime qu\u2019un Europ\u00e9en sur cinq est expos\u00e9 \u00e0 des niveaux sonores nocifs pour sa sant\u00e9.<\/p>\n<aside class=\"boite_encarts\">\n<div class=\"encart encart_gris noprint\">\n<p><strong>Il est de retour.<\/strong><\/p>\n<p>Dans quelques semaines, Donald Trump se r\u00e9-installera \u00e0 la Maison Blanche.<\/p>\n<p>Un milliardaire, pour qui le r\u00e9chauffement climatique est \u00ab<small class=\"fine d-inline\">\u00a0<\/small>un canular<small class=\"fine d-inline\">\u00a0<\/small>\u00bb, sera \u00e0 la t\u00eate de la plus grande puissance mondiale.<\/p>\n<p>Dans une d\u00e9cennie cruciale pour l\u2019\u00e9cologie, nous ne pouvons pas nous permettre de perdre plus de temps.<\/p>\n<p>La soci\u00e9t\u00e9 civile doit continuer de se soulever, de se mobiliser et de faire pression sur les puissants.<\/p>\n<p>Mais pour agir, il faut savoir.<\/p>\n<p><strong>Depuis 11 ans, nous publions des articles de qualit\u00e9 sur l\u2019\u00e9cologie, en acc\u00e8s libre et sans publicit\u00e9, pour tous.<\/strong><\/p>\n<p>Nous avons la conviction que l\u2019urgence \u00e9cologique est l\u2019enjeu majeur de notre \u00e9poque.<br class=\"autobr\"\/><br \/>\n Et comme plus de 2 millions de lectrices et lecteurs chaque mois, vous partagez sans doute cette conviction&#8230;<\/p>\n<p>Alors si vous en avez les moyens, sachez qu\u2019un don, m\u00eame d\u20191\u20ac, est un acte de soutien fort pour l\u2019\u00e9cologie et le journalisme ind\u00e9pendant.<br class=\"autobr\"\/><br \/>\n (Et \u00e7a vous prendra moins de temps que la lecture de ce texte).<\/p>\n<p><strong>Si vous le pouvez, choisissez un soutien mensuel. Merci.<\/strong><\/p>\n<p><a target=\"_blank\" href=\"https:\/\/reporterre.net\/dons\" class=\"bt_soutenir\">Je soutiens <i>Reporterre<\/i><\/a><\/p>\n<\/p><\/div>\n<div class=\"encart encart_vert noprint montre_1023\">\n<div class=\"infolettre-form-container noprint\">\n<p>Abonnez-vous \u00e0 la lettre d\u2019info de Reporterre<\/p>\n<\/div><\/div>\n<\/aside>\n<aside class=\"boite_apresarticle encart_note\">\n<h4>Apr\u00e8s cet article<\/h4>\n<p>      <a target=\"_blank\" href=\"https:\/\/reporterre.net\/80-des-Franciliens-sont-exposes-a-une-trop-forte-pollution-sonore-et-atmospherique\" class=\"lien_article\">\n      <picture class=\"vignette_gauche\"><source type=\"image\/webp\" srcset=\"https:\/\/reporterre.net\/local\/cache-gd2\/23\/17f61a7de73d8f419c52459bc2fe4c.jpg@.webp?1730260322\"><img decoding=\"async\" src=\"https:\/\/reporterre.net\/local\/cache-gd2\/23\/17f61a7de73d8f419c52459bc2fe4c.jpg?1730260322\" width=\"450\" height=\"300\" alt=\"\" class=\"marge12\" loading=\"lazy\"\/><br \/>\n<\/source><\/picture>\n<p class=\"libelle\">\n<p>      Pollutions\n    <\/p>\n<p class=\"titre pol20\">80<small class=\"fine d-inline\">\u00a0<\/small>% des Franciliens sont expos\u00e9s \u00e0 une trop forte pollution sonore et atmosph\u00e9rique<\/p>\n<p>      <\/a><br \/>\n    <\/aside>\n<aside class=\"boite_complement texte\">\n<p>      <!-- zone_forum --><br \/>\n          <\/aside>\n<aside class=\"boite_lireaussi noprint\">\n<\/aside>\n<aside class=\"colonne\">\n<div class=\"article_info cache_1023 noprint\">\n        <span class=\"date\">13 d\u00e9cembre 2024  \u00e0 15h20<\/span><\/p>\n<p class=\"duree_lecture\">\n        Dur\u00e9e de lecture : 2 minutes\n      <\/p>\n<\/p><\/div>\n<div class=\"bloc_infolettre\">\n<div class=\"infolettre-form-container noprint\">\n<p>Abonnez-vous \u00e0 la lettre d\u2019info de Reporterre<\/p>\n<\/div><\/div>\n<\/aside>\n<div id=\"galerie\">\n  <img decoding=\"async\" src=\"\" class=\"principale\" id=\"principale\"\/><\/p>\n<p id=\"legende\">legende<\/p>\n<\/div>\n<footer class=\"noprint\">\n<\/footer>\n<\/div>\n<p><br \/>\n<br \/><a href=\"https:\/\/reporterre.net\/La-pollution-sonore-nuit-a-l-apprentissage-de-la-lecture-des-enfants\" target=\"_blank\"\">Source link <\/a><\/p>\n","protected":false},"excerpt":{"rendered":"<p>Une exposition prolong\u00e9e au bruit peut entra\u00eener des troubles cognitifs et de l\u2019anxi\u00e9t\u00e9. &#8211; Pexels \/ Darry Lin Une exposition prolong\u00e9e au bruit peut entra\u00eener des troubles cognitifs et de&hellip; <\/p>\n","protected":false},"author":1,"featured_media":2155,"comment_status":"open","ping_status":"open","sticky":false,"template":"","format":"standard","meta":{"footnotes":""},"categories":[1],"tags":[],"class_list":["post-2154","post","type-post","status-publish","format-standard","has-post-thumbnail","hentry","category-non-classe"],"_links":{"self":[{"href":"https:\/\/monde25.info\/index.php\/wp-json\/wp\/v2\/posts\/2154","targetHints":{"allow":["GET"]}}],"collection":[{"href":"https:\/\/monde25.info\/index.php\/wp-json\/wp\/v2\/posts"}],"about":[{"href":"https:\/\/monde25.info\/index.php\/wp-json\/wp\/v2\/types\/post"}],"author":[{"embeddable":true,"href":"https:\/\/monde25.info\/index.php\/wp-json\/wp\/v2\/users\/1"}],"replies":[{"embeddable":true,"href":"https:\/\/monde25.info\/index.php\/wp-json\/wp\/v2\/comments?post=2154"}],"version-history":[{"count":0,"href":"https:\/\/monde25.info\/index.php\/wp-json\/wp\/v2\/posts\/2154\/revisions"}],"wp:featuredmedia":[{"embeddable":true,"href":"https:\/\/monde25.info\/index.php\/wp-json\/wp\/v2\/media\/2155"}],"wp:attachment":[{"href":"https:\/\/monde25.info\/index.php\/wp-json\/wp\/v2\/media?parent=2154"}],"wp:term":[{"taxonomy":"category","embeddable":true,"href":"https:\/\/monde25.info\/index.php\/wp-json\/wp\/v2\/categories?post=2154"},{"taxonomy":"post_tag","embeddable":true,"href":"https:\/\/monde25.info\/index.php\/wp-json\/wp\/v2\/tags?post=2154"}],"curies":[{"name":"wp","href":"https:\/\/api.w.org\/{rel}","templated":true}]}}