{"id":2162,"date":"2024-12-14T07:16:13","date_gmt":"2024-12-14T06:16:13","guid":{"rendered":"https:\/\/monde25.info\/index.php\/2024\/12\/14\/un-accord-de-reconciliation-decroche-sous-mediation-turque-rt-en-francais\/"},"modified":"2024-12-14T07:16:13","modified_gmt":"2024-12-14T06:16:13","slug":"un-accord-de-reconciliation-decroche-sous-mediation-turque-rt-en-francais","status":"publish","type":"post","link":"https:\/\/monde25.info\/index.php\/2024\/12\/14\/un-accord-de-reconciliation-decroche-sous-mediation-turque-rt-en-francais\/","title":{"rendered":"un accord de r\u00e9conciliation d\u00e9croch\u00e9 sous m\u00e9diation turque \u2014 RT en fran\u00e7ais"},"content":{"rendered":"<p> <br \/>\n<br \/><img decoding=\"async\" src=\"https:\/\/mf.b37mrtl.ru\/french\/images\/2024.12\/thumbnail\/675c81f787f3ec67f36716d2.jpg\" \/><\/p>\n<div>\n<p class=\"text__summary\">\n                                        Erdogan a annonc\u00e9 la conclusion d&rsquo;un accord \u00abhistorique\u00bb entre la Somalie et l&rsquo;\u00c9thiopie, apr\u00e8s des mois de tensions provoqu\u00e9es par la signature d&rsquo;un protocole d&rsquo;accords entre Addis-Abeba et la r\u00e9gion s\u00e9paratiste somalienne du Somaliland pour un acc\u00e8s \u00e0 la mer.\n                                    <\/p>\n<p>Le pr\u00e9sident turc Recep Tayyip Erdogan s&rsquo;est entretenu le 11 d\u00e9cembre \u00e0 Ankara avec le Premier ministre \u00e9thiopien Abiy Ahmed et le pr\u00e9sident somalien Hassan Sheikh Mohamud, annon\u00e7ant dans la foul\u00e9e un accord de r\u00e9conciliation entre ces deux pays africains en diff\u00e9rend.<\/p>\n<p>Ce\u00a0nouvel accord entre Addis-Abeba et Mogadiscio vise \u00e0 apaiser les tensions entre les deux pays \u00e0 propos de la r\u00e9gion somalienne du Somaliland, qui se consid\u00e8re comme un \u00c9tat ind\u00e9pendant depuis 1991. Les \u00c9thiopiens auront d\u00e9sormais acc\u00e8s \u00e0 la mer Rouge via le Somaliland sans empi\u00e9ter sur la souverainet\u00e9 de la Somalie.<\/p>\n<p>\u00c0 l&rsquo;issue de la rencontre, le dirigeant turc a qualifi\u00e9 cet accord d\u2019\u00abhistorique\u00bb, alors que les dirigeants de l\u2019\u00c9thiopie et de la Somalie ont publi\u00e9 une d\u00e9claration commune confirmant l&rsquo;int\u00e9grit\u00e9 territoriale de la Somalie tout en reconnaissant les \u00abavantages potentiels\u00bb de l&rsquo;acc\u00e8s de l&rsquo;\u00c9thiopie \u00e0 la mer. Les deux parties ont \u00e9galement convenu d&rsquo;entamer des pourparlers en vue de r\u00e9soudre le diff\u00e9rend.<\/p>\n<p>La Turquie, en tant que m\u00e9diateur, avait organis\u00e9 auparavant deux cycles de n\u00e9gociations pour r\u00e9soudre le conflit, ses efforts diplomatiques n&rsquo;avaient pas abouti. Un troisi\u00e8me cycle de n\u00e9gociations, initialement pr\u00e9vu en septembre, avait \u00e9t\u00e9 annul\u00e9 par les parties en conflit.<\/p>\n<h2><strong>Le Somaliland \u00e0 l\u2019origine des tensions<\/strong><\/h2>\n<p>\u00c0 l\u2019origine des tensions, un accord maritime sign\u00e9 en janvier 2024 entre l\u2019\u00c9thiopie et le Somaliland, une r\u00e9gion s\u00e9paratiste de la Somalie, situ\u00e9e dans la Corne de l\u2019Afrique. L&rsquo;accord pr\u00e9voyait un acc\u00e8s \u00e0 la mer Rouge pour l&rsquo;\u00c9thiopie, pays enclav\u00e9, contre une potentielle reconnaissance de l&rsquo;ind\u00e9pendance du Somaliland par Addis-Abeba, provoquant l&rsquo;ire du gouvernement somalien.<\/p>\n<p>La Somalie consid\u00e8re cet accord comme une violation de sa souverainet\u00e9, tandis que l&rsquo;\u00c9thiopie, pays enclav\u00e9, affirme qu&rsquo;elle a besoin d&rsquo;un acc\u00e8s \u00e0 la mer.<\/p>\n<p>Consid\u00e9r\u00e9 par la somalie comme la sixi\u00e8me r\u00e9gion du pays, le Somaliland a autoproclam\u00e9 son ind\u00e9pendance en 1991 mais elle n\u2019est pas reconnue sur la sc\u00e8ne internationale. Les tensions entre Mogadiscio et Addis-Abeba avaient rapproch\u00e9 la Somalie de l&rsquo;\u00c9gypte, en conflit avec l&rsquo;\u00c9thiopie au sujet de la construction d&rsquo;un immense barrage sur le Nil.<\/p>\n<\/div>\n<p><br \/>\n<br \/><a href=\"https:\/\/francais.rt.com\/afrique\/115355-tensions-entre-ethiopie-somalie-accord\" target=\"_blank\"\">Source link <\/a><\/p>\n","protected":false},"excerpt":{"rendered":"<p>Erdogan a annonc\u00e9 la conclusion d&rsquo;un accord \u00abhistorique\u00bb entre la Somalie et l&rsquo;\u00c9thiopie, apr\u00e8s des mois de tensions provoqu\u00e9es par la signature d&rsquo;un protocole d&rsquo;accords entre Addis-Abeba et la r\u00e9gion&hellip; <\/p>\n","protected":false},"author":1,"featured_media":2163,"comment_status":"open","ping_status":"open","sticky":false,"template":"","format":"standard","meta":{"footnotes":""},"categories":[1],"tags":[],"class_list":["post-2162","post","type-post","status-publish","format-standard","has-post-thumbnail","hentry","category-non-classe"],"_links":{"self":[{"href":"https:\/\/monde25.info\/index.php\/wp-json\/wp\/v2\/posts\/2162","targetHints":{"allow":["GET"]}}],"collection":[{"href":"https:\/\/monde25.info\/index.php\/wp-json\/wp\/v2\/posts"}],"about":[{"href":"https:\/\/monde25.info\/index.php\/wp-json\/wp\/v2\/types\/post"}],"author":[{"embeddable":true,"href":"https:\/\/monde25.info\/index.php\/wp-json\/wp\/v2\/users\/1"}],"replies":[{"embeddable":true,"href":"https:\/\/monde25.info\/index.php\/wp-json\/wp\/v2\/comments?post=2162"}],"version-history":[{"count":0,"href":"https:\/\/monde25.info\/index.php\/wp-json\/wp\/v2\/posts\/2162\/revisions"}],"wp:featuredmedia":[{"embeddable":true,"href":"https:\/\/monde25.info\/index.php\/wp-json\/wp\/v2\/media\/2163"}],"wp:attachment":[{"href":"https:\/\/monde25.info\/index.php\/wp-json\/wp\/v2\/media?parent=2162"}],"wp:term":[{"taxonomy":"category","embeddable":true,"href":"https:\/\/monde25.info\/index.php\/wp-json\/wp\/v2\/categories?post=2162"},{"taxonomy":"post_tag","embeddable":true,"href":"https:\/\/monde25.info\/index.php\/wp-json\/wp\/v2\/tags?post=2162"}],"curies":[{"name":"wp","href":"https:\/\/api.w.org\/{rel}","templated":true}]}}