{"id":21757,"date":"2026-01-02T01:53:38","date_gmt":"2026-01-02T00:53:38","guid":{"rendered":"https:\/\/monde25.info\/index.php\/2026\/01\/02\/verdun-en-donbass-par-anatol-lieven-le-monde-diplomatique-janvier-2026\/"},"modified":"2026-01-02T01:53:38","modified_gmt":"2026-01-02T00:53:38","slug":"verdun-en-donbass-par-anatol-lieven-le-monde-diplomatique-janvier-2026","status":"publish","type":"post","link":"https:\/\/monde25.info\/index.php\/2026\/01\/02\/verdun-en-donbass-par-anatol-lieven-le-monde-diplomatique-janvier-2026\/","title":{"rendered":"Verdun-en-Donbass, par Anatol Lieven (Le Monde diplomatique, janvier 2026)"},"content":{"rendered":"<p> <br \/>\n<\/p>\n<div>\n<p class=\"crayon article-surtitre-69165 surtitre\">L\u2019oblast de Donetsk au c\u0153ur des n\u00e9gociations<\/p>\n<div class=\"crayon article-chapo-69165 chapo\">\n<p>Il n\u2019est pas rare dans les conflits arm\u00e9s qu\u2019un grand nombre de soldats meurent pour la prise de territoires dont l\u2019importance strat\u00e9gique est secondaire, comme ce fut le cas pendant la premi\u00e8re guerre mondiale. Le contr\u00f4le de la r\u00e9gion de Donetsk constitue une exigence non n\u00e9gociable pour la Russie comme pour l\u2019Ukraine. Ce n\u0153ud gordien n\u2019est pas tranch\u00e9, et la guerre continue.<\/p>\n<\/div><\/div>\n<div couleurfade=\"e7e6ed\" couleurclaire=\"e3e1e9\" couleurpale=\"bdb4e3\" couleurmi=\"5c5576\" couleurfoncee=\"332276\" couleursombre=\"17151d\" couleurfond=\"4f4c5b\" couleurtexte=\"ffffff\">\n<div class=\"enapercu\">\n<figure class=\"spip_document_41509 spip_documents spip_documents_center xl\" style=\"width:890px;\">\n<div class=\"limage\">\n<p>\t\t\t<img loading=\"lazy\" decoding=\"async\" src=\"https:\/\/www.monde-diplomatique.fr\/\/local\/cache-vignettes\/L890xH668\/img009-59-774bc.jpg?1766579013\" width=\"890\" height=\"668\" class=\"spip_logos\" alt=\"JPEG - 95.1\u00a0kio\"\/><\/p><\/div><figcaption>\n<p>Maxim Dondyuk. \u2014 \u00c9pave d\u2019un char russe dans le territoire lib\u00e9r\u00e9 de Kharkiv, 2024<\/p>\n<p>\u00a9 Maxim Dondyuk\n<\/p>\n<\/figcaption><\/figure>\n<p><span class=\"mot-lettrine\"><span class=\"lettrine\">L\u2019<\/span>avenir<\/span> de la Russie et de l\u2019Ukraine, mais aussi de la s\u00e9curit\u00e9 europ\u00e9enne, repose sur le sort d\u2019une poign\u00e9e de petites villes \u00e0 demi d\u00e9truites dans le nord-ouest de l\u2019oblast de Donetsk.<\/p>\n<p>Dans le cadre des n\u00e9gociations de paix en cours, le Kremlin continue de poser le retrait ukrainien de ce territoire comme condition pr\u00e9alable \u00e0 tout accord. Cette revendication a \u00e9t\u00e9 introduite dans le plan initial en vingt-huit points \u00e9labor\u00e9 par l\u2019envoy\u00e9 am\u00e9ricain Steve Witkoff et son interlocuteur russe Kirill Dmitriev. Ledit plan pr\u00e9cise cependant que la zone passerait sous le contr\u00f4le de l\u2019administration russe mais serait d\u00e9militaris\u00e9e, r\u00e9duisant ainsi le co\u00fbt politique d\u2019une telle option pour l\u2019Ukraine. M.\u00a0Volodymyr Zelensky, soutenu par la France, l\u2019Allemagne et le Royaume-Uni, a pour l\u2019heure cat\u00e9goriquement rejet\u00e9 ce point.<\/p>\n<p>La plupart des Russes estiment que le pr\u00e9sident Vladimir Poutine n\u2019abandonnera pas cette exigence, quand bien m\u00eame Kiev, Washington et Bruxelles se r\u00e9soudraient \u00e0 renoncer \u00e0 l\u2019expansion de l\u2019Organisation du trait\u00e9 de l\u2019Atlantique nord (OTAN) comme \u00e0 la pr\u00e9sence de troupes occidentales en Ukraine. Dans le m\u00eame temps, l\u2019opinion dominante c\u00f4t\u00e9 ukrainien consid\u00e8re qu\u2019il serait tout aussi inenvisageable pour M.\u00a0Zelensky d\u2019acc\u00e9der \u00e0 cette demande. Ce dernier a admis que <i>\u00ab<small class=\"fine\">\u00a0<\/small>la question territoriale est l\u2019\u00e9l\u00e9ment le plus difficile<small class=\"fine\">\u00a0<\/small>\u00bb<\/i> des pourparlers de paix. L\u2019administration Trump recherche de possibles compromis, notamment en proposant que ce territoire devienne une zone de libre-\u00e9change, mais ne r\u00e9pond pas \u00e0 la question de savoir qui le dirigera.<\/p>\n<p>Comment expliquer une telle impasse<small class=\"fine\">\u00a0<\/small>? Si pendant la guerre froide vous aviez d\u00e9clar\u00e9 que la s\u00e9curit\u00e9 de l\u2019Europe tenait au contr\u00f4le de l\u2019ouest du Donbass, m\u00eame les \u00ab<small class=\"fine\">\u00a0<\/small>faucons<small class=\"fine\">\u00a0<\/small>\u00bb les plus extr\u00e9mistes vous auraient trait\u00e9 de fou. Rappelons qu\u2019\u00e0 l\u2019\u00e9poque les soldats sovi\u00e9tiques \u00e9taient stationn\u00e9s au c\u0153ur de ce qui correspond aujourd\u2019hui \u00e0 l\u2019Allemagne r\u00e9unifi\u00e9e, dans la trou\u00e9e de Fulda, \u00e0 moins\u00a0(\u2026)<\/p>\n<\/p><\/div>\n<p>Taille de l\u2019article complet\u00a0:\u00a0<span>2\u00a0165<\/span>\u00a0mots.<\/p>\n<div class=\"promo_dispo_article\">\n<h2 class=\"avantbloc\">\n\tCet article est r\u00e9serv\u00e9 aux\u00a0abonn\u00e9s<\/p>\n<\/h2>\n<div class=\"abo_inst\">\n\t<strong>Lyc\u00e9es, biblioth\u00e8ques, administrations, entreprises,<\/strong><br \/>\n\tacc\u00e9dez \u00e0 la base de donn\u00e9es en ligne de tous les articles du <i>Monde diplomatique<\/i> de 1954 \u00e0 nos\u00a0jours.<br \/>\n\t<a target=\"_blank\" id=\"pw-institutions\" class=\"suivi\" href=\"https:\/\/www.monde-diplomatique.fr\/archives\/institutions\">Retrouvez cette\u00a0offre sp\u00e9cifique<\/a>.\n<\/div>\n<\/div><\/div>\n<div>\n<p class=\"nom\">Anatol Lieven<\/p>\n<p>\n\t\t\t\t\tJournaliste, coauteur, avec George Beebe et Mark Episkopos, de la note \u00ab<small class=\"fine\">\u00a0<\/small>Peace through strength in Ukraine<small class=\"fine\">\u00a0<\/small>\u00bb publi\u00e9e par le Quincy Institute for Responsible Statecraft (Washington, DC). Le pr\u00e9sent article prolonge des analyses publi\u00e9es dans <i>The Nation<\/i> (28\u00a0octobre).<\/p>\n<\/p><\/div>\n<p><br \/>\n<br \/><a href=\"https:\/\/www.monde-diplomatique.fr\/2026\/01\/LIEVEN\/69165\" target=\"_blank\"\">Source link <\/a><\/p>\n","protected":false},"excerpt":{"rendered":"<p>L\u2019oblast de Donetsk au c\u0153ur des n\u00e9gociations Il n\u2019est pas rare dans les conflits arm\u00e9s qu\u2019un grand nombre de soldats meurent pour la prise de territoires dont l\u2019importance strat\u00e9gique est&hellip; <\/p>\n","protected":false},"author":1,"featured_media":21758,"comment_status":"open","ping_status":"open","sticky":false,"template":"","format":"standard","meta":{"footnotes":""},"categories":[1],"tags":[],"class_list":["post-21757","post","type-post","status-publish","format-standard","has-post-thumbnail","hentry","category-non-classe"],"_links":{"self":[{"href":"https:\/\/monde25.info\/index.php\/wp-json\/wp\/v2\/posts\/21757","targetHints":{"allow":["GET"]}}],"collection":[{"href":"https:\/\/monde25.info\/index.php\/wp-json\/wp\/v2\/posts"}],"about":[{"href":"https:\/\/monde25.info\/index.php\/wp-json\/wp\/v2\/types\/post"}],"author":[{"embeddable":true,"href":"https:\/\/monde25.info\/index.php\/wp-json\/wp\/v2\/users\/1"}],"replies":[{"embeddable":true,"href":"https:\/\/monde25.info\/index.php\/wp-json\/wp\/v2\/comments?post=21757"}],"version-history":[{"count":0,"href":"https:\/\/monde25.info\/index.php\/wp-json\/wp\/v2\/posts\/21757\/revisions"}],"wp:featuredmedia":[{"embeddable":true,"href":"https:\/\/monde25.info\/index.php\/wp-json\/wp\/v2\/media\/21758"}],"wp:attachment":[{"href":"https:\/\/monde25.info\/index.php\/wp-json\/wp\/v2\/media?parent=21757"}],"wp:term":[{"taxonomy":"category","embeddable":true,"href":"https:\/\/monde25.info\/index.php\/wp-json\/wp\/v2\/categories?post=21757"},{"taxonomy":"post_tag","embeddable":true,"href":"https:\/\/monde25.info\/index.php\/wp-json\/wp\/v2\/tags?post=21757"}],"curies":[{"name":"wp","href":"https:\/\/api.w.org\/{rel}","templated":true}]}}