{"id":21759,"date":"2026-01-02T02:26:35","date_gmt":"2026-01-02T01:26:35","guid":{"rendered":"https:\/\/monde25.info\/index.php\/2026\/01\/02\/racisme-les-hommages-a-brigitte-bardot-divisent-les-defenseurs-des-animaux\/"},"modified":"2026-01-02T02:26:35","modified_gmt":"2026-01-02T01:26:35","slug":"racisme-les-hommages-a-brigitte-bardot-divisent-les-defenseurs-des-animaux","status":"publish","type":"post","link":"https:\/\/monde25.info\/index.php\/2026\/01\/02\/racisme-les-hommages-a-brigitte-bardot-divisent-les-defenseurs-des-animaux\/","title":{"rendered":"Racisme\u00a0: les hommages \u00e0 Brigitte Bardot divisent les d\u00e9fenseurs des animaux"},"content":{"rendered":"<p> <br \/>\n<br \/><img loading=\"lazy\" decoding=\"async\" src=\"https:\/\/reporterre.net\/local\/cache-vignettes\/L700xH467\/afp__20251228__896p69g__v7__highres__topshotfrancecinemaobitbardot_1_-631f7.jpg?1767162601\" class=\"spip_logo\" width=\"700\" height=\"467\" alt=\"\" \/><\/p>\n<p>Plusieurs associations de d\u00e9fense des animaux ont rendu hommage \u00e0 Brigitte Bardot en occultant sa proximit\u00e9 avec l&rsquo;extr\u00eame droite. Une \u00ab<small class=\"fine d-inline\">\u00a0<\/small>honte<small class=\"fine d-inline\">\u00a0<\/small>\u00bb pour des militants antisp\u00e9cistes\u00a0: \u00ab<small class=\"fine d-inline\">\u00a0<\/small>\u00catre d\u00e9fenseur des animaux et raciste n&rsquo;est pas compatible.<small class=\"fine d-inline\">\u00a0<\/small>\u00bb <br class=\"autobr\" \/> \u00ab<small class=\"fine d-inline\">\u00a0<\/small>N&rsquo;avez-vous pas honte<small class=\"fine d-inline\">\u00a0<\/small>?<small class=\"fine d-inline\">\u00a0<\/small>\u00bb questionne dans un post Instagram la d\u00e9fenseure des oc\u00e9ans Claire Nouvian. Elle s&rsquo;adresse au journaliste animaliste Hugo Cl\u00e9ment qui, dans son hommage \u00e0 Brigitte Bardot, d\u00e9c\u00e9d\u00e9e le 28\u00a0d\u00e9cembre, occulte sa proximit\u00e9 avec\u00a0(\u2026)<\/p>\n<p>                    <a target=\"_blank\" href=\"https:\/\/reporterre.net\/Racisme-les-hommages-a-Brigitte-Bardot-divisent-les-defenseurs-des-animaux?utm_source=RSS&amp;utm_medium=RSS\">Lire la suite<\/a><\/p>\n<p>                    &#8211;<br \/>\n                        <a target=\"_blank\" href=\"https:\/\/reporterre.net\/Autres-infos\" rel=\"directory\">Info<\/a><\/p>\n<p>                    \/<br \/>\n                        <a target=\"_blank\" href=\"https:\/\/reporterre.net\/Animaux\" rel=\"tag\">Animaux<\/a><br \/>\n<br \/><br \/>\n<br \/><a href=\"https:\/\/reporterre.net\/Racisme-les-hommages-a-Brigitte-Bardot-divisent-les-defenseurs-des-animaux\" target=\"_blank\"\">Source link <\/a><\/p>\n","protected":false},"excerpt":{"rendered":"<p>Plusieurs associations de d\u00e9fense des animaux ont rendu hommage \u00e0 Brigitte Bardot en occultant sa proximit\u00e9 avec l&rsquo;extr\u00eame droite. Une \u00ab\u00a0honte\u00a0\u00bb pour des militants antisp\u00e9cistes\u00a0: \u00ab\u00a0\u00catre d\u00e9fenseur des animaux et&hellip; <\/p>\n","protected":false},"author":1,"featured_media":0,"comment_status":"open","ping_status":"open","sticky":false,"template":"","format":"standard","meta":{"footnotes":""},"categories":[1],"tags":[],"class_list":["post-21759","post","type-post","status-publish","format-standard","hentry","category-non-classe"],"_links":{"self":[{"href":"https:\/\/monde25.info\/index.php\/wp-json\/wp\/v2\/posts\/21759","targetHints":{"allow":["GET"]}}],"collection":[{"href":"https:\/\/monde25.info\/index.php\/wp-json\/wp\/v2\/posts"}],"about":[{"href":"https:\/\/monde25.info\/index.php\/wp-json\/wp\/v2\/types\/post"}],"author":[{"embeddable":true,"href":"https:\/\/monde25.info\/index.php\/wp-json\/wp\/v2\/users\/1"}],"replies":[{"embeddable":true,"href":"https:\/\/monde25.info\/index.php\/wp-json\/wp\/v2\/comments?post=21759"}],"version-history":[{"count":0,"href":"https:\/\/monde25.info\/index.php\/wp-json\/wp\/v2\/posts\/21759\/revisions"}],"wp:attachment":[{"href":"https:\/\/monde25.info\/index.php\/wp-json\/wp\/v2\/media?parent=21759"}],"wp:term":[{"taxonomy":"category","embeddable":true,"href":"https:\/\/monde25.info\/index.php\/wp-json\/wp\/v2\/categories?post=21759"},{"taxonomy":"post_tag","embeddable":true,"href":"https:\/\/monde25.info\/index.php\/wp-json\/wp\/v2\/tags?post=21759"}],"curies":[{"name":"wp","href":"https:\/\/api.w.org\/{rel}","templated":true}]}}