{"id":21764,"date":"2026-01-02T06:17:35","date_gmt":"2026-01-02T05:17:35","guid":{"rendered":"https:\/\/monde25.info\/index.php\/2026\/01\/02\/il-avait-16-ans-lors-des-greves-pour-le-climat-quest-devenu-vipulan-puvaneswaran\/"},"modified":"2026-01-02T06:17:35","modified_gmt":"2026-01-02T05:17:35","slug":"il-avait-16-ans-lors-des-greves-pour-le-climat-quest-devenu-vipulan-puvaneswaran","status":"publish","type":"post","link":"https:\/\/monde25.info\/index.php\/2026\/01\/02\/il-avait-16-ans-lors-des-greves-pour-le-climat-quest-devenu-vipulan-puvaneswaran\/","title":{"rendered":"Il avait 16 ans lors des gr\u00e8ves pour le climat\u00a0: qu&#039;est devenu Vipulan Puvaneswaran\u00a0?"},"content":{"rendered":"<p> <br \/>\n<br \/><img loading=\"lazy\" decoding=\"async\" src=\"https:\/\/reporterre.net\/local\/cache-vignettes\/L700xH467\/08122025_nmn_8553_portrait_vipulan_puvaneswaran__c_nnoman-d382e.jpg?1767083370\" class=\"spip_logo\" width=\"700\" height=\"467\" alt=\"\" \/><\/p>\n<p>[S\u00e9rie\u00a0: Qu&rsquo;est devenue la g\u00e9n\u00e9ration climat<small class=\"fine d-inline\">\u00a0<\/small>?] Six ans apr\u00e8s avoir \u00e9t\u00e9 l&rsquo;un des jeunes visages des marches climat, Vipulan Puvaneswaran, 22\u00a0ans, est devenu l&rsquo;activiste d&rsquo;une \u00e9cologie qui ne s\u00e9pare jamais la crise climatique des h\u00e9ritages coloniaux et refuse les demi-mesures. <br class=\"autobr\" \/><br \/>\nParis, reportage <br class=\"autobr\" \/><br \/>\n\u00c0 la Cit\u00e9 internationale universitaire de Paris, la Cafet&rsquo; est nich\u00e9e en contrebas, en rez-de-jardin. Il faut descendre quelques marches depuis les all\u00e9es impeccablement trac\u00e9es de ce campus\u00a0(\u2026)<\/p>\n<p>                    <a target=\"_blank\" href=\"https:\/\/reporterre.net\/A-22-ans-Vipulan-Puvaneswaran-est-deja-un-veteran-de-l-activisme?utm_source=RSS&amp;utm_medium=RSS\">Lire la suite<\/a><\/p>\n<p>                    &#8211;<br \/>\n                        <a target=\"_blank\" href=\"https:\/\/reporterre.net\/Portrait-158\" rel=\"directory\">Portrait<\/a><\/p>\n<p>                    \/<br \/>\n                        <a target=\"_blank\" href=\"https:\/\/reporterre.net\/Luttes\" rel=\"tag\">Luttes<\/a><br \/>\n                    ,<br \/>\n                        <a target=\"_blank\" href=\"https:\/\/reporterre.net\/Ecologie-et-quartiers-populaires\" rel=\"tag\">\u00c9cologies populaires<\/a><br \/>\n<br \/><br \/>\n<br \/><a href=\"https:\/\/reporterre.net\/A-22-ans-Vipulan-Puvaneswaran-est-deja-un-veteran-de-l-activisme\" target=\"_blank\"\">Source link <\/a><\/p>\n","protected":false},"excerpt":{"rendered":"<p>[S\u00e9rie\u00a0: Qu&rsquo;est devenue la g\u00e9n\u00e9ration climat\u00a0?] Six ans apr\u00e8s avoir \u00e9t\u00e9 l&rsquo;un des jeunes visages des marches climat, Vipulan Puvaneswaran, 22\u00a0ans, est devenu l&rsquo;activiste d&rsquo;une \u00e9cologie qui ne s\u00e9pare jamais&hellip; <\/p>\n","protected":false},"author":1,"featured_media":0,"comment_status":"open","ping_status":"open","sticky":false,"template":"","format":"standard","meta":{"footnotes":""},"categories":[1],"tags":[],"class_list":["post-21764","post","type-post","status-publish","format-standard","hentry","category-non-classe"],"_links":{"self":[{"href":"https:\/\/monde25.info\/index.php\/wp-json\/wp\/v2\/posts\/21764","targetHints":{"allow":["GET"]}}],"collection":[{"href":"https:\/\/monde25.info\/index.php\/wp-json\/wp\/v2\/posts"}],"about":[{"href":"https:\/\/monde25.info\/index.php\/wp-json\/wp\/v2\/types\/post"}],"author":[{"embeddable":true,"href":"https:\/\/monde25.info\/index.php\/wp-json\/wp\/v2\/users\/1"}],"replies":[{"embeddable":true,"href":"https:\/\/monde25.info\/index.php\/wp-json\/wp\/v2\/comments?post=21764"}],"version-history":[{"count":0,"href":"https:\/\/monde25.info\/index.php\/wp-json\/wp\/v2\/posts\/21764\/revisions"}],"wp:attachment":[{"href":"https:\/\/monde25.info\/index.php\/wp-json\/wp\/v2\/media?parent=21764"}],"wp:term":[{"taxonomy":"category","embeddable":true,"href":"https:\/\/monde25.info\/index.php\/wp-json\/wp\/v2\/categories?post=21764"},{"taxonomy":"post_tag","embeddable":true,"href":"https:\/\/monde25.info\/index.php\/wp-json\/wp\/v2\/tags?post=21764"}],"curies":[{"name":"wp","href":"https:\/\/api.w.org\/{rel}","templated":true}]}}