{"id":21767,"date":"2026-01-02T07:23:43","date_gmt":"2026-01-02T06:23:43","guid":{"rendered":"https:\/\/monde25.info\/index.php\/2026\/01\/02\/reflexions-sur-la-nouvelle-annee-et-jacques-baud\/"},"modified":"2026-01-02T07:23:43","modified_gmt":"2026-01-02T06:23:43","slug":"reflexions-sur-la-nouvelle-annee-et-jacques-baud","status":"publish","type":"post","link":"https:\/\/monde25.info\/index.php\/2026\/01\/02\/reflexions-sur-la-nouvelle-annee-et-jacques-baud\/","title":{"rendered":"R\u00e9flexions sur la nouvelle ann\u00e9e \u2013 et Jacques Baud"},"content":{"rendered":"<p> <br \/>\n<\/p>\n<div>\n<ol class=\"campaign-loop campaign-list\">\n<li id=\"campaign-482494\" class=\"post-482494 campaign type-campaign status-publish hentry campaign-has-goal campaign-has-achieved-goal campaign-has-end-date campaign-has-not-ended\">\n\t<a target=\"_blank\" href=\"https:\/\/reseauinternational.net\/campaigns\/campagne-de-dons-septembre-octobre-2025\/\"><\/p>\n<h3>Soutenez-nous<\/h3>\n<p>\t\t\t<\/a><\/p>\n<p>\n\tVotre soutien nous est indispensable pour continuer \u00e0 vous fournir le meilleur de l\u2019information internationale alternative. C\u2019est gr\u00e2ce \u00e0 vos dons que nous pourrons maintenir le cap pour une information plurielle et r\u00e9ellement alternative. Nous comptons sur vous.<\/p>\n<\/li>\n<\/ol>\n<p>par <strong>Peter H\u00e4nseler<\/strong><\/p>\n<p><strong>2025 a \u00e9t\u00e9 une ann\u00e9e qui s\u2019est \u00e9coul\u00e9e plus rapidement que presque toutes les autres. Beaucoup de choses ont chang\u00e9, malheureusement pour le pire.<\/strong><\/p>\n<p>Comprendre le monde devient de plus en plus difficile, et au moment m\u00eame o\u00f9 l\u2019on croit enfin l\u2019avoir compris, tout change \u00e0 nouveau \u2013 vous obligeant \u00e0 tout reprendre depuis le d\u00e9but.<\/p>\n<p>La plupart des politiciens, qui m\u00e8nent ce jeu, songent d\u2019abord \u00e0 leur propre fortune et \u00e0 leurs int\u00e9r\u00eats, d\u00e9laissant la mission que leurs \u00e9lecteurs leur ont confi\u00e9e \u2013 lorsqu\u2019ils ont \u00e9t\u00e9 \u00e9lus, ce qui est de moins en moins fr\u00e9quent.<\/p>\n<p>Si la vie est fascinante pour un observateur g\u00e9opolitique, elle se r\u00e9v\u00e8le d\u00e9vastatrice pour des millions de personnes, prises au pi\u00e8ge de conflits d\u2019int\u00e9r\u00eats multiples et contraintes d\u2019assister \u00e0 la destruction de leur existence, ainsi que de celle de leurs proches \u2013 enfants, parents et voisins.<\/p>\n<p>L\u2019exemple le plus r\u00e9cent, bien connu et portant un nom, est celui de Jacques Baud, qui, en tant qu\u2019analyste militaire parmi les plus objectifs, a finalement \u00e9t\u00e9 sanctionn\u00e9 par l\u2019UE pour avoir commis deux \u00abcrimes\u00bb : premi\u00e8rement, ses analyses \u00e9taient justes ; deuxi\u00e8mement, elles ne correspondaient pas aux v\u0153ux pieux grotesques des dames et messieurs non \u00e9lus de Bruxelles.<\/p>\n<p>Nous avons r\u00e9cemment qualifi\u00e9 l\u2019UE d\u2019<a target=\"_blank\" href=\"https:\/\/forumgeopolitica.com\/de\/artikel\/was-russland-tun-konnte-1#:~:text=Krimineller%20geht%20es%20nicht%20mehr\" target=\"_blank\" rel=\"noopener\" title=\"\">organisation criminelle<\/a> en raison du vol d\u2019actifs russes. Aujourd\u2019hui, en tant que fier citoyen suisse \u2013 mais pour combien de temps encore ? \u2013 je dois reconna\u00eetre que notre gouvernement ne s\u2019est pas seulement discr\u00e9dit\u00e9 en suivant l\u2019exemple de Bruxelles, mais qu\u2019il a \u00e9galement laiss\u00e9 un citoyen suisse livr\u00e9 en p\u00e2ture aux loups, manquant \u00e0 son devoir de protection et d\u00e9montrant ainsi que m\u00eame les avis des experts les plus objectifs ne b\u00e9n\u00e9ficient plus de la moindre protection de la part du gouvernement suisse.<\/p>\n<p>Comment justifier cette accusation incroyable ? Tout d\u2019abord, l\u2019ambassadrice suisse \u00e0 Bruxelles n\u2019a pas seulement omis de contacter Jacques Baud imm\u00e9diatement lorsqu\u2019elle a appris (le 12 d\u00e9cembre) que Jacques Baud serait sanctionn\u00e9 le 15 d\u00e9cembre, mais elle a \u00e9galement refus\u00e9 de lui parler lorsqu\u2019il a pris l\u2019initiative de contacter l\u2019ambassade de son pays. Le Conseil f\u00e9d\u00e9ral suisse n\u2019a pas jug\u00e9 n\u00e9cessaire d\u2019inscrire le cas Baud \u00e0 l\u2019ordre du jour de la r\u00e9union du Conseil f\u00e9d\u00e9ral lorsqu\u2019il a appris que ce patriote suisse, qui avait servi la Conf\u00e9d\u00e9ration suisse toute sa vie, allait \u00eatre sanctionn\u00e9. Pour moi, cela fr\u00f4le la trahison, et je pense que tous les membres du Conseil f\u00e9d\u00e9ral, du DFAE et tous les employ\u00e9s impliqu\u00e9s dans la repr\u00e9sentation suisse \u00e0 Bruxelles sont passibles de poursuites p\u00e9nales et civiles.<\/p>\n<p>Le conseiller f\u00e9d\u00e9ral Jans a clairement exprim\u00e9 sa position en r\u00e9ponse \u00e0 une question d\u2019un journaliste de <em><a target=\"_blank\" href=\"https:\/\/x.com\/weltwoche\/status\/2002057661445976534?s=46&amp;t=W9J41jMi2Q3IazgGzmwRBw\" target=\"_blank\" rel=\"noopener\" title=\"\">Weltwoche<\/a> <\/em>: avec un sourire, il a manifest\u00e9 sa joie \u00e9vidente que l\u2019affaire Baud n\u2019ait pas \u00e9t\u00e9 discut\u00e9e au Conseil f\u00e9d\u00e9ral. On peut aussi voir les choses du bon c\u00f4t\u00e9 : Jans et ses acolytes ne peuvent pas tomber plus bas \u2013 nous r\u00eavons de la reconstruction culturelle et sociale de la Suisse.<\/p>\n<p>source : <a target=\"_blank\" href=\"https:\/\/forumgeopolitica.com\/fr\/article\/reflexions-sur-la-nouvelle-anne-et-jacques-baud\" target=\"_blank\" rel=\"noopener\" title=\"\">Forum Geopolitica<\/a><\/p>\n<div class=\"sharedaddy sd-block sd-like jetpack-likes-widget-wrapper jetpack-likes-widget-unloaded\" id=\"like-post-wrapper-237719536-503308-69574bf5834fa\" data-src=\"https:\/\/widgets.wp.com\/likes\/?ver=15.2#blog_id=237719536&amp;post_id=503308&amp;origin=reseauinternational.net&amp;obj_id=237719536-503308-69574bf5834fa\" data-name=\"like-post-frame-237719536-503308-69574bf5834fa\" data-title=\"Aimer ou rebloguer\">\n<h3 class=\"sd-title\">J\u2019aime \u00e7a\u00a0:<\/h3>\n<p><span class=\"button\"><span>J\u2019aime<\/span><\/span> <span class=\"loading\">chargement\u2026<\/span><\/p>\n<p><span class=\"sd-text-color\"\/><a target=\"_blank\" class=\"sd-link-color\"\/><\/div>\n<p><meta itemscope=\"\" itemprop=\"mainEntityOfPage\" itemtype=\"https:\/\/schema.org\/WebPage\" itemid=\"https:\/\/reseauinternational.net\/reflexions-sur-la-nouvelle-annee-et-jacques-baud\/\"\/><meta itemprop=\"headline\" content=\"R\u00e9flexions sur la nouvelle ann\u00e9e \u2013 et Jacques Baud\"\/><span style=\"display: none;\" itemprop=\"author\" itemscope=\"\" itemtype=\"https:\/\/schema.org\/Person\"><meta itemprop=\"name\" content=\"R\u00e9seau International\"\/><\/span><span style=\"display: none;\" itemprop=\"image\" itemscope=\"\" itemtype=\"https:\/\/schema.org\/ImageObject\"><meta itemprop=\"url\" content=\"https:\/\/i0.wp.com\/reseauinternational.net\/wp-content\/uploads\/2026\/01\/Sans-titre-12.png?fit=800%2C467&amp;ssl=1\"\/><meta itemprop=\"width\" content=\"800\"\/><meta itemprop=\"height\" content=\"467\"\/><\/span><span style=\"display: none;\" itemprop=\"publisher\" itemscope=\"\" itemtype=\"https:\/\/schema.org\/Organization\"><span style=\"display: none;\" itemprop=\"logo\" itemscope=\"\" itemtype=\"https:\/\/schema.org\/ImageObject\"><meta itemprop=\"url\" content=\"https:\/\/reseauinternational.net\/wp-content\/uploads\/2022\/06\/Capture-de\u0301cran-2022-06-14-a\u0300-16.51.07.png\"\/><\/span><meta itemprop=\"name\" content=\"R\u00e9seau International\"\/><\/span><meta itemprop=\"datePublished\" content=\"2026-01-01T09:58:52+00:00\"\/><meta itemprop=\"dateModified\" content=\"2026-01-01T09:59:29+00:00\"\/><\/div>\n<p><br \/>\n<br \/><a href=\"https:\/\/reseauinternational.net\/reflexions-sur-la-nouvelle-annee-et-jacques-baud\/\" target=\"_blank\"\">Source link <\/a><\/p>\n","protected":false},"excerpt":{"rendered":"<p>Soutenez-nous Votre soutien nous est indispensable pour continuer \u00e0 vous fournir le meilleur de l\u2019information internationale alternative. C\u2019est gr\u00e2ce \u00e0 vos dons que nous pourrons maintenir le cap pour une&hellip; <\/p>\n","protected":false},"author":1,"featured_media":21768,"comment_status":"open","ping_status":"open","sticky":false,"template":"","format":"standard","meta":{"footnotes":""},"categories":[1],"tags":[],"class_list":["post-21767","post","type-post","status-publish","format-standard","has-post-thumbnail","hentry","category-non-classe"],"_links":{"self":[{"href":"https:\/\/monde25.info\/index.php\/wp-json\/wp\/v2\/posts\/21767","targetHints":{"allow":["GET"]}}],"collection":[{"href":"https:\/\/monde25.info\/index.php\/wp-json\/wp\/v2\/posts"}],"about":[{"href":"https:\/\/monde25.info\/index.php\/wp-json\/wp\/v2\/types\/post"}],"author":[{"embeddable":true,"href":"https:\/\/monde25.info\/index.php\/wp-json\/wp\/v2\/users\/1"}],"replies":[{"embeddable":true,"href":"https:\/\/monde25.info\/index.php\/wp-json\/wp\/v2\/comments?post=21767"}],"version-history":[{"count":0,"href":"https:\/\/monde25.info\/index.php\/wp-json\/wp\/v2\/posts\/21767\/revisions"}],"wp:featuredmedia":[{"embeddable":true,"href":"https:\/\/monde25.info\/index.php\/wp-json\/wp\/v2\/media\/21768"}],"wp:attachment":[{"href":"https:\/\/monde25.info\/index.php\/wp-json\/wp\/v2\/media?parent=21767"}],"wp:term":[{"taxonomy":"category","embeddable":true,"href":"https:\/\/monde25.info\/index.php\/wp-json\/wp\/v2\/categories?post=21767"},{"taxonomy":"post_tag","embeddable":true,"href":"https:\/\/monde25.info\/index.php\/wp-json\/wp\/v2\/tags?post=21767"}],"curies":[{"name":"wp","href":"https:\/\/api.w.org\/{rel}","templated":true}]}}