{"id":21771,"date":"2026-01-02T08:29:36","date_gmt":"2026-01-02T07:29:36","guid":{"rendered":"https:\/\/monde25.info\/index.php\/2026\/01\/02\/le-rn-en-ordre-de-bataille-pour-2026-dans-lombre-de-2027-rt-en-francais\/"},"modified":"2026-01-02T08:29:36","modified_gmt":"2026-01-02T07:29:36","slug":"le-rn-en-ordre-de-bataille-pour-2026-dans-lombre-de-2027-rt-en-francais","status":"publish","type":"post","link":"https:\/\/monde25.info\/index.php\/2026\/01\/02\/le-rn-en-ordre-de-bataille-pour-2026-dans-lombre-de-2027-rt-en-francais\/","title":{"rendered":"Le RN en ordre de bataille pour 2026, dans l\u2019ombre de 2027 \u2014 RT en fran\u00e7ais"},"content":{"rendered":"<p> <br \/>\n<br \/><img decoding=\"async\" src=\"https:\/\/mf.b37mrtl.ru\/french\/images\/2026.01\/thumbnail\/69565e856f7ccc592d7d1464.jpg\" \/><\/p>\n<div>\n<p class=\"text__summary\">\n                                        Marine Le Pen et Jordan Bardella veulent faire de 2026 une ann\u00e9e de conqu\u00eate pour le RN, en particulier aux municipales. Ils y voient une \u00e9tape cl\u00e9 pour pr\u00e9parer la pr\u00e9sidentielle de 2027 et \u00abenraciner\u00bb le parti dans les territoires. Malgr\u00e9 un contexte politique et judiciaire tendu, les dirigeants affichent unit\u00e9 et confiance.\n                                    <\/p>\n<p data-start=\"64\" data-end=\"724\">Marine Le Pen et Jordan Bardella ont pr\u00e9sent\u00e9 2026 comme une ann\u00e9e d\u00e9cisive pour le Rassemblement national, qu\u2019ils veulent placer sous le signe de la \u00ab conqu\u00eate \u00bb, en particulier \u00e0 l\u2019occasion des \u00e9lections municipales de mars.<\/p>\n<p data-start=\"64\" data-end=\"724\">Dans leurs vid\u00e9os de v\u0153ux diffus\u00e9es sur les r\u00e9seaux sociaux, les deux dirigeants affichent leur volont\u00e9 de pr\u00e9parer ce qu\u2019ils appellent la \u00ab grande alternance \u00bb de 2027, estimant que le \u00ab basculement \u00bb politique est d\u00e9sormais \u00ab \u00e0 port\u00e9e de vote \u00bb. Une mani\u00e8re aussi de tourner la page d\u2019une ann\u00e9e 2025\u00a0jug\u00e9e d\u00e9cevante par Marine Le Pen, qui d\u00e9plore n\u2019avoir pas r\u00e9ussi \u00e0 mettre fin \u00e0 ce qu\u2019elle qualifie de \u00ab confiscation institutionnelle du pays \u00bb.<\/p>\n<h2 data-start=\"64\" data-end=\"724\">Vers une candidature de Bardella ?<\/h2>\n<p data-start=\"64\" data-end=\"724\">Tous deux dressent un constat s\u00e9v\u00e8re du paysage politique actuel. Jordan Bardella \u00e9voque un \u00ab syst\u00e8me \u00e0 bout de souffle \u00bb, soutenu selon lui par une \u00ab coalition de survie \u00bb \u00e0 l\u2019Assembl\u00e9e nationale, tandis que Marine Le Pen critique l\u2019incapacit\u00e9 des institutions \u00e0 r\u00e9pondre aux attentes populaires. Malgr\u00e9 ces attaques, ni l\u2019une ni l\u2019autre n\u2019\u00e9voquent explicitement une censure du gouvernement ni une dissolution de l\u2019Assembl\u00e9e, pourtant r\u00e9clam\u00e9es depuis des mois par le parti, pr\u00e9f\u00e9rant se projeter dans une strat\u00e9gie de long terme.<\/p>\n<p data-start=\"1259\" data-end=\"1782\">Au c\u0153ur de cette feuille de route figure l\u2019\u00e9ch\u00e9ance municipale des 15 et 22 mars 2026. Pr\u00e9sent\u00e9es comme un \u00ab retour au peuple \u00bb, ces \u00e9lections doivent permettre au RN de consolider son implantation locale. Marine Le Pen appelle ses \u00e9lecteurs \u00e0 se mobiliser massivement afin de \u00ab s\u2019exprimer dans les urnes avec force et d\u00e9termination \u00bb, en attendant la pr\u00e9sidentielle. Pour Jordan Bardella, l\u2019enjeu est d\u2019\u00ab enraciner les id\u00e9es \u00bb du parti dans les territoires, afin d\u2019aborder 2027 avec une cr\u00e9dibilit\u00e9 et une assise in\u00e9dites.<\/p>\n<p data-start=\"1784\" data-end=\"2226\">Cette strat\u00e9gie intervient toutefois dans un contexte personnel et judiciaire sensible pour Marine Le Pen, qui attend son proc\u00e8s en appel d\u00e9but 2026. La dirigeante assure n\u00e9anmoins que le parti ne fl\u00e9chira pas, quels que soient les \u00ab attaques \u00bb ou \u00ab mauvais proc\u00e9d\u00e9s \u00bb auxquels il devra faire face. En affichant unit\u00e9 et d\u00e9termination, le RN entend faire de 2026 un tremplin vers l\u2019\u00c9lys\u00e9e, convaincu que le moment politique lui est favorable.<\/p>\n<\/div>\n<p><br \/>\n<br \/><a href=\"https:\/\/francais.rt.com\/france\/128943-rn-ordre-bataille-pour-2026\" target=\"_blank\"\">Source link <\/a><\/p>\n","protected":false},"excerpt":{"rendered":"<p>Marine Le Pen et Jordan Bardella veulent faire de 2026 une ann\u00e9e de conqu\u00eate pour le RN, en particulier aux municipales. Ils y voient une \u00e9tape cl\u00e9 pour pr\u00e9parer la&hellip; <\/p>\n","protected":false},"author":1,"featured_media":21772,"comment_status":"open","ping_status":"open","sticky":false,"template":"","format":"standard","meta":{"footnotes":""},"categories":[1],"tags":[],"class_list":["post-21771","post","type-post","status-publish","format-standard","has-post-thumbnail","hentry","category-non-classe"],"_links":{"self":[{"href":"https:\/\/monde25.info\/index.php\/wp-json\/wp\/v2\/posts\/21771","targetHints":{"allow":["GET"]}}],"collection":[{"href":"https:\/\/monde25.info\/index.php\/wp-json\/wp\/v2\/posts"}],"about":[{"href":"https:\/\/monde25.info\/index.php\/wp-json\/wp\/v2\/types\/post"}],"author":[{"embeddable":true,"href":"https:\/\/monde25.info\/index.php\/wp-json\/wp\/v2\/users\/1"}],"replies":[{"embeddable":true,"href":"https:\/\/monde25.info\/index.php\/wp-json\/wp\/v2\/comments?post=21771"}],"version-history":[{"count":0,"href":"https:\/\/monde25.info\/index.php\/wp-json\/wp\/v2\/posts\/21771\/revisions"}],"wp:featuredmedia":[{"embeddable":true,"href":"https:\/\/monde25.info\/index.php\/wp-json\/wp\/v2\/media\/21772"}],"wp:attachment":[{"href":"https:\/\/monde25.info\/index.php\/wp-json\/wp\/v2\/media?parent=21771"}],"wp:term":[{"taxonomy":"category","embeddable":true,"href":"https:\/\/monde25.info\/index.php\/wp-json\/wp\/v2\/categories?post=21771"},{"taxonomy":"post_tag","embeddable":true,"href":"https:\/\/monde25.info\/index.php\/wp-json\/wp\/v2\/tags?post=21771"}],"curies":[{"name":"wp","href":"https:\/\/api.w.org\/{rel}","templated":true}]}}