{"id":2178,"date":"2024-12-14T13:25:47","date_gmt":"2024-12-14T12:25:47","guid":{"rendered":"https:\/\/monde25.info\/index.php\/2024\/12\/14\/washington-sapprete-a-sanctionner-la-principale-compagnie-petroliere-du-pays-affirme-vucic-rt-en-francais\/"},"modified":"2024-12-14T13:25:47","modified_gmt":"2024-12-14T12:25:47","slug":"washington-sapprete-a-sanctionner-la-principale-compagnie-petroliere-du-pays-affirme-vucic-rt-en-francais","status":"publish","type":"post","link":"https:\/\/monde25.info\/index.php\/2024\/12\/14\/washington-sapprete-a-sanctionner-la-principale-compagnie-petroliere-du-pays-affirme-vucic-rt-en-francais\/","title":{"rendered":"Washington s&rsquo;appr\u00eate \u00e0 sanctionner la principale compagnie p\u00e9troli\u00e8re du pays, affirme Vucic \u2014 RT en fran\u00e7ais"},"content":{"rendered":"<p> <br \/>\n<br \/><img decoding=\"async\" src=\"https:\/\/mf.b37mrtl.ru\/french\/images\/2024.12\/thumbnail\/675d503087f3ec204042bfe8.jpg\" \/><\/p>\n<div>\n<p class=\"text__summary\">\n                                        Les \u00c9tats-Unis pourraient bient\u00f4t imposer des sanctions \u00e0 la soci\u00e9t\u00e9 \u00e9nerg\u00e9tique Naftne industrije Srbije (NIS), qui est majoritairement d\u00e9tenue par Gazprom, a d\u00e9clar\u00e9 le 13 d\u00e9cembre le pr\u00e9sident serbe Aleksandar Vucic.\n                                    <\/p>\n<p>Les \u00c9tats-Unis s&rsquo;appr\u00eateraient \u00e0 imposer des sanctions contre le groupe\u00a0p\u00e9trolier et gazier\u00a0Naftne industrije Srbije (\u00abIndustrie p\u00e9troli\u00e8re de Serbie\u00bb, NIS), premi\u00e8re capitalisation boursi\u00e8re serbe, a <a target=\"_blank\" href=\"https:\/\/informer.rs\/politika\/vesti\/971143\/aleksandar-vucic-informer-tv-intervju-uzivo\" target=\"_blank\" rel=\"noopener noreferrer\">annonc\u00e9<\/a>\u00a0Aleksandar Vucic.<\/p>\n<p>\u00abC&rsquo;est probablement l&rsquo;une des nouvelles les plus difficiles de ces derni\u00e8res ann\u00e9es. La nouvelle selon laquelle les \u00c9tats-Unis imposeront des sanctions compl\u00e8tes contre NIS dans quelques jours en raison de la propri\u00e9t\u00e9 russe a \u00e9t\u00e9 confirm\u00e9e\u00bb, a-t-il d\u00e9clar\u00e9 le 13 d\u00e9cembre sur la cha\u00eene TV Informer.<\/p>\n<p>Le pr\u00e9sident serbe a\u00a0ajout\u00e9 que le Royaume-Uni se serait \u00e9galement joint\u00a0\u00e0 cette initiative\u00a0am\u00e9ricaine.\u00a0Ces pr\u00e9sum\u00e9es sanctions pourraient\u00a0entrer en vigueur \u00e0 compter du 1er janvier,\u00a0a pr\u00e9cis\u00e9 Aleksandar Vucic. \u00abNous discutons avec les Russes et l&rsquo;une des solutions consiste \u00e0 r\u00e9duire la participation russe dans NIS \u00e0 50%\u00bb, a-t-il pr\u00e9cis\u00e9,\u00a0ajoutant\u00a0que la situation \u00e9tait tr\u00e8s grave.<\/p>\n<p>La\u00a0cha\u00eene N1, affili\u00e9e \u00e0 CNN, citant des donn\u00e9es du registre central des valeurs mobili\u00e8res, a <a target=\"_blank\" href=\"https:\/\/n1info.rs\/vesti\/vucic-nisam-video-zvanicni-dokument-kojim-sad-uvode-sankcije-protiv-nis\/\" target=\"_blank\" rel=\"noopener noreferrer\">rapport\u00e9<\/a>\u00a0que la soci\u00e9t\u00e9 russe Gazprom Neft d\u00e9tenait 50% des actions de NIS, la Serbie 29,87% et Gazprom 6,15%.<\/p>\n<p>De son c\u00f4t\u00e9, une agence de presse fran\u00e7aise a soulign\u00e9 que NIS \u00e9tait \u00able seul fournisseur de gaz de la Serbie\u00bb et\u00a0\u00able propri\u00e9taire majoritaire des deux gazoducs qui transportent le gaz depuis la Russie\u00bb. Un\u00a0or bleu\u00a0notamment achemin\u00e9\u00a0via l&rsquo;ol\u00e9oduc\u00a0TurkStream, qui traverse la mer Noire et la Bulgarie, contournant l&rsquo;Ukraine.<\/p>\n<h2>La Serbie ne soutiendra pas les sanctions contre la Russie, a d\u00e9clar\u00e9 Vucic<\/h2>\n<p>\u00abEn tant que pr\u00e9sident de la Serbie et pr\u00e9sident du Conseil national de s\u00e9curit\u00e9, je ne suis pas pr\u00eat pour l&rsquo;instant \u00e0 parler de sanctions potentielles contre Moscou\u00bb, a <a target=\"_blank\" href=\"https:\/\/www.rtv.rs\/sr_lat\/politika\/vucic-nisam-spreman-da-razgovaram-o-potencijalnom-uvodjenju-sankcija-moskvi-zbog-nis_1592441.html\" target=\"_blank\" rel=\"noopener noreferrer\">d\u00e9clar\u00e9<\/a>\u00a0Aleksandar Vucic, cit\u00e9 ce 14 d\u00e9cembre par la radio-t\u00e9l\u00e9vision serbe, d\u00e9fendant une \u00abpolitique\u00a0s\u00e9rieuse\u00bb\u00a0et \u00abresponsable\u00bb men\u00e9e depuis trois ans par Belgrade.<\/p>\n<p>Le pr\u00e9sident serbe se confie r\u00e9guli\u00e8rement, dans les m\u00e9dias, sur les <a target=\"_blank\" href=\"https:\/\/francais.rt.com\/international\/105459-sanctions-anti-russes-aleksandar-vucic\">pressions exerc\u00e9es<\/a> par les chancelleries occidentales pour que son pays s&rsquo;aligne sur les sanctions antirusses.<\/p>\n<p>D\u00e9but d\u00e9cembre, mettant en avant les \u00abrelations solides\u00bb avec Moscou,\u00a0le vice-Premier ministre serbe Aleksandar Vulin avait d\u00e9clar\u00e9 en marge d&rsquo;un forum\u00a0\u00e9conomique aux \u00c9mirats arabes unis\u00a0que la Serbie souhaitait renouveler un contrat d&rsquo;approvisionnement gazier qui expire au mois de mars.<\/p>\n<p>\u00abNous demandons une augmentation\u00bb avait-il par ailleurs <a target=\"_blank\" href=\"https:\/\/www.interfax.ru\/amp\/996246\" target=\"_blank\" rel=\"noopener noreferrer\">d\u00e9clar\u00e9<\/a>, selon des propos rapport\u00e9s par l&rsquo;agence\u00a0Interfax. \u00abPour cette ann\u00e9e, l&rsquo;augmentation des achats de gaz russe a d\u00e9j\u00e0 commenc\u00e9, mais seulement pour l&rsquo;hiver. Apr\u00e8s la conclusion d&rsquo;un nouvel accord, je pense que nous n&rsquo;aurons pas de probl\u00e8mes\u00bb, avait-il ajout\u00e9.<\/p>\n<\/div>\n<p><br \/>\n<br \/><a href=\"https:\/\/francais.rt.com\/international\/115358-petrole-russe-sanctions-serbie-vucic\" target=\"_blank\"\">Source link <\/a><\/p>\n","protected":false},"excerpt":{"rendered":"<p>Les \u00c9tats-Unis pourraient bient\u00f4t imposer des sanctions \u00e0 la soci\u00e9t\u00e9 \u00e9nerg\u00e9tique Naftne industrije Srbije (NIS), qui est majoritairement d\u00e9tenue par Gazprom, a d\u00e9clar\u00e9 le 13 d\u00e9cembre le pr\u00e9sident serbe Aleksandar&hellip; <\/p>\n","protected":false},"author":1,"featured_media":2179,"comment_status":"open","ping_status":"open","sticky":false,"template":"","format":"standard","meta":{"footnotes":""},"categories":[1],"tags":[],"class_list":["post-2178","post","type-post","status-publish","format-standard","has-post-thumbnail","hentry","category-non-classe"],"_links":{"self":[{"href":"https:\/\/monde25.info\/index.php\/wp-json\/wp\/v2\/posts\/2178","targetHints":{"allow":["GET"]}}],"collection":[{"href":"https:\/\/monde25.info\/index.php\/wp-json\/wp\/v2\/posts"}],"about":[{"href":"https:\/\/monde25.info\/index.php\/wp-json\/wp\/v2\/types\/post"}],"author":[{"embeddable":true,"href":"https:\/\/monde25.info\/index.php\/wp-json\/wp\/v2\/users\/1"}],"replies":[{"embeddable":true,"href":"https:\/\/monde25.info\/index.php\/wp-json\/wp\/v2\/comments?post=2178"}],"version-history":[{"count":0,"href":"https:\/\/monde25.info\/index.php\/wp-json\/wp\/v2\/posts\/2178\/revisions"}],"wp:featuredmedia":[{"embeddable":true,"href":"https:\/\/monde25.info\/index.php\/wp-json\/wp\/v2\/media\/2179"}],"wp:attachment":[{"href":"https:\/\/monde25.info\/index.php\/wp-json\/wp\/v2\/media?parent=2178"}],"wp:term":[{"taxonomy":"category","embeddable":true,"href":"https:\/\/monde25.info\/index.php\/wp-json\/wp\/v2\/categories?post=2178"},{"taxonomy":"post_tag","embeddable":true,"href":"https:\/\/monde25.info\/index.php\/wp-json\/wp\/v2\/tags?post=2178"}],"curies":[{"name":"wp","href":"https:\/\/api.w.org\/{rel}","templated":true}]}}