{"id":21789,"date":"2026-01-02T17:50:34","date_gmt":"2026-01-02T16:50:34","guid":{"rendered":"https:\/\/monde25.info\/index.php\/2026\/01\/02\/des-chiens-sans-laisse-ont-mordu-3-jeunes-phoques-sur-lile-de-re\/"},"modified":"2026-01-02T17:50:34","modified_gmt":"2026-01-02T16:50:34","slug":"des-chiens-sans-laisse-ont-mordu-3-jeunes-phoques-sur-lile-de-re","status":"publish","type":"post","link":"https:\/\/monde25.info\/index.php\/2026\/01\/02\/des-chiens-sans-laisse-ont-mordu-3-jeunes-phoques-sur-lile-de-re\/","title":{"rendered":"Des chiens sans laisse ont mordu 3\u00a0jeunes phoques sur l&#039;\u00eele de R\u00e9"},"content":{"rendered":"<p> <br \/>\n<br \/><img loading=\"lazy\" decoding=\"async\" src=\"https:\/\/reporterre.net\/local\/cache-vignettes\/L700xH467\/pexels-njeromin-10273316_1_-7b21b.jpg?1767368114\" class=\"spip_logo\" width=\"700\" height=\"467\" alt=\"\" \/><\/p>\n<p>Depuis le d\u00e9but des vacances de No\u00ebl, trois jeunes phoques ont \u00e9t\u00e9 mordus par des chiens non tenus en laisse sur l&rsquo;\u00eele de R\u00e9 (Charente-Maritime), dont l&rsquo;un sur une palmure, rapporte La Charente libre. \u00c2g\u00e9s de moins de 3\u00a0mois, ils ont d\u00fb \u00eatre pris en charge par le R\u00e9seau national \u00e9chouages (<span class=\"caps\">RNE<\/span>), coordonn\u00e9 par l&rsquo;observatoire Pelagis de l&rsquo;universit\u00e9 de La Rochelle. Les jeunes phoques ont \u00e9t\u00e9 soign\u00e9s et r\u00e9hydrat\u00e9s. <br class=\"autobr\" \/><br \/>\n\u00ab<small class=\"fine d-inline\">\u00a0<\/small>Ces jeunes [phoques] ont \u00e9t\u00e9 allait\u00e9s quinze jours par leur m\u00e8re avant de se\u00a0(\u2026)<\/p>\n<p>                    <a target=\"_blank\" href=\"https:\/\/reporterre.net\/Des-chiens-sans-laisse-ont-mordu-3-jeunes-phoques-sur-l-ile-de-Re?utm_source=RSS&amp;utm_medium=RSS\">Lire la suite<\/a><\/p>\n<p>                    &#8211;<br \/>\n                        <a target=\"_blank\" href=\"https:\/\/reporterre.net\/Breves-20\" rel=\"directory\">En bref<\/a><\/p>\n<p>                    \/<br \/>\n                        <a target=\"_blank\" href=\"https:\/\/reporterre.net\/Animaux\" rel=\"tag\">Animaux<\/a><br \/>\n                    ,<br \/>\n                        <a target=\"_blank\" href=\"https:\/\/reporterre.net\/Mers-et-oceans\" rel=\"tag\">Oc\u00e9ans<\/a><br \/>\n<br \/><br \/>\n<br \/><a href=\"https:\/\/reporterre.net\/Des-chiens-sans-laisse-ont-mordu-3-jeunes-phoques-sur-l-ile-de-Re\" target=\"_blank\"\">Source link <\/a><\/p>\n","protected":false},"excerpt":{"rendered":"<p>Depuis le d\u00e9but des vacances de No\u00ebl, trois jeunes phoques ont \u00e9t\u00e9 mordus par des chiens non tenus en laisse sur l&rsquo;\u00eele de R\u00e9 (Charente-Maritime), dont l&rsquo;un sur une palmure,&hellip; <\/p>\n","protected":false},"author":1,"featured_media":0,"comment_status":"open","ping_status":"open","sticky":false,"template":"","format":"standard","meta":{"footnotes":""},"categories":[1],"tags":[],"class_list":["post-21789","post","type-post","status-publish","format-standard","hentry","category-non-classe"],"_links":{"self":[{"href":"https:\/\/monde25.info\/index.php\/wp-json\/wp\/v2\/posts\/21789","targetHints":{"allow":["GET"]}}],"collection":[{"href":"https:\/\/monde25.info\/index.php\/wp-json\/wp\/v2\/posts"}],"about":[{"href":"https:\/\/monde25.info\/index.php\/wp-json\/wp\/v2\/types\/post"}],"author":[{"embeddable":true,"href":"https:\/\/monde25.info\/index.php\/wp-json\/wp\/v2\/users\/1"}],"replies":[{"embeddable":true,"href":"https:\/\/monde25.info\/index.php\/wp-json\/wp\/v2\/comments?post=21789"}],"version-history":[{"count":0,"href":"https:\/\/monde25.info\/index.php\/wp-json\/wp\/v2\/posts\/21789\/revisions"}],"wp:attachment":[{"href":"https:\/\/monde25.info\/index.php\/wp-json\/wp\/v2\/media?parent=21789"}],"wp:term":[{"taxonomy":"category","embeddable":true,"href":"https:\/\/monde25.info\/index.php\/wp-json\/wp\/v2\/categories?post=21789"},{"taxonomy":"post_tag","embeddable":true,"href":"https:\/\/monde25.info\/index.php\/wp-json\/wp\/v2\/tags?post=21789"}],"curies":[{"name":"wp","href":"https:\/\/api.w.org\/{rel}","templated":true}]}}