{"id":21790,"date":"2026-01-02T18:23:41","date_gmt":"2026-01-02T17:23:41","guid":{"rendered":"https:\/\/monde25.info\/index.php\/2026\/01\/02\/les-10-bonnes-nouvelles-de-la-semaine-25\/"},"modified":"2026-01-02T18:23:41","modified_gmt":"2026-01-02T17:23:41","slug":"les-10-bonnes-nouvelles-de-la-semaine-25","status":"publish","type":"post","link":"https:\/\/monde25.info\/index.php\/2026\/01\/02\/les-10-bonnes-nouvelles-de-la-semaine-25\/","title":{"rendered":"les 10 bonnes nouvelles de la semaine"},"content":{"rendered":"<p> <br \/>\n<\/p>\n<div>\n<h4><strong>Vous n\u2019avez pas eu le temps de suivre l\u2019actu ? Voici les 10 bonnes nouvelles \u00e0 ne surtout pas manquer cette semaine.\u00a0<\/strong><\/h4>\n<h2><strong>1. Le Royaume-Uni s\u2019appr\u00eate \u00e0 interdire l\u2019\u00e9bouillantage des crustac\u00e9s\u00a0<\/strong><\/h2>\n<p><span style=\"font-weight: 400;\"> Apr\u00e8s avoir reconnu en 2021 que les homards, crabes et crevettes sont des \u00eatres sensibles, <strong>le gouvernement britannique pr\u00e9pare une interdiction de l\u2019\u00e9bouillantage \u00e0 vif pour 2030.<\/strong> Des m\u00e9thodes d\u2019abattage alternatives, jug\u00e9es moins cruelles, devraient \u00eatre impos\u00e9es. <strong>La Suisse, la Norv\u00e8ge, l\u2019Autriche et la Nouvelle-Z\u00e9lande l\u2019ont d\u00e9j\u00e0 proscrit. <\/strong><\/span><i><span style=\"font-weight: 400;\">(<\/span><\/i><a target=\"_blank\" href=\"https:\/\/reporterre.net\/Le-Royaume-Uni-veut-interdire-d-ebouillanter-les-homards-et-crevettes\"><i><span style=\"font-weight: 400;\">Reporterre<\/span><\/i><\/a><i><span style=\"font-weight: 400;\">)<\/span><\/i><\/p>\n<h2><b>2. Dans ce march\u00e9, les clients choisissent le prix qu\u2019ils paient<\/b><\/h2>\n<p><span style=\"font-weight: 400;\">Dans les locaux de l\u2019ancienne Manufacture des tabacs, dans un quartier populaire de Bergerac, <strong>aucun tarif n\u2019est affich\u00e9 au march\u00e9 \u201cdes trois prix\u201d : chacun donne selon ses moyens ou ce qu\u2019il estime juste.<\/strong> Ce syst\u00e8me solidaire permet l\u2019acc\u00e8s \u00e0 une alimentation de qualit\u00e9 tout en assurant l\u2019\u00e9quilibre \u00e9conomique du lieu. <\/span><i><span style=\"font-weight: 400;\">(<\/span><\/i><a target=\"_blank\" href=\"https:\/\/reporterre.net\/Dans-ce-marche-les-clients-choisissent-leur-prix\"><i><span style=\"font-weight: 400;\">Reporterre<\/span><\/i><\/a><i><span style=\"font-weight: 400;\">)<\/span><\/i><\/p>\n<h2><b>3. Des mobilisations pour sauver les for\u00eats mill\u00e9naires du Canada<\/b><\/h2>\n<p><span style=\"font-weight: 400;\">Dans <a target=\"_blank\" href=\"https:\/\/mrmondialisation.org\/forets-francaises-solutions\/\">la for\u00eat<\/a> de Walbran, sur l\u2019\u00eele de Vancouver, au Canada, <strong>militants, habitants et communaut\u00e9s autochtones s\u2019opposent \u00e0 des projets d\u2019exploitation mena\u00e7ant des for\u00eats anciennes.<\/strong> Ils d\u00e9noncent la destruction d\u2019\u00e9cosyst\u00e8mes irrempla\u00e7ables, essentiels \u00e0 la biodiversit\u00e9 et au climat. <\/span><i><span style=\"font-weight: 400;\">(<\/span><\/i><a target=\"_blank\" href=\"https:\/\/lareleveetlapeste.fr\/ils-sopposent-aux-bulldozers-pour-sauver-les-forets-millenaires-du-canada\/\"><i><span style=\"font-weight: 400;\">La Rel\u00e8ve et la Peste<\/span><\/i><\/a><i><span style=\"font-weight: 400;\">)<\/span><\/i><\/p>\n<h2><b>4. Les politiques \u00e9cologiques urbaines s\u2019installent durablement<\/b><\/h2>\n<p><span style=\"font-weight: 400;\"><strong>Bio dans les cantines, pistes cyclables, rues aux \u00e9coles :<\/strong> dans de nombreuses grandes villes comme Lyon, Bordeaux, Strasbourg, Poitiers, Grenoble ou Marseille,<strong> ces mesures ne sont plus remises en cause.<\/strong> M\u00eame les alternances politiques ne reviennent pas sur ces transformations. (<\/span><a target=\"_blank\" href=\"https:\/\/www.liberation.fr\/environnement\/bio-a-la-cantine-pistes-cyclables-rues-aux-ecoles-dans-les-grandes-villes-10-realisations-ecolos-parties-pour-durer-20260101_JSN64HYDZFFFPH6CKQLCDCCEFM\/\"><span style=\"font-weight: 400;\">Lib\u00e9ration<\/span><\/a><span style=\"font-weight: 400;\">)<\/span><\/p>\n<h2><b>5. Une esp\u00e8ce disparue depuis un si\u00e8cle r\u00e9appara\u00eet en Lot-et-Garonne<\/b><\/h2>\n<p>Sur les bords de la Garonne vers Agen,<span style=\"font-weight: 400;\"> le castor d\u2019Europe, absent des observations locales depuis pr\u00e8s de cent ans, a \u00e9t\u00e9 rep\u00e9r\u00e9 le long d\u2019un fleuve. Une red\u00e9couverte li\u00e9e \u00e0 l\u2019am\u00e9lioration progressive des milieux naturels. <\/span><i><span style=\"font-weight: 400;\">(<\/span><\/i><a target=\"_blank\" href=\"https:\/\/actu.fr\/nouvelle-aquitaine\/agen_47001\/disparu-il-y-a-un-siecle-un-animal-rare-repere-le-long-du-fleuve-en-lot-et-garonne_63620879.html\"><i><span style=\"font-weight: 400;\">Actu<\/span><\/i><\/a><i><span style=\"font-weight: 400;\">)<\/span><\/i><\/p>\n<h2><strong>6. Des orangs-outans sauv\u00e9s du trafic vont \u00e0 l\u2019\u00e9cole de la jungle<\/strong><\/h2>\n<p><span style=\"font-weight: 400;\">A l\u2019Orangutan Information Centre (OIC), \u00e0 Sumatra, en Indon\u00e9sie, <strong><a target=\"_blank\" href=\"https:\/\/mrmondialisation.org\/papa-outang-une-pate-a-tartiner-anti-huile-de-palme\/\">les orang-outangs<\/a> victimes du commerce ill\u00e9gal, vont ensuite \u00e0 l\u2019\u00e9cole de la jungle,<\/strong> pour suivre une longue r\u00e9habilitation pour r\u00e9apprendre \u00e0 se nourrir seuls, construire des nids et \u00e9viter les humains avant leur r\u00e9introduction. (<\/span><a target=\"_blank\" href=\"https:\/\/news.mongabay.com\/video\/2025\/12\/orangutans-rescued-from-the-wildlife-trade-undergo-intensive-re-training-to-return-to-the-wild\/\"><span style=\"font-weight: 400;\">Mongabay<\/span><\/a><span style=\"font-weight: 400;\">)<\/span><\/p>\n<h2><b>7. Un recensement in\u00e9dit du l\u00e9opard des neiges au N\u00e9pal<\/b><\/h2>\n<p><span style=\"font-weight: 400;\"><strong>397 individus l\u00e9opards des neiges ont \u00e9t\u00e9 recens\u00e9s \u00e0 travers sept r\u00e9gions montagneuses du N\u00e9pal, avec une densit\u00e9 moyenne de 1,56 l\u00e9opard pour 100 km\u00b2.<\/strong> Une prouesse rendue possible gr\u00e2ce \u00e0 des ann\u00e9es de relev\u00e9s de terrain. Menac\u00e9 dans les 12 pays o\u00f9 il est pr\u00e9sent. Ce recensement permet d\u2019orienter les actions de protection, notamment dans les zones non prot\u00e9g\u00e9es o\u00f9 subsistent encore de nombreux l\u00e9opards des neiges. <\/span><i><span style=\"font-weight: 400;\">(<\/span><\/i><a target=\"_blank\" href=\"https:\/\/www.wwf.fr\/vous-informer\/effet-panda\/un-grand-bond-en-avant-pour-le-leopard-des-neiges\"><i><span style=\"font-weight: 400;\">WWF<\/span><\/i><\/a><i><span style=\"font-weight: 400;\">)<\/span><\/i><\/p>\n<h2><b>8. Le chauffage urbain va co\u00fbter moins cher \u00e0 Paris<\/b><\/h2>\n<p><span style=\"font-weight: 400;\">Au 1er janvier 2027, <strong>Dalkia remplacera Engie \u00e0 la t\u00eate du r\u00e9seau de chaleur parisien (d\u00e9cision valid\u00e9e le 17 d\u00e9cembre par le Conseil de Paris), via un contrat annonc\u00e9 \u00e0 15 milliards d\u2019euros sur 25 ans.<\/strong> La Ville annonce une baisse des tarifs en 2027 pour 69 % des usagers ; <\/span><i><span style=\"font-weight: 400;\">(<\/span><\/i><a target=\"_blank\" href=\"https:\/\/www.journaldugeek.com\/2025\/12\/27\/bonne-nouvelle-les-prix-du-chauffage-a-paris-vont-baisser\/\"><i><span style=\"font-weight: 400;\">Journal du Geek<\/span><\/i><\/a><i><span style=\"font-weight: 400;\">)<\/span><\/i><\/p>\n<h2><b>9. Un label pour identifier le b\u0153uf sans d\u00e9forestation au Br\u00e9sil<\/b><b><br \/><\/b><\/h2>\n<p><span style=\"font-weight: 400;\"><strong>Un nouveau label reposant sur quatre niveaux de certification pour le b\u0153uf sans d\u00e9forestation a \u00e9t\u00e9 lanc\u00e9 au Br\u00e9sil.<\/strong> Si la fili\u00e8re bovine br\u00e9silienne ne l\u2019a pas encore largement adopt\u00e9, les entreprises devraient progressivement s\u2019y engager \u00e0 mesure que la demande de b\u0153uf certifi\u00e9 BoT augmente chez les exportateurs.<strong> Un premier pas qui am\u00e8nera sans doute \u00e0 quelques critiques prochainement.<\/strong>\u00a0 <\/span><i><span style=\"font-weight: 400;\">(<\/span><\/i><a target=\"_blank\" href=\"https:\/\/news.mongabay.com\/2025\/12\/in-brazil-a-new-label-gives-more-visibility-to-deforestation-free-beef\/\"><i><span style=\"font-weight: 400;\">Mongabay<\/span><\/i><\/a><i><span style=\"font-weight: 400;\">)<\/span><\/i><\/p>\n<h2><strong>10.<\/strong> <strong data-start=\"0\" data-end=\"66\" data-is-only-node=\"\">Un tribunal su\u00e9dois bloque l\u2019abattage de loups pr\u00e9vu pour 2026<\/strong><\/h2>\n<p><strong>En Su\u00e8de, un tribunal administratif a suspendu un projet d\u2019abattage de loups pr\u00e9vu pour 2026, estimant que les conditions l\u00e9gales n\u2019\u00e9taient pas r\u00e9unies pour justifier ces tirs.<\/strong> La d\u00e9cision rappelle que le loup est une <strong data-start=\"303\" data-end=\"334\">esp\u00e8ce strictement prot\u00e9g\u00e9e<\/strong> par le droit europ\u00e9en et que les autorit\u00e9s doivent d\u00e9montrer l\u2019absence d\u2019alternatives et l\u2019absence d\u2019impact n\u00e9gatif sur l\u2019\u00e9tat de conservation de l\u2019esp\u00e8ce. <em data-start=\"491\" data-end=\"513\" data-is-last-node=\"\">(<a target=\"_blank\" href=\"https:\/\/www.30millionsdamis.fr\/actualites\/article\/26626-un-tribunal-suedois-bloque-labattage-de-loups-prevu-pour-2026\">30 Millions d\u2019Amis<\/a>)<\/em><\/p>\n<p style=\"text-align: right;\"><em>\u2013\u00a0 Mauricette Baelen<\/em><\/p>\n<div class=\"td-a-rec td-a-rec-id-content_inline  tdi_1 td_block_template_1\">\n<center><a target=\"_blank\" href=\"https:\/\/fr.tipeee.com\/mr-mondialisation\" class=\"tipeee-project-small\">Je m&rsquo;abonne \u00e0 Mr Mondialisation<\/a>&#13;<br \/>\n<\/center>&amp;nbsp<\/div>\n<div class=\"td-a-rec td-a-rec-id-content_bottom  tdi_2 td_block_template_1\">\n<span class=\"td-adspot-title\">&#8211; Cet article gratuit, ind\u00e9pendant et sans IA existe gr\u00e2ce aux abonn\u00e9s &#8211;<\/span><\/p>\n<div class=\"td-all-devices\">\n    <a target=\"_blank\" href=\"https:\/\/mrmondialisation.org\/donation\/\" title=\"Faire_un_don\"><img decoding=\"async\" class=\"donationArticle\" src=\"https:\/\/mrmondialisation.org\/wp-content\/uploads\/2022\/12\/220405-flikalicious-final.jpg\" alt=\"Donation\"\/><\/a>\n<\/div>\n<\/div><\/div>\n<p><br \/>\n<br \/><a href=\"https:\/\/mrmondialisation.org\/crustaces-marche-et-forets-millenaires-les-10-bonnes-nouvelles-de-la-semaine\/\" target=\"_blank\"\">Source link <\/a><\/p>\n","protected":false},"excerpt":{"rendered":"<p>Vous n\u2019avez pas eu le temps de suivre l\u2019actu ? Voici les 10 bonnes nouvelles \u00e0 ne surtout pas manquer cette semaine.\u00a0 1. Le Royaume-Uni s\u2019appr\u00eate \u00e0 interdire l\u2019\u00e9bouillantage des&hellip; <\/p>\n","protected":false},"author":1,"featured_media":21791,"comment_status":"open","ping_status":"open","sticky":false,"template":"","format":"standard","meta":{"footnotes":""},"categories":[1],"tags":[],"class_list":["post-21790","post","type-post","status-publish","format-standard","has-post-thumbnail","hentry","category-non-classe"],"_links":{"self":[{"href":"https:\/\/monde25.info\/index.php\/wp-json\/wp\/v2\/posts\/21790","targetHints":{"allow":["GET"]}}],"collection":[{"href":"https:\/\/monde25.info\/index.php\/wp-json\/wp\/v2\/posts"}],"about":[{"href":"https:\/\/monde25.info\/index.php\/wp-json\/wp\/v2\/types\/post"}],"author":[{"embeddable":true,"href":"https:\/\/monde25.info\/index.php\/wp-json\/wp\/v2\/users\/1"}],"replies":[{"embeddable":true,"href":"https:\/\/monde25.info\/index.php\/wp-json\/wp\/v2\/comments?post=21790"}],"version-history":[{"count":0,"href":"https:\/\/monde25.info\/index.php\/wp-json\/wp\/v2\/posts\/21790\/revisions"}],"wp:featuredmedia":[{"embeddable":true,"href":"https:\/\/monde25.info\/index.php\/wp-json\/wp\/v2\/media\/21791"}],"wp:attachment":[{"href":"https:\/\/monde25.info\/index.php\/wp-json\/wp\/v2\/media?parent=21790"}],"wp:term":[{"taxonomy":"category","embeddable":true,"href":"https:\/\/monde25.info\/index.php\/wp-json\/wp\/v2\/categories?post=21790"},{"taxonomy":"post_tag","embeddable":true,"href":"https:\/\/monde25.info\/index.php\/wp-json\/wp\/v2\/tags?post=21790"}],"curies":[{"name":"wp","href":"https:\/\/api.w.org\/{rel}","templated":true}]}}