{"id":21794,"date":"2026-01-02T19:29:35","date_gmt":"2026-01-02T18:29:35","guid":{"rendered":"https:\/\/monde25.info\/index.php\/2026\/01\/02\/cacophonie-au-pouvoir-nunez-sur-tous-les-fronts\/"},"modified":"2026-01-02T19:29:35","modified_gmt":"2026-01-02T18:29:35","slug":"cacophonie-au-pouvoir-nunez-sur-tous-les-fronts","status":"publish","type":"post","link":"https:\/\/monde25.info\/index.php\/2026\/01\/02\/cacophonie-au-pouvoir-nunez-sur-tous-les-fronts\/","title":{"rendered":"Cacophonie au pouvoir Nunez sur tous les fronts"},"content":{"rendered":"<p> <br \/>\n<\/p>\n<div>\n<p>Le ministre de l&rsquo;Int\u00e9rieur, Laurent Nu\u00f1ez, a d\u00e9fendu mercredi la naturalisation de l&rsquo;acteur am\u00e9ricain George Clooney et de sa famille, apr\u00e8s les r\u00e9serves \u00e9mises par sa ministre d\u00e9l\u00e9gu\u00e9e qui avait d\u00e9nonc\u00e9 un \u00ab\u00a0deux poids deux mesures\u00a0\u00bb, quand Donald Trump, lui, s&rsquo;en est moqu\u00e9.<\/p>\n<p>\u00ab\u00a0Moi, que George Clooney demande la naturalisation, je peux en \u00eatre tr\u00e8s fi\u00e8re\u00a0\u00bb, avait d\u00e9clar\u00e9 mercredi matin\u00a0Marie-Pierre Vedrenne sur <em>FranceInfo<\/em>, tout en estimant que \u00ab\u00a0ce n&rsquo;est pas le bon message qui est envoy\u00e9\u00a0\u00bb.<\/p>\n<p>Mais en d\u00e9but de soir\u00e9e, Laurent Nu\u00f1ez s&rsquo;est nettement d\u00e9marqu\u00e9 de sa ministre d\u00e9l\u00e9gu\u00e9e, assurant au contraire qu&rsquo;il n&rsquo;y avait aucun \u00ab\u00a0deux poids deux mesures\u00a0\u00bb. L&rsquo;acteur et producteur, ainsi que sa femme, avocate internationale, ont \u00e9t\u00e9 naturalis\u00e9s \u00ab\u00a0par d\u00e9cret\u00a0\u00bb du ministre de l&rsquo;Int\u00e9rieur, a pr\u00e9cis\u00e9 ce dernier.<\/p>\n<p>\u00ab\u00a0Nous sommes tr\u00e8s satisfaits\u00a0\u00bb de ces naturalisations, d&rsquo;autant que le couple Clooney et ses deux enfants \u00ab\u00a0vivent sur le territoire national\u00a0\u00bb, dans le Var, a ajout\u00e9 Laurent Nu\u00f1ez, qualifiant cette naturalisation de \u00ab\u00a0grande chance pour notre pays\u00a0\u00bb.<\/p>\n<p>Y voyant un \u00ab\u00a0sujet d&rsquo;\u00e9quit\u00e9\u00a0\u00bb, qui est \u00ab\u00a0absolument essentiel\u00a0\u00bb, Marie-Pierre Vedrenne avait dit comprendre le sentiment de \u00ab\u00a0deux poids deux mesures\u00a0\u00bb chez certains Fran\u00e7ais, alors que l&rsquo;acteur de 64 ans admettait d\u00e9but d\u00e9cembre sur RTL \u00eatre \u00ab\u00a0toujours aussi mauvais\u00a0\u00bb en fran\u00e7ais malgr\u00e9 \u00ab\u00a0400 jours de cours\u00a0\u00bb.<\/p>\n<p>La situation de George Clooney et de son \u00e9pouse Amal Alamuddin Clooney \u00ab\u00a0r\u00e9pond aux conditions fix\u00e9es par la loi\u00a0\u00bb pour une naturalisation, a d\u00e9clar\u00e9 de son c\u00f4t\u00e9 le minist\u00e8re des Affaires \u00e9trang\u00e8res, en rappelant l&rsquo;article 21-21 du Code civil.<\/p>\n<p>Celui-ci stipule que \u00ab\u00a0la nationalit\u00e9 fran\u00e7aise peut \u00eatre conf\u00e9r\u00e9e par naturalisation, sur proposition du ministre des Affaires \u00e9trang\u00e8res, \u00e0 tout \u00e9tranger francophone qui en fait la demande et qui contribue par son action \u00e9m\u00e9rite au rayonnement de la France et \u00e0 la prosp\u00e9rit\u00e9 de ses relations \u00e9conomiques internationales\u00a0\u00bb.<\/p>\n<p>\u00ab\u00a0Bonne nouvelle! George et Amal Clooney, deux des pires pronostiqueurs politiques de tous les temps, sont officiellement devenus citoyens fran\u00e7ais\u00a0\u00bb, a lanc\u00e9 mercredi le pr\u00e9sident am\u00e9ricain Donald Trump sur son r\u00e9seau Truth Social.<\/p>\n<p>\u00ab\u00a0Malheureusement, la France est actuellement confront\u00e9e \u00e0 un grave probl\u00e8me de criminalit\u00e9 en raison de sa gestion absolument d\u00e9sastreuse de l&rsquo;immigration, comme celle qu&rsquo;on a eue sous Joe Biden l&rsquo;endormi\u00a0\u00bb, a-t-il critiqu\u00e9 au passage, reprenant son sobriquet favori pour d\u00e9signer son pr\u00e9d\u00e9cesseur d\u00e9mocrate \u00e0 la Maison Blanche. M. Trump dresse r\u00e9guli\u00e8rement un lien entre criminalit\u00e9 et immigration sans faire valoir de statistiques fiables.<\/p>\n<p><strong>George Clooney est un soutien important du camp d\u00e9mocrate.<\/strong><\/p>\n<p>Le minist\u00e8re\u00a0des Affaires \u00e9trang\u00e8res a \u00e9voqu\u00e9 la \u00ab\u00a0place de premier rang\u00a0\u00bb occup\u00e9e par George Clooney \u00ab\u00a0dans l&rsquo;industrie cin\u00e9matographique \u00e0 l&rsquo;\u00e9chelle mondiale\u00a0\u00bb, qui \u00ab\u00a0ne peut que contribuer au maintien et \u00e0 la promotion de la place de la France dans ce secteur \u00e9conomique essentiel\u00a0\u00bb.<\/p>\n<p>Quant \u00e0 Amal Alamuddin Clooney, \u00ab\u00a0avocate de renom\u00a0\u00bb, elle \u00ab\u00a0collabore r\u00e9guli\u00e8rement avec des institutions universitaires et des organisations internationales install\u00e9es en France\u00a0\u00bb, a ajout\u00e9 le minist\u00e8re.<\/p>\n<p>\u00c0 partir du 1\u1d49\u02b3\u00a0janvier, le niveau de fran\u00e7ais exig\u00e9 pour les \u00e9trangers souhaitant notamment acqu\u00e9rir la nationalit\u00e9 fran\u00e7aise sera plus \u00e9lev\u00e9. En vertu de la derni\u00e8re loi immigration, ils devront notamment avoir obtenu un dipl\u00f4me de niveau avanc\u00e9 (B2), exig\u00e9 par exemple pour rentrer dans une universit\u00e9. Ils devront en outre avoir r\u00e9ussi un examen civique dans le cadre du Contrat d&rsquo;Int\u00e9gration R\u00e9publicaine (CIR).<\/p>\n<p>L&rsquo;acteur, son \u00e9pouse et leurs jumeaux \u00e2g\u00e9s de huit ans ont obtenu la nationalit\u00e9 fran\u00e7aise par un d\u00e9cret publi\u00e9 samedi au Journal officiel.<\/p>\n<p>Quelque 48\u00a0800\u00a0personnes ont acquis la nationalit\u00e9 fran\u00e7aise par d\u00e9cret en 2024, selon les derniers chiffres du minist\u00e8re de l&rsquo;Int\u00e9rieur.<\/p>\n<p>Le couple star, dont la naturalisation a \u00e9t\u00e9 r\u00e9v\u00e9l\u00e9e par Paris Match, r\u00e9side une partie de l&rsquo;ann\u00e9e dans sa bastide de Brignoles (Var), acquise en 2021.<\/p>\n<\/div>\n<p><script>(function(d, s, id) {  var js, fjs = d.getElementsByTagName(s)[0];  if (d.getElementById(id)) return;  js = d.createElement(s); js.id = id;  js.src = \"\/\/connect.facebook.net\/fr_FR\/sdk.js#xfbml=1&version=v2.3\";  fjs.parentNode.insertBefore(js, fjs);}(document, \"script\", \"facebook-jssdk\"));<\/script><br \/>\n<br \/><br \/>\n<br \/><a href=\"https:\/\/www.francesoir.fr\/culture-celebrites\/cacophonie-au-pouvoir-nunez-sur-tous-les-fronts\" target=\"_blank\"\">Source link <\/a><\/p>\n","protected":false},"excerpt":{"rendered":"<p>Le ministre de l&rsquo;Int\u00e9rieur, Laurent Nu\u00f1ez, a d\u00e9fendu mercredi la naturalisation de l&rsquo;acteur am\u00e9ricain George Clooney et de sa famille, apr\u00e8s les r\u00e9serves \u00e9mises par sa ministre d\u00e9l\u00e9gu\u00e9e qui avait&hellip; <\/p>\n","protected":false},"author":1,"featured_media":21795,"comment_status":"open","ping_status":"open","sticky":false,"template":"","format":"standard","meta":{"footnotes":""},"categories":[1],"tags":[],"class_list":["post-21794","post","type-post","status-publish","format-standard","has-post-thumbnail","hentry","category-non-classe"],"_links":{"self":[{"href":"https:\/\/monde25.info\/index.php\/wp-json\/wp\/v2\/posts\/21794","targetHints":{"allow":["GET"]}}],"collection":[{"href":"https:\/\/monde25.info\/index.php\/wp-json\/wp\/v2\/posts"}],"about":[{"href":"https:\/\/monde25.info\/index.php\/wp-json\/wp\/v2\/types\/post"}],"author":[{"embeddable":true,"href":"https:\/\/monde25.info\/index.php\/wp-json\/wp\/v2\/users\/1"}],"replies":[{"embeddable":true,"href":"https:\/\/monde25.info\/index.php\/wp-json\/wp\/v2\/comments?post=21794"}],"version-history":[{"count":0,"href":"https:\/\/monde25.info\/index.php\/wp-json\/wp\/v2\/posts\/21794\/revisions"}],"wp:featuredmedia":[{"embeddable":true,"href":"https:\/\/monde25.info\/index.php\/wp-json\/wp\/v2\/media\/21795"}],"wp:attachment":[{"href":"https:\/\/monde25.info\/index.php\/wp-json\/wp\/v2\/media?parent=21794"}],"wp:term":[{"taxonomy":"category","embeddable":true,"href":"https:\/\/monde25.info\/index.php\/wp-json\/wp\/v2\/categories?post=21794"},{"taxonomy":"post_tag","embeddable":true,"href":"https:\/\/monde25.info\/index.php\/wp-json\/wp\/v2\/tags?post=21794"}],"curies":[{"name":"wp","href":"https:\/\/api.w.org\/{rel}","templated":true}]}}