{"id":21798,"date":"2026-01-02T20:35:47","date_gmt":"2026-01-02T19:35:47","guid":{"rendered":"https:\/\/monde25.info\/index.php\/2026\/01\/02\/trump-le-grand-homme-de-paix-vient-de-declarer-quil-est-pret-a-faire-la-guerre-a-liran\/"},"modified":"2026-01-02T20:35:47","modified_gmt":"2026-01-02T19:35:47","slug":"trump-le-grand-homme-de-paix-vient-de-declarer-quil-est-pret-a-faire-la-guerre-a-liran","status":"publish","type":"post","link":"https:\/\/monde25.info\/index.php\/2026\/01\/02\/trump-le-grand-homme-de-paix-vient-de-declarer-quil-est-pret-a-faire-la-guerre-a-liran\/","title":{"rendered":"Trump, le grand homme de paix, vient de d\u00e9clarer qu&rsquo;il est pr\u00eat \u00e0 faire la guerre \u00e0 l&rsquo;Iran !"},"content":{"rendered":"<p> <br \/>\n<\/p>\n<div>\n<p><span class=\"css-1jxf684 r-bcqeeo r-1ttztb7 r-qvutc0 r-poiln3 r-1adg3ll r-1g7jtus r-1x3r274\"><span class=\"css-1jxf684 r-bcqeeo r-1ttztb7 r-qvutc0 r-poiln3\"><span class=\"css-1jxf684 r-bcqeeo r-1ttztb7 r-qvutc0 r-poiln3 r-1x3r274\"><span class=\"dropcap \" style=\"background-color: #ffffff; color: #000000; border-color: #ffffff;\"><strong>D<\/strong><\/span>\u00e9clarer une guerre ou menacer d\u2019intervenir militairement contre un pays souverain simplement parce qu\u2019il y a des morts lors de manifestations internes est absurde et contraire au droit international. S<\/span><span class=\"css-1jxf684 r-bcqeeo r-1ttztb7 r-qvutc0 r-poiln3 r-1x3r274\">i une telle action militaire avait lieu (sans menace directe contre les USA ou mandat ONU), elle serait <\/span><span class=\"css-1jxf684 r-bcqeeo r-1ttztb7 r-qvutc0 r-poiln3 r-1x3r274 r-36ujnk\"><span class=\"css-1jxf684 r-bcqeeo r-1ttztb7 r-qvutc0 r-poiln3 r-1x3r274\">ill\u00e9gale<\/span><\/span><span class=\"css-1jxf684 r-bcqeeo r-1ttztb7 r-qvutc0 r-poiln3 r-1x3r274\"> au regard de la Charte des Nations Unies (interdiction de l\u2019usage de la force contre la souverainet\u00e9 d\u2019un \u00c9tat, sauf l\u00e9gitime d\u00e9fense ou autorisation du Conseil de s\u00e9curit\u00e9). <\/span><\/span><\/span><\/p>\n<p><span class=\"css-1jxf684 r-bcqeeo r-1ttztb7 r-qvutc0 r-poiln3 r-1adg3ll r-1g7jtus r-1x3r274\"><span class=\"css-1jxf684 r-bcqeeo r-1ttztb7 r-qvutc0 r-poiln3\"><span class=\"css-1jxf684 r-bcqeeo r-1ttztb7 r-qvutc0 r-poiln3 r-1x3r274\">Qu\u2019en est-il des les Gilets Jaunes en France (2018-2019) : il y a eu des violences polici\u00e8res graves lors de ces manifestations, avec des morts et des bless\u00e9s. Selon des rapports officiels et d\u2019ONG :<\/span><\/span><\/span><\/p>\n<ul dir=\"ltr\">\n<li><span class=\"css-1jxf684 r-bcqeeo r-1ttztb7 r-qvutc0 r-poiln3\"><span class=\"css-1jxf684 r-bcqeeo r-1ttztb7 r-qvutc0 r-poiln3 r-1x3r274\">Environ 11 morts au total, principalement dus \u00e0 des accidents de la route sur des barrages routiers, et non directement \u00e0 l\u2019usage de la force polici\u00e8re. <\/span><\/span><\/li>\n<li><span class=\"css-1jxf684 r-bcqeeo r-1ttztb7 r-qvutc0 r-poiln3\"><span class=\"css-1jxf684 r-bcqeeo r-1ttztb7 r-qvutc0 r-poiln3 r-1x3r274\">Plus de 2 500 manifestants bless\u00e9s, dont des cas graves : au moins 30 personnes \u00e9borgn\u00e9es (perte d\u2019un \u0153il due \u00e0 des tirs de LBD ou grenades\u2026), 353 bless\u00e9s \u00e0 la t\u00eate, et des dizaines d\u2019amputations ou mutilations permanentes. <\/span><\/span><\/li>\n<\/ul>\n<p><span class=\"css-1jxf684 r-bcqeeo r-1ttztb7 r-qvutc0 r-poiln3 r-1adg3ll r-1g7jtus r-1x3r274\"><span class=\"css-1jxf684 r-bcqeeo r-1ttztb7 r-qvutc0 r-poiln3\"><span class=\"css-1jxf684 r-bcqeeo r-1ttztb7 r-qvutc0 r-poiln3 r-1x3r274\">Malgr\u00e9 cela, aucun pays n\u2019a menac\u00e9 d\u2019intervenir militairement en France, et pour cause : le droit international respecte la souverainet\u00e9 interne des \u00c9tats pour g\u00e9rer leurs affaires domestiques, m\u00eame en cas de violations des droits humains (sauf g\u00e9nocide ou crimes contre l\u2019humanit\u00e9 massifs, et encore, via l\u2019ONU). <\/span><\/span><\/span><\/p>\n<p><span class=\"css-1jxf684 r-bcqeeo r-1ttztb7 r-qvutc0 r-poiln3 r-1adg3ll r-1g7jtus r-1x3r274\"><span class=\"css-1jxf684 r-bcqeeo r-1ttztb7 r-qvutc0 r-poiln3\"><span class=\"css-1jxf684 r-bcqeeo r-1ttztb7 r-qvutc0 r-poiln3 r-1x3r274\">La \u00ab\u00a0responsabilit\u00e9 de prot\u00e9ger\u00a0\u00bb est un concept limit\u00e9, pas une excuse pour des interventions unilat\u00e9rales. Si les USA appliquaient la logique de Trump \u00e0 d\u2019autres pays (y compris des alli\u00e9s comme la France), ce serait du chaos total \u2013 et hypocrite, vu les cas de violences polici\u00e8res aux USA eux-m\u00eames (ex. : Black Lives Matter).<\/span><\/span><\/span><\/p>\n<p>C\u2019est d\u2019autant plus curieux que Netanyahu vient de finir sa visite officielle aux USA ! N\u2019est pas grossier ? Il a m\u00eame d\u00e9clar\u00e9 que l\u2019Iran et le Venezuela \u00e9taient en train d\u2019exporter le Rezbolla et le Ramasse vers les USA ! Ils n\u2019ont aucune limite dans le vulgaire, c\u2019est un fait.<\/p>\n<hr\/>\n<div>\n<div class=\"css-175oi2r r-13qz1uu\">\n<div class=\"css-175oi2r r-1awozwy r-13qz1uu\">\n<div class=\"css-175oi2r r-1awozwy r-16lk18l r-13qz1uu\">\n<div class=\"css-175oi2r r-1wbh5a2 r-11niif6 r-bnwqim r-13qz1uu\">\n<div class=\"css-175oi2r r-14j79pv r-6koalj r-18u37iz r-9aw3ui r-1d2f490 r-jusfrs r-u8s1d r-ipm5af r-1mamxrd\">\n<div class=\"css-175oi2r r-1g4g62n r-clrlgt r-1ldzwu0 r-6dt33c r-bnwqim r-7xmw5f\">\n<div class=\"css-146c3p1 r-bcqeeo r-1ttztb7 r-qvutc0 r-37j5jr r-a023e6 r-rjixqe r-16dba41 r-homxoj\" dir=\"ltr\"><a target=\"_blank\" href=\"https:\/\/www.lelibrepenseur.org\/wp-content\/uploads\/2026\/01\/Im-israles-BITCH-trump.jpg\"><img loading=\"lazy\" decoding=\"async\" class=\"alignnone size-full wp-image-6062313\" src=\"https:\/\/www.lelibrepenseur.org\/wp-content\/uploads\/2026\/01\/Im-israles-BITCH-trump.jpg\" alt=\"\" width=\"1100\" height=\"734\" srcset=\"https:\/\/www.lelibrepenseur.org\/wp-content\/uploads\/2026\/01\/Im-israles-BITCH-trump.jpg 1100w, https:\/\/www.lelibrepenseur.org\/wp-content\/uploads\/2026\/01\/Im-israles-BITCH-trump-300x200.jpg 300w, https:\/\/www.lelibrepenseur.org\/wp-content\/uploads\/2026\/01\/Im-israles-BITCH-trump-1024x683.jpg 1024w, https:\/\/www.lelibrepenseur.org\/wp-content\/uploads\/2026\/01\/Im-israles-BITCH-trump-768x512.jpg 768w, https:\/\/www.lelibrepenseur.org\/wp-content\/uploads\/2026\/01\/Im-israles-BITCH-trump-24x16.jpg 24w, https:\/\/www.lelibrepenseur.org\/wp-content\/uploads\/2026\/01\/Im-israles-BITCH-trump-36x24.jpg 36w, https:\/\/www.lelibrepenseur.org\/wp-content\/uploads\/2026\/01\/Im-israles-BITCH-trump-48x32.jpg 48w, https:\/\/www.lelibrepenseur.org\/wp-content\/uploads\/2026\/01\/Im-israles-BITCH-trump-600x400.jpg 600w, https:\/\/www.lelibrepenseur.org\/wp-content\/uploads\/2026\/01\/Im-israles-BITCH-trump-750x500.jpg 750w\" sizes=\"auto, (max-width: 1100px) 100vw, 1100px\"\/><\/a><\/div>\n<\/div>\n<\/div>\n<\/div>\n<\/div>\n<\/div>\n<\/div>\n<\/div>\n<\/div>\n<p><br \/>\n<br \/><a href=\"https:\/\/www.lelibrepenseur.org\/trump-le-grand-homme-de-paix-vient-de-declarer-quil-est-pret-a-faire-la-guerre-a-liran\/\" target=\"_blank\"\">Source link <\/a><\/p>\n","protected":false},"excerpt":{"rendered":"<p>D\u00e9clarer une guerre ou menacer d\u2019intervenir militairement contre un pays souverain simplement parce qu\u2019il y a des morts lors de manifestations internes est absurde et contraire au droit international. Si&hellip; <\/p>\n","protected":false},"author":1,"featured_media":21799,"comment_status":"open","ping_status":"open","sticky":false,"template":"","format":"standard","meta":{"footnotes":""},"categories":[1],"tags":[],"class_list":["post-21798","post","type-post","status-publish","format-standard","has-post-thumbnail","hentry","category-non-classe"],"_links":{"self":[{"href":"https:\/\/monde25.info\/index.php\/wp-json\/wp\/v2\/posts\/21798","targetHints":{"allow":["GET"]}}],"collection":[{"href":"https:\/\/monde25.info\/index.php\/wp-json\/wp\/v2\/posts"}],"about":[{"href":"https:\/\/monde25.info\/index.php\/wp-json\/wp\/v2\/types\/post"}],"author":[{"embeddable":true,"href":"https:\/\/monde25.info\/index.php\/wp-json\/wp\/v2\/users\/1"}],"replies":[{"embeddable":true,"href":"https:\/\/monde25.info\/index.php\/wp-json\/wp\/v2\/comments?post=21798"}],"version-history":[{"count":0,"href":"https:\/\/monde25.info\/index.php\/wp-json\/wp\/v2\/posts\/21798\/revisions"}],"wp:featuredmedia":[{"embeddable":true,"href":"https:\/\/monde25.info\/index.php\/wp-json\/wp\/v2\/media\/21799"}],"wp:attachment":[{"href":"https:\/\/monde25.info\/index.php\/wp-json\/wp\/v2\/media?parent=21798"}],"wp:term":[{"taxonomy":"category","embeddable":true,"href":"https:\/\/monde25.info\/index.php\/wp-json\/wp\/v2\/categories?post=21798"},{"taxonomy":"post_tag","embeddable":true,"href":"https:\/\/monde25.info\/index.php\/wp-json\/wp\/v2\/tags?post=21798"}],"curies":[{"name":"wp","href":"https:\/\/api.w.org\/{rel}","templated":true}]}}