{"id":21800,"date":"2026-01-02T22:48:16","date_gmt":"2026-01-02T21:48:16","guid":{"rendered":"https:\/\/monde25.info\/index.php\/2026\/01\/02\/en-hongrie-lelection-se-gagne-au-village-par-ambre-bruneteau-corentin-leotard-le-monde-diplomatique-janvier-2026\/"},"modified":"2026-01-02T22:48:16","modified_gmt":"2026-01-02T21:48:16","slug":"en-hongrie-lelection-se-gagne-au-village-par-ambre-bruneteau-corentin-leotard-le-monde-diplomatique-janvier-2026","status":"publish","type":"post","link":"https:\/\/monde25.info\/index.php\/2026\/01\/02\/en-hongrie-lelection-se-gagne-au-village-par-ambre-bruneteau-corentin-leotard-le-monde-diplomatique-janvier-2026\/","title":{"rendered":"En Hongrie, l\u2019\u00e9lection se gagne au village, par Ambre Bruneteau &#038; Corentin L\u00e9otard (Le Monde diplomatique, janvier 2026)"},"content":{"rendered":"<p> <br \/>\n<\/p>\n<div>\n<p class=\"crayon article-surtitre-69166 surtitre\">Viktor Orb\u00e1n en difficult\u00e9 face \u00e0 un ancien alli\u00e9<\/p>\n<div class=\"crayon article-chapo-69166 chapo\">\n<p>Solidement install\u00e9 au pouvoir depuis 2010, le premier ministre hongrois Viktor Orb\u00e1n se voit d\u00e9fi\u00e9 sur son terrain de pr\u00e9dilection\u00a0: la ruralit\u00e9. Son rival P\u00e9ter Magyar, issu comme lui du Fidesz, repr\u00e9sente d\u00e9sormais la droite lib\u00e9rale proeurop\u00e9enne et tente de briser l\u2019h\u00e9g\u00e9monie du camp national-conservateur en arpentant les petites communes, cl\u00e9 des \u00e9lections l\u00e9gislatives d\u2019avril prochain.<\/p>\n<\/div><\/div>\n<div couleurfade=\"f5ece6\" couleurclaire=\"f0e2da\" couleurpale=\"edc3aa\" couleurmi=\"925a39\" couleurfoncee=\"843e14\" couleursombre=\"24160e\" couleurfond=\"6b584c\" couleurtexte=\"ffffff\">\n<div class=\"enapercu\">\n<figure class=\"spip_document_41502 spip_documents spip_documents_center xl\" style=\"width:890px;\">\n<div class=\"limage\">\n<p>\t\t\t<img loading=\"lazy\" decoding=\"async\" src=\"https:\/\/www.monde-diplomatique.fr\/\/local\/cache-vignettes\/L890xH702\/img008-59-fb264.jpg?1766579005\" width=\"890\" height=\"702\" class=\"spip_logos\" alt=\"JPEG - 42.2\u00a0kio\"\/><\/p><\/div><figcaption>\n<p>Christiane Pooley. \u2014 \u00ab<small class=\"fine\">\u00a0<\/small>Ya somos el olvido que seremos<small class=\"fine\">\u00a0<\/small>\u00bb (Nous sommes d\u00e9j\u00e0 l\u2019oubli que nous deviendrons), 2018 <\/p>\n<p>\u00a9 ADAGP, Paris, 2025 &#8211; Galerie Perrotin, Paris, New York\n<\/p>\n<\/figcaption><\/figure>\n<p><span class=\"mot-lettrine\"><span class=\"lettrine\">U<\/span>ne<\/span> berline \u0160koda Octavia se gare. Lorsque M.\u00a0P\u00e9ter Magyar en descend, un technicien ajuste son micro-cravate et lui donne le feu vert pour un direct d\u2019une heure sur Facebook, le troisi\u00e8me de la journ\u00e9e. L\u2019homme politique qui entend ravir le poste de premier ministre \u00e0 M.\u00a0Viktor Orb\u00e1n lors des \u00e9lections l\u00e9gislatives du 12\u00a0avril prochain se lance. Devant un enfant qui tient un drapeau hongrois \u00e0 la main et de simples curieux, il salue le petit comit\u00e9 d\u2019accueil qui distribue des aimantins et le magazine du parti Tisza (Respect et libert\u00e9, centre droit). \u00c0 l\u2019int\u00e9rieur de la maison de la culture, deux cents personnes ont pris place pour voir celui qui pr\u00e9tend d\u00e9barrasser le pays <i>\u00ab<small class=\"fine\">\u00a0<\/small>du \u201cpetit sultan\u201d et de son syst\u00e8me de criminalit\u00e9 nationale<small class=\"fine\">\u00a0<\/small>\u00bb.<\/i><\/p>\n<p>Isaszeg, une localit\u00e9 de onze mille habitants situ\u00e9e \u00e0 une trentaine de kilom\u00e8tres \u00e0 l\u2019est de Budapest, est l\u2019une des derni\u00e8res \u00e9tapes de ce \u00ab<small class=\"fine\">\u00a0<\/small>Tour de la Hongrie en quatre-vingts jours<small class=\"fine\">\u00a0<\/small>\u00bb, qui doit se terminer en apoth\u00e9ose le surlendemain dans la capitale. <i>\u00ab<small class=\"fine\">\u00a0<\/small>Nous sommes all\u00e9s dans les moindres recoins du pays, dans les villages les plus recul\u00e9s, l\u00e0 o\u00f9 ni Orb\u00e1n ni aucun autre politicien ne sont jamais all\u00e9s, pour demander aux gens ce qui ne va pas, o\u00f9 ils ont mal, de quoi ils ont besoin et comment nous pouvons les aider.<\/i> (\u2026) <i>Et j\u2019ai une mauvaise nouvelle pour le \u201cgrand vizir\u201d\u00a0: les campagnes lui disent que son temps est fini<small class=\"fine\">\u00a0<\/small>!<small class=\"fine\">\u00a0<\/small>\u00bb,<\/i> lance l\u2019avocat de 44\u00a0ans, qui a rompu, d\u00e9but\u00a02024, avec le Fidesz, le parti national-conservateur au pouvoir.<\/p>\n<p>Les \u00e9lections se jouent loin de la capitale. Sur une population de 9,5\u00a0millions d\u2019habitants, un tiers vit dans l\u2019une des 2\u00a0886\u00a0communes de moins de 5\u00a0000\u00a0habitants, les plus marqu\u00e9es par la d\u00e9sindustrialisation des ann\u00e9es\u00a01990, la disparition des coop\u00e9ratives et le d\u00e9clin des services publics. <i>\u00ab<small class=\"fine\">\u00a0<\/small>Les r\u00e9gions rurales des pays de l\u2019ancien bloc sovi\u00e9tique sont sans conteste les grandes perdantes de la transformation \u00e9conomique et politique majeure\u00a0(\u2026)<\/i><\/p>\n<\/p><\/div>\n<p>Taille de l\u2019article complet\u00a0:\u00a0<span>2\u00a0461<\/span>\u00a0mots.<\/p>\n<div class=\"promo_dispo_article\">\n<h2 class=\"avantbloc\">\n\tCet article est r\u00e9serv\u00e9 aux\u00a0abonn\u00e9s<\/p>\n<\/h2>\n<div class=\"abo_inst\">\n\t<strong>Lyc\u00e9es, biblioth\u00e8ques, administrations, entreprises,<\/strong><br \/>\n\tacc\u00e9dez \u00e0 la base de donn\u00e9es en ligne de tous les articles du <i>Monde diplomatique<\/i> de 1954 \u00e0 nos\u00a0jours.<br \/>\n\t<a target=\"_blank\" id=\"pw-institutions\" class=\"suivi\" href=\"https:\/\/www.monde-diplomatique.fr\/archives\/institutions\">Retrouvez cette\u00a0offre sp\u00e9cifique<\/a>.\n<\/div>\n<\/div><\/div>\n<div>\n<p class=\"nom\">Ambre Bruneteau <span class=\"et\">&amp;<\/span> <\/p>\n<p>\tCorentin L\u00e9otard<\/p>\n<p>\n\t\t\t\t\tRespectivement doctorante en science politique, au Centre europ\u00e9en de sociologie et de science politique (Paris\u00a01 Panth\u00e9on-Sorbonne), et r\u00e9dacteur en chef du <i>Courrier d\u2019Europe centrale<\/i> (Budapest).<\/p>\n<\/p><\/div>\n<p><br \/>\n<br \/><a href=\"https:\/\/www.monde-diplomatique.fr\/2026\/01\/BRUNETEAU\/69166\" target=\"_blank\"\">Source link <\/a><\/p>\n","protected":false},"excerpt":{"rendered":"<p>Viktor Orb\u00e1n en difficult\u00e9 face \u00e0 un ancien alli\u00e9 Solidement install\u00e9 au pouvoir depuis 2010, le premier ministre hongrois Viktor Orb\u00e1n se voit d\u00e9fi\u00e9 sur son terrain de pr\u00e9dilection\u00a0: la&hellip; <\/p>\n","protected":false},"author":1,"featured_media":21801,"comment_status":"open","ping_status":"open","sticky":false,"template":"","format":"standard","meta":{"footnotes":""},"categories":[1],"tags":[],"class_list":["post-21800","post","type-post","status-publish","format-standard","has-post-thumbnail","hentry","category-non-classe"],"_links":{"self":[{"href":"https:\/\/monde25.info\/index.php\/wp-json\/wp\/v2\/posts\/21800","targetHints":{"allow":["GET"]}}],"collection":[{"href":"https:\/\/monde25.info\/index.php\/wp-json\/wp\/v2\/posts"}],"about":[{"href":"https:\/\/monde25.info\/index.php\/wp-json\/wp\/v2\/types\/post"}],"author":[{"embeddable":true,"href":"https:\/\/monde25.info\/index.php\/wp-json\/wp\/v2\/users\/1"}],"replies":[{"embeddable":true,"href":"https:\/\/monde25.info\/index.php\/wp-json\/wp\/v2\/comments?post=21800"}],"version-history":[{"count":0,"href":"https:\/\/monde25.info\/index.php\/wp-json\/wp\/v2\/posts\/21800\/revisions"}],"wp:featuredmedia":[{"embeddable":true,"href":"https:\/\/monde25.info\/index.php\/wp-json\/wp\/v2\/media\/21801"}],"wp:attachment":[{"href":"https:\/\/monde25.info\/index.php\/wp-json\/wp\/v2\/media?parent=21800"}],"wp:term":[{"taxonomy":"category","embeddable":true,"href":"https:\/\/monde25.info\/index.php\/wp-json\/wp\/v2\/categories?post=21800"},{"taxonomy":"post_tag","embeddable":true,"href":"https:\/\/monde25.info\/index.php\/wp-json\/wp\/v2\/tags?post=21800"}],"curies":[{"name":"wp","href":"https:\/\/api.w.org\/{rel}","templated":true}]}}