{"id":21802,"date":"2026-01-02T23:20:57","date_gmt":"2026-01-02T22:20:57","guid":{"rendered":"https:\/\/monde25.info\/index.php\/2026\/01\/02\/labeille-sans-dard-premier-insecte-a-obtenir-des-droits-juridiques\/"},"modified":"2026-01-02T23:20:57","modified_gmt":"2026-01-02T22:20:57","slug":"labeille-sans-dard-premier-insecte-a-obtenir-des-droits-juridiques","status":"publish","type":"post","link":"https:\/\/monde25.info\/index.php\/2026\/01\/02\/labeille-sans-dard-premier-insecte-a-obtenir-des-droits-juridiques\/","title":{"rendered":"L&#039;abeille sans dard, premier insecte \u00e0 obtenir des droits juridiques"},"content":{"rendered":"<p> <br \/>\n<br \/><img loading=\"lazy\" decoding=\"async\" src=\"https:\/\/reporterre.net\/local\/cache-vignettes\/L700xH467\/afp__20240518__2153379535__v2__highres__malaysiabeefarmgroupraisesawarenessofbeedecl_1_-151ca.jpg?1767365153\" class=\"spip_logo\" width=\"700\" height=\"467\" alt=\"\" \/><\/p>\n<p>C&rsquo;est une bonne nouvelle. Pour la premi\u00e8re fois, un insecte a obtenu des droits juridiques. Deux villes p\u00e9ruviennes ont adopt\u00e9 en octobre des ordonnances reconnaissant les abeilles sans dard \u2014 les Meliponini\u00a0\u2014, tr\u00e8s pr\u00e9sentes en Am\u00e9rique centrale et en Am\u00e9rique du Sud. <br class=\"autobr\" \/><br \/>\nCette reconnaissance garantit \u00e0 ces pollinisateurs le droit d&rsquo;exister et de prosp\u00e9rer, et donc de vivre dans un habitat sain, exempt de pollution ainsi que dans de conditions climatiques stables. Cela leur permet d&rsquo;\u00eatre\u00a0(\u2026)<\/p>\n<p>                    <a target=\"_blank\" href=\"https:\/\/reporterre.net\/L-abeille-sans-dard-premier-insecte-a-obtenir-des-droits-juridiques?utm_source=RSS&amp;utm_medium=RSS\">Lire la suite<\/a><\/p>\n<p>                    &#8211;<br \/>\n                        <a target=\"_blank\" href=\"https:\/\/reporterre.net\/Breves-20\" rel=\"directory\">En bref<\/a><\/p>\n<p>                    \/<br \/>\n                        <a target=\"_blank\" href=\"https:\/\/reporterre.net\/Animaux\" rel=\"tag\">Animaux<\/a><br \/>\n<br \/><br \/>\n<br \/><a href=\"https:\/\/reporterre.net\/L-abeille-sans-dard-premier-insecte-a-obtenir-des-droits-juridiques\" target=\"_blank\"\">Source link <\/a><\/p>\n","protected":false},"excerpt":{"rendered":"<p>C&rsquo;est une bonne nouvelle. Pour la premi\u00e8re fois, un insecte a obtenu des droits juridiques. Deux villes p\u00e9ruviennes ont adopt\u00e9 en octobre des ordonnances reconnaissant les abeilles sans dard \u2014&hellip; <\/p>\n","protected":false},"author":1,"featured_media":0,"comment_status":"open","ping_status":"open","sticky":false,"template":"","format":"standard","meta":{"footnotes":""},"categories":[1],"tags":[],"class_list":["post-21802","post","type-post","status-publish","format-standard","hentry","category-non-classe"],"_links":{"self":[{"href":"https:\/\/monde25.info\/index.php\/wp-json\/wp\/v2\/posts\/21802","targetHints":{"allow":["GET"]}}],"collection":[{"href":"https:\/\/monde25.info\/index.php\/wp-json\/wp\/v2\/posts"}],"about":[{"href":"https:\/\/monde25.info\/index.php\/wp-json\/wp\/v2\/types\/post"}],"author":[{"embeddable":true,"href":"https:\/\/monde25.info\/index.php\/wp-json\/wp\/v2\/users\/1"}],"replies":[{"embeddable":true,"href":"https:\/\/monde25.info\/index.php\/wp-json\/wp\/v2\/comments?post=21802"}],"version-history":[{"count":0,"href":"https:\/\/monde25.info\/index.php\/wp-json\/wp\/v2\/posts\/21802\/revisions"}],"wp:attachment":[{"href":"https:\/\/monde25.info\/index.php\/wp-json\/wp\/v2\/media?parent=21802"}],"wp:term":[{"taxonomy":"category","embeddable":true,"href":"https:\/\/monde25.info\/index.php\/wp-json\/wp\/v2\/categories?post=21802"},{"taxonomy":"post_tag","embeddable":true,"href":"https:\/\/monde25.info\/index.php\/wp-json\/wp\/v2\/tags?post=21802"}],"curies":[{"name":"wp","href":"https:\/\/api.w.org\/{rel}","templated":true}]}}