{"id":21803,"date":"2026-01-02T23:53:36","date_gmt":"2026-01-02T22:53:36","guid":{"rendered":"https:\/\/monde25.info\/index.php\/2026\/01\/02\/les-10-infos-de-la-semaine-4\/"},"modified":"2026-01-02T23:53:36","modified_gmt":"2026-01-02T22:53:36","slug":"les-10-infos-de-la-semaine-4","status":"publish","type":"post","link":"https:\/\/monde25.info\/index.php\/2026\/01\/02\/les-10-infos-de-la-semaine-4\/","title":{"rendered":"les 10 infos de la semaine"},"content":{"rendered":"<p> <br \/>\n<\/p>\n<div>\n<h4><strong>\u00a0Vous n\u2019avez pas eu le temps de lire l\u2019actu ? Voici 10 infos \u00e0 ne surtout pas manquer cette semaine.\u00a0<\/strong><\/h4>\n<h2><strong>1. Bernard Arnault rach\u00e8te <i>Challenges<\/i>, <i>Sciences et Avenir<\/i> et <i>La Recherche<\/i><\/strong><\/h2>\n<p><span style=\"font-weight: 400;\">Le groupe LVMH (<a target=\"_blank\" href=\"https:\/\/mrmondialisation.org\/bernard-arnault-le-profiteur-de-crises\/\">Bernard Arnault<\/a>), a annonc\u00e9 le rachat de <\/span><i><span style=\"font-weight: 400;\">Challenges<\/span><\/i><span style=\"font-weight: 400;\">, <\/span><i><span style=\"font-weight: 400;\">Sciences et Avenir<\/span><\/i><span style=\"font-weight: 400;\"> et <\/span><i><span style=\"font-weight: 400;\">La Recherche<\/span><\/i><span style=\"font-weight: 400;\">. <strong>Les r\u00e9dactions d\u00e9noncent un \u201csaut dans le vide\u201d et expriment de fortes inqui\u00e9tudes sur l\u2019ind\u00e9pendance \u00e9ditoriale et l\u2019emploi.<\/strong> Reporters sans fronti\u00e8res et des syndicats de journalistes ont saisi la justice administrative et l\u2019Autorit\u00e9 de la concurrence. <\/span><i><span style=\"font-weight: 400;\">(<\/span><\/i><a target=\"_blank\" href=\"https:\/\/reporterre.net\/LVMH-achete-les-magazines-Challenges-Sciences-et-Avenir-et-La-Recherche\"><i><span style=\"font-weight: 400;\">Reporterre<\/span><\/i><\/a><i><span style=\"font-weight: 400;\">)<\/span><\/i><\/p>\n<h2><strong>2. Gobelets contenant du plastique : l\u2019interdiction repouss\u00e9e \u00e0 2030<\/strong><\/h2>\n<p><span style=\"font-weight: 400;\">L\u2019interdiction des gobelets jetables contenant du <a target=\"_blank\" href=\"https:\/\/mrmondialisation.org\/crise-plastiques-contamination-silencieuse-sols-francais\/\">plastique<\/a> a \u00e9t\u00e9 report\u00e9e \u00e0 2030. En effet, <strong>les gobelets en carton peuvent encore contenir jusqu\u2019\u00e0 8 % de plastique.<\/strong> Les minist\u00e8res de la Transition \u00e9cologique et de l\u2019\u00c9conomie invoquent une non-faisabilit\u00e9 technique des alternatives, un argument contest\u00e9 par Zero Waste France, qui rappelle que <strong>des solutions comme le r\u00e9emploi et la recharge existent d\u00e9j\u00e0.<\/strong> (<\/span><a target=\"_blank\" href=\"https:\/\/reporterre.net\/Gobelets-contenant-du-plastique-l-interdiction-repoussee-a-2030\"><span style=\"font-weight: 400;\">Reporterre<\/span><\/a><span style=\"font-weight: 400;\">)<\/span><\/p>\n<h2><b>3. CNews : premi\u00e8re cha\u00eene d\u2019information de France en 2025<\/b><\/h2>\n<p><span style=\"font-weight: 400;\">En France, <a target=\"_blank\" href=\"https:\/\/mrmondialisation.org\/tribune-face-bfm-cnews-le-media-tnt-pluralisme\/\">CNews<\/a> arrive en t\u00eate des cha\u00eenes d\u2019info en 2025 avec<strong> 3,4 % de part d\u2019audience, devant BFM-TV \u00e0 2,8 %, selon M\u00e9diam\u00e9trie.<\/strong> C\u2019est la premi\u00e8re fois que la cha\u00eene est seule leader sur une ann\u00e9e compl\u00e8te, <strong>malgr\u00e9 une audience cumul\u00e9e inf\u00e9rieure \u00e0 celle de BFM-TV (45 millions contre 39 en d\u00e9cembre). <\/strong><\/span><i><span style=\"font-weight: 400;\">(<\/span><\/i><a target=\"_blank\" href=\"https:\/\/www.lemonde.fr\/economie\/article\/2025\/12\/29\/cnews-a-ete-la-premiere-chaine-d-information-en-2025-devant-bfmtv-selon-l-institut-mediametrie_6659736_3234.html?utm_term=Autofeed&amp;utm_medium=Social&amp;utm_source=Facebook&amp;fbclid=IwY2xjawPEZGtleHRuA2FlbQIxMQBicmlkETBzZDNvOThHREZ3MjlRd084c3J0YwZhcHBfaWQQMjIyMDM5MTc4ODIwMDg5MgABHhAG5biw-7rTY86V_aIt-55QCC_H-yYtfVevz3kPXBjsJy0HIPMgOALNOTNb_aem_-mIOVTH90kAM4C1AW6U5lQ#Echobox=1767050238\"><i><span style=\"font-weight: 400;\">Le Monde<\/span><\/i><\/a><i><span style=\"font-weight: 400;\">)<\/span><\/i><\/p>\n<h2><b><i>4<\/i>. A69 : la justice valide la poursuite du chantier<\/b><\/h2>\n<p><span style=\"font-weight: 400;\">Le 30 d\u00e9cembre, la cour administrative d\u2019appel de Toulouse a annul\u00e9 les jugements du 27 f\u00e9vrier 2025 et <strong>r\u00e9tabli les autorisations environnementales de l\u2019autoroute A69 reliant Toulouse \u00e0 Castres, autorisant ainsi la reprise du chantier.<\/strong> La cour estime que le projet r\u00e9pond \u00e0 une <strong>raison imp\u00e9rative d\u2019int\u00e9r\u00eat public majeur, notamment l\u2019argument du d\u00e9senclavement du bassin Castres\u2013Mazamet.<\/strong> Les opposants annoncent un pourvoi en cassation. <\/span><i><span style=\"font-weight: 400;\">(<\/span><\/i><a target=\"_blank\" href=\"https:\/\/reporterre.net\/A69-la-justice-valide-la-poursuite-du-chantier\"><i><span style=\"font-weight: 400;\">Reporterre<\/span><\/i><\/a><i><span style=\"font-weight: 400;\">)<\/span><\/i><\/p>\n<h2><strong>5. La Patagonie : un refuge climatique pour les ultra-riches<\/strong><\/h2>\n<p><span style=\"font-weight: 400;\">Sauve qui peut ! La Patagonie attire <strong>des Argentins ais\u00e9s, des c\u00e9l\u00e9brit\u00e9s et des milliardaires \u00e9trangers en qu\u00eate de refuges face au d\u00e9r\u00e8glement climatique.<\/strong> La pression fonci\u00e8re s\u2019accentue, avec des terres pouvant atteindre 300 000 dollars l\u2019hectare, malgr\u00e9 une loi limitant la propri\u00e9t\u00e9 \u00e9trang\u00e8re \u00e0 1 000 hectares par personne et \u00e0 15 % des terres agricoles au niveau national.<\/span><i><span style=\"font-weight: 400;\"> (<\/span><\/i><a target=\"_blank\" href=\"https:\/\/lareleveetlapeste.fr\/la-patagonie-est-devenue-le-refuge-climatique-des-ultra-riches\/\"><i><span style=\"font-weight: 400;\">La Rel\u00e8ve et la Peste<\/span><\/i><\/a><i><span style=\"font-weight: 400;\">)<\/span><\/i><\/p>\n<figure id=\"attachment_1345422\" aria-describedby=\"caption-attachment-1345422\" style=\"width: 1300px\" class=\"wp-caption alignnone\"><img fetchpriority=\"high\" decoding=\"async\" class=\"wp-image-1345422\" src=\"https:\/\/mrmondialisation.org\/wp-content\/uploads\/2026\/01\/andrea-leopardi-qvd3xht9txa-unsplash-11zon-1524x1016.jpg\" alt=\"\" width=\"1300\" height=\"867\" srcset=\"https:\/\/mrmondialisation.org\/wp-content\/uploads\/2026\/01\/andrea-leopardi-qvd3xht9txa-unsplash-11zon-1524x1016.jpg 1524w, https:\/\/mrmondialisation.org\/wp-content\/uploads\/2026\/01\/andrea-leopardi-qvd3xht9txa-unsplash-11zon-1024x683.jpg 1024w, https:\/\/mrmondialisation.org\/wp-content\/uploads\/2026\/01\/andrea-leopardi-qvd3xht9txa-unsplash-11zon-768x512.jpg 768w, https:\/\/mrmondialisation.org\/wp-content\/uploads\/2026\/01\/andrea-leopardi-qvd3xht9txa-unsplash-11zon-1536x1024.jpg 1536w, https:\/\/mrmondialisation.org\/wp-content\/uploads\/2026\/01\/andrea-leopardi-qvd3xht9txa-unsplash-11zon-2048x1365.jpg 2048w, https:\/\/mrmondialisation.org\/wp-content\/uploads\/2026\/01\/andrea-leopardi-qvd3xht9txa-unsplash-11zon-696x464.jpg 696w, https:\/\/mrmondialisation.org\/wp-content\/uploads\/2026\/01\/andrea-leopardi-qvd3xht9txa-unsplash-11zon-1068x712.jpg 1068w, https:\/\/mrmondialisation.org\/wp-content\/uploads\/2026\/01\/andrea-leopardi-qvd3xht9txa-unsplash-11zon-630x420.jpg 630w\" sizes=\"(max-width: 1300px) 100vw, 1300px\"\/><figcaption id=\"caption-attachment-1345422\" class=\"wp-caption-text\">Avec toutes autorisations \u2013 <a target=\"_blank\" href=\"https:\/\/unsplash.com\/fr\/photos\/personne-qui-court-sur-la-route-pendant-la-journee-QVD3Xht9txA\">Unsplash <\/a><\/figcaption><\/figure>\n<h2><b>6. Climat : un sc\u00e9nario de point de non-retour redout\u00e9 par les scientifiques<\/b><\/h2>\n<p><span style=\"font-weight: 400;\">En s\u2019appuyant sur l\u2019extinction massive du Permien Trias, des chercheurs montrent comment un r\u00e9chauffement brutal peut entra\u00eener l\u2019effondrement des for\u00eats, r\u00e9duire la capacit\u00e9 de la plan\u00e8te \u00e0 absorber le CO\u2082 et enclencher un emballement climatique durable. Selon cette <\/span><a target=\"_blank\" href=\"https:\/\/www.nature.com\/articles\/s41467-025-60396-y\"><span style=\"font-weight: 400;\">\u00e9tude<\/span><\/a><span style=\"font-weight: 400;\">, <strong>une fois certains seuils franchis, le syst\u00e8me climatique peut rester bloqu\u00e9 dans un \u00e9tat chaud pendant des millions d\u2019ann\u00e9es,<\/strong> illustrant le risque d\u2019un point de bascule irr\u00e9versible si le r\u00e9chauffement actuel se poursuit.<\/span><i><span style=\"font-weight: 400;\"> (<\/span><\/i><a target=\"_blank\" href=\"https:\/\/www.futura-sciences.com\/planete\/actualites\/rechauffement-climatique-point-non-retour-climatique-ce-scenario-fatal-scientifiques-redoutent-w2t8-129610\/\"><i><span style=\"font-weight: 400;\">Futura Sciences<\/span><\/i><\/a><i><span style=\"font-weight: 400;\">)<\/span><\/i><\/p>\n<h2><b>7. Six m\u00e9gabassines en Charente-Maritime : un projet contest\u00e9<\/b><b><i><br \/><\/i><\/b><i\/><i\/><\/h2>\n<p><span style=\"font-weight: 400;\">En Charente-Maritime, le Syres 17, syndicat public de gestion de l\u2019eau, <strong>pr\u00e9voit la construction de six r\u00e9serves de substitution destin\u00e9es \u00e0 l\u2019irrigation agricole.<\/strong> Fortement critiqu\u00e9 en raison de ses impacts sur les cours d\u2019eau, notamment dans le bassin-versant de la Boutonne, <strong>le projet se base sur un mod\u00e8le \u00e9conomique jug\u00e9 risqu\u00e9 pour les agriculteurs comme co\u00fbteux pour les finances publiques.<\/strong><\/span><i><span style=\"font-weight: 400;\"> (<\/span><\/i><a target=\"_blank\" href=\"https:\/\/www.mediapart.fr\/journal\/ecologie\/020126\/six-megabassines-en-charente-maritime-la-crainte-d-un-gouffre-ecologique-et-economique\"><i><span style=\"font-weight: 400;\">Mediapart<\/span><\/i><\/a><i><span style=\"font-weight: 400;\">)<\/span><\/i><\/p>\n<h2><b>8. Les magistrats ayant condamn\u00e9 Marine Le Pen dans le viseur de l\u2019administration Trump<\/b><\/h2>\n<p><span style=\"font-weight: 400;\">Aux \u00c9tats-Unis, <strong>l\u2019administration de Donald Trump envisage des sanctions individuelles, dont des interdictions de visa. Les magistrats fran\u00e7ais ayant condamn\u00e9 Marine Le Pen en mars pourraient \u00eatre cibl\u00e9s, la Maison-Blanche attendant la d\u00e9cision de la cour d\u2019appel avant d\u2019agir.<\/strong> Cette strat\u00e9gie s\u2019inscrit dans une offensive politique contre la justice et l\u2019\u00c9tat de droit, d\u00e9j\u00e0 illustr\u00e9e par le cas de Thierry Breton, ancien commissaire europ\u00e9en priv\u00e9 de visa. <\/span><i><span style=\"font-weight: 400;\">(<\/span><\/i><a target=\"_blank\" href=\"https:\/\/www.humanite.fr\/monde\/administration-trump\/les-magistrats-ayant-condamne-marine-le-pen-dans-le-viseur-de-ladministration-trump\"><i><span style=\"font-weight: 400;\">L\u2019Humanit\u00e9<\/span><\/i><\/a><i><span style=\"font-weight: 400;\">)<\/span><\/i><\/p>\n<h2><b>9. Une Soudanaise en exil d\u00e9nonce les crimes contre les femmes et l\u2019indiff\u00e9rence internationale<\/b><\/h2>\n<p><span style=\"font-weight: 400;\">Exil\u00e9e en France,<strong> la militante soudanaise Alaa Busati documente les violences massives contre les femmes commises depuis le d\u00e9but de la guerre au Soudan le 15 avril 2023, notamment les violences sexuelles utilis\u00e9es comme arme de guerre.<\/strong> Elle d\u00e9nonce l\u2019impunit\u00e9 des responsables, l\u2019effondrement des services de protection et l\u2019indiff\u00e9rence de la communaut\u00e9 internationale, alors que <strong>la population civile fait face \u00e0 une crise humanitaire majeure.<\/strong><\/span><i><span style=\"font-weight: 400;\"> (<\/span><\/i><a target=\"_blank\" href=\"https:\/\/basta.media\/soudanaise-en-exil-elle-denonce-les-crimes-contre-les-femmes-de-son-pays-et-indifference-du-monde-guerre-Soudan\"><i><span style=\"font-weight: 400;\">Basta!<\/span><\/i><\/a><i><span style=\"font-weight: 400;\">)<\/span><\/i><\/p>\n<h2><b>10. Gaza : 37 ONG interdites d\u2019exercer, alerte l\u2019ONU<\/b><\/h2>\n<p><span style=\"font-weight: 400;\">\u00c0 Gaza, malgr\u00e9 l\u2019accord de cessez-le-feu du 10 octobre, l\u2019acc\u00e8s \u00e0 l\u2019aide humanitaire reste fortement restreint : <strong>100 \u00e0 300 camions par jour entrent, loin des 600 pr\u00e9vus, selon les ONG et l\u2019ONU.<\/strong> Depuis le 1er janvier, Isra\u00ebl pr\u00e9voit en outre d\u2019interdire l\u2019activit\u00e9 de 37 organisations humanitaires internationales \u00e0 Gaza et en Cisjordanie occup\u00e9e.<\/span><i><span style=\"font-weight: 400;\">\u00a0(<\/span><\/i><a target=\"_blank\" href=\"https:\/\/www.humanite.fr\/monde\/bande-de-gaza\/genocide-a-gaza-37-ong-interdites-dexercice-denonce-lonu\"><i><span style=\"font-weight: 400;\">L\u2019Humanit\u00e9<\/span><\/i><\/a><i><span style=\"font-weight: 400;\">)<\/span><\/i><\/p>\n<p style=\"text-align: right;\"><em>\u2013 Mauricette Baelen<\/em><\/p>\n<div class=\"td-a-rec td-a-rec-id-content_inline  tdi_1 td_block_template_1\">\n<center><a target=\"_blank\" href=\"https:\/\/fr.tipeee.com\/mr-mondialisation\" class=\"tipeee-project-small\">Je m&rsquo;abonne \u00e0 Mr Mondialisation<\/a>&#13;<br \/>\n<\/center>&amp;nbsp<\/div>\n<div class=\"td-a-rec td-a-rec-id-content_bottom  tdi_2 td_block_template_1\">\n<span class=\"td-adspot-title\">&#8211; Cet article gratuit, ind\u00e9pendant et sans IA existe gr\u00e2ce aux abonn\u00e9s &#8211;<\/span><\/p>\n<div class=\"td-all-devices\">\n    <a target=\"_blank\" href=\"https:\/\/mrmondialisation.org\/donation\/\" title=\"Faire_un_don\"><img decoding=\"async\" class=\"donationArticle\" src=\"https:\/\/mrmondialisation.org\/wp-content\/uploads\/2022\/12\/220405-flikalicious-final.jpg\" alt=\"Donation\"\/><\/a>\n<\/div>\n<\/div><\/div>\n<p><br \/>\n<br \/><a href=\"https:\/\/mrmondialisation.org\/bernard-arnault-gobelets-et-cnews-les-10-infos-de-la-semaine\/\" target=\"_blank\"\">Source link <\/a><\/p>\n","protected":false},"excerpt":{"rendered":"<p>\u00a0Vous n\u2019avez pas eu le temps de lire l\u2019actu ? Voici 10 infos \u00e0 ne surtout pas manquer cette semaine.\u00a0 1. Bernard Arnault rach\u00e8te Challenges, Sciences et Avenir et La&hellip; <\/p>\n","protected":false},"author":1,"featured_media":21804,"comment_status":"open","ping_status":"open","sticky":false,"template":"","format":"standard","meta":{"footnotes":""},"categories":[1],"tags":[],"class_list":["post-21803","post","type-post","status-publish","format-standard","has-post-thumbnail","hentry","category-non-classe"],"_links":{"self":[{"href":"https:\/\/monde25.info\/index.php\/wp-json\/wp\/v2\/posts\/21803","targetHints":{"allow":["GET"]}}],"collection":[{"href":"https:\/\/monde25.info\/index.php\/wp-json\/wp\/v2\/posts"}],"about":[{"href":"https:\/\/monde25.info\/index.php\/wp-json\/wp\/v2\/types\/post"}],"author":[{"embeddable":true,"href":"https:\/\/monde25.info\/index.php\/wp-json\/wp\/v2\/users\/1"}],"replies":[{"embeddable":true,"href":"https:\/\/monde25.info\/index.php\/wp-json\/wp\/v2\/comments?post=21803"}],"version-history":[{"count":0,"href":"https:\/\/monde25.info\/index.php\/wp-json\/wp\/v2\/posts\/21803\/revisions"}],"wp:featuredmedia":[{"embeddable":true,"href":"https:\/\/monde25.info\/index.php\/wp-json\/wp\/v2\/media\/21804"}],"wp:attachment":[{"href":"https:\/\/monde25.info\/index.php\/wp-json\/wp\/v2\/media?parent=21803"}],"wp:term":[{"taxonomy":"category","embeddable":true,"href":"https:\/\/monde25.info\/index.php\/wp-json\/wp\/v2\/categories?post=21803"},{"taxonomy":"post_tag","embeddable":true,"href":"https:\/\/monde25.info\/index.php\/wp-json\/wp\/v2\/tags?post=21803"}],"curies":[{"name":"wp","href":"https:\/\/api.w.org\/{rel}","templated":true}]}}