{"id":21805,"date":"2026-01-03T00:26:49","date_gmt":"2026-01-02T23:26:49","guid":{"rendered":"https:\/\/monde25.info\/index.php\/2026\/01\/03\/quelques-breves-reflexions-sur-les-pretendus-dirigeants-a-laube-de-cette-nouvelle-annee\/"},"modified":"2026-01-03T00:26:49","modified_gmt":"2026-01-02T23:26:49","slug":"quelques-breves-reflexions-sur-les-pretendus-dirigeants-a-laube-de-cette-nouvelle-annee","status":"publish","type":"post","link":"https:\/\/monde25.info\/index.php\/2026\/01\/03\/quelques-breves-reflexions-sur-les-pretendus-dirigeants-a-laube-de-cette-nouvelle-annee\/","title":{"rendered":"Quelques br\u00e8ves r\u00e9flexions sur les pr\u00e9tendus dirigeants \u00e0 l\u2019aube de cette nouvelle ann\u00e9e"},"content":{"rendered":"<p> <br \/>\n<\/p>\n<div>\n<ol class=\"campaign-loop campaign-list\">\n<li id=\"campaign-482494\" class=\"post-482494 campaign type-campaign status-publish hentry campaign-has-goal campaign-has-achieved-goal campaign-has-end-date campaign-has-not-ended\">\n\t<a target=\"_blank\" href=\"https:\/\/reseauinternational.net\/campaigns\/campagne-de-dons-septembre-octobre-2025\/\"><\/p>\n<h3>Soutenez-nous<\/h3>\n<p>\t\t\t<\/a><\/p>\n<p>\n\tVotre soutien nous est indispensable pour continuer \u00e0 vous fournir le meilleur de l\u2019information internationale alternative. C\u2019est gr\u00e2ce \u00e0 vos dons que nous pourrons maintenir le cap pour une information plurielle et r\u00e9ellement alternative. Nous comptons sur vous.<\/p>\n<\/li>\n<\/ol>\n<p>par <strong>Patrick Lawrence<\/strong><\/p>\n<p><strong>Il ne sert \u00e0 rien d\u2019esp\u00e9rer un changement de cap de la part de l\u2019Occident tant que les \u00abpr\u00e9tendus dirigeants\u00bb d\u2019aujourd\u2019hui resteront en fonction.<\/strong><\/p>\n<p>\u00ab<em>Le ciel est haut et l\u2019empereur est loin<\/em>\u00bb<em>.<\/em> C\u2019est ainsi que les paysans chinois saluaient leur \u00e9loignement de la Cit\u00e9 interdite depuis des si\u00e8cles. J\u2019imagine qu\u2019un sentiment similaire pr\u00e9vaut dans la R\u00e9publique populaire hypercentralis\u00e9e.<\/p>\n<p>Lorsque le pouvoir tend vers l\u2019autocratie, la distance est pr\u00e9f\u00e9rable. Un sentiment analogue m\u2019a bri\u00e8vement gagn\u00e9 \u00e0 la fin de l\u2019ann\u00e9e 2025.<\/p>\n<p>Gr\u00e2ce \u00e0 l\u2019aimable invitation de ma belle-m\u00e8re, j\u2019ai pass\u00e9 les vacances de No\u00ebl sur le nord-ouest de la c\u00f4te pacifique et ai pu m\u2019\u00e9loigner du pouvoir post-d\u00e9mocratique sous toutes ses formes.<\/p>\n<p>Le repr\u00e9sentant \u00e9lu le plus proche se pr\u00e9tendant comp\u00e9tent est Kim Lund, maire de Bellingham, dans l\u2019\u00c9tat de Washington, dont l\u2019action se limite \u00e0 l\u2019un de ces plans de revitalisation du centre-ville si fr\u00e9quents dans notre r\u00e9publique d\u00e9sindustrialis\u00e9e.<\/p>\n<p>L\u2019occasion a sembl\u00e9 propice \u00e0 l\u2019observation de ces personnalit\u00e9s qui, pour le meilleur ou pour le pire, mais plut\u00f4t pour le pire dans la plupart des cas, d\u00e9terminent d\u00e9sormais le destin de ce que nous appelons, avec un certain d\u00e9calage, le monde occidental.<\/p>\n<p>Ces personnalit\u00e9s ne m\u2019ont jamais sembl\u00e9 former un tout auparavant, au mieux une collection h\u00e9t\u00e9roclite. L\u2019exercice a permis de tirer quelques conclusions de fin d\u2019ann\u00e9e instructives.<\/p>\n<p>Voici, en vrac, quelques-unes de mes \u00abconclusions\u00bb, pour reprendre l\u2019expression si galvaud\u00e9e des r\u00e9dacteurs en chef.<\/p>\n<p>Premi\u00e8rement, le foss\u00e9 entre les pr\u00e9tendus dirigeants des puissances occidentales et leurs citoyens est plus ou moins total. Le pouvoir s\u2019exerce d\u00e9sormais dans un isolement absolu.<\/p>\n<p>Deuxi\u00e8mement, les guerres, les g\u00e9nocides, les invasions de drones, les assassinats, les milices de d\u00e9portation, la censure, les sanctions, l\u2019\u00e9rosion des libert\u00e9s civiles, l\u2019anarchie sont des r\u00e9alit\u00e9s dont les \u00e9lecteurs post-d\u00e9mocratiques ne peuvent pr\u00e9f\u00e9rer l\u2019existence \u00e0 la paix et \u00e0 un ordre moral.<\/p>\n<p>Disons que les citoyens se sont r\u00e9sign\u00e9s \u00e0 leur impuissance, qu\u2019ils sont sous le choc et sans voix, car le pouvoir n\u2019a plus de comptes \u00e0 rendre et ils sont d\u00e9sormais soumis \u00e0 l\u2019autorit\u00e9 plut\u00f4t qu\u2019\u00e0 toute forme de gouvernance.<\/p>\n<p>En d\u2019autres termes, nous sommes tous d\u00e9sormais des paysans de la dynastie Ming.<\/p>\n<p>Il est inutile d\u2019esp\u00e9rer un changement de trajectoire de l\u2019Occident tant que cette meute d\u2019\u00e9go\u00efstes se cramponnera au pouvoir. Ces individus nous ont condamn\u00e9s, en notre nom, \u00e0 des r\u00e9gimes d\u2019une extr\u00eame brutalit\u00e9.<\/p>\n<p>Troisi\u00e8mement, et c\u2019est l\u00e0 le plus important, les syst\u00e8mes et processus politiques qui les ont propuls\u00e9s \u00e0 des postes d\u00e9passant de loin leurs r\u00e9elles capacit\u00e9s doivent \u00eatre d\u00e9mantel\u00e9s ou radicalement r\u00e9form\u00e9s pour pouvoir r\u00e9tablir un ordre juste et humain.<\/p>\n<p>Quatri\u00e8mement, \u00e0 la lumi\u00e8re des points pr\u00e9c\u00e9dents, la perte de pouvoir post-d\u00e9mocratique et le soutien de l\u2019Occident au chaos ambiant engagent la responsabilit\u00e9 des citoyens.<\/p>\n<p>L\u2019automne dernier, Chas Freeman, ambassadeur \u00e9m\u00e9rite et commentateur engag\u00e9, m\u2019a surpris en d\u00e9clarant lors d\u2019un podcast que nous, Am\u00e9ricains, sommes \u00e0 l\u2019aube d\u2019une p\u00e9riode pr\u00e9-r\u00e9volutionnaire de notre histoire. La remarque de Chas Freeman illustre parfaitement ce que j\u2019entends par responsabilit\u00e9s. Bref, l\u2019avenir ne d\u00e9pend que de nous.<\/p>\n<p>Il existe toutefois quelques exceptions parmi ces pr\u00e9tendus dirigeants occidentaux qui nous aident \u00e0 entrevoir une lueur d\u2019espoir et nous montrent la voie \u00e0 suivre lorsque des personnes int\u00e8gres occupent des fonctions \u00e9minentes dans l\u2019int\u00e9r\u00eat de ceux qui les ont plac\u00e9es l\u00e0.<\/p>\n<p>Il est temps d\u2019affronter ces v\u00e9rit\u00e9s, et m\u00eame grand temps. L\u2019ann\u00e9e \u00e0 venir le confirmera. L\u2019effondrement du processus d\u00e9mocratique et la pr\u00e9valence de ce qui s\u2019apparente \u00e0 de l\u2019indiff\u00e9rence, mais en r\u00e9alit\u00e9 de la r\u00e9signation, ont valu au monde occidental une multitude de \u00abdirigeants\u00bb cliniquement n\u00e9vros\u00e9s, narcissiques, sociopathes ou m\u00e9galomanes, agissant bien au-del\u00e0 de leurs comp\u00e9tences, voire combinant toutes ces caract\u00e9ristiques.<\/p>\n<p>Il \u00e9tait tabou, il y a \u00e0 peine 20 ans, de parler ou d\u2019\u00e9crire du d\u00e9clin de l\u2019Occident. On \u00e9tait alors qualifi\u00e9 de \u00abd\u00e9cliniste\u00bb \u2013 vous vous souvenez de ce terme ? Maintenant que notre d\u00e9clin imp\u00e9rial tardif est ind\u00e9niable, qui aurait pu croire qu\u2019il serait aussi sordide, indigne, humiliant, et qu\u2019il se moquerait aussi ouvertement de la vie humaine et du droit ?<\/p>\n<p>Avez-vous d\u00e9j\u00e0 observ\u00e9 les traits de Bibi Netanyahou ? Je ne manque jamais une occasion de l\u2019observer, car je trouve son visage fascinant, et je vous invite \u00e0 l\u2019examiner de plus pr\u00e8s si ce n\u2019est d\u00e9j\u00e0 fait. Comme vous le dira tout bon psychiatre ou psychologue clinicien, c\u2019est le visage d\u2019un psychotique tel que d\u00e9fini dans le DSM, le Manuel diagnostique et statistique des troubles mentaux.<\/p>\n<p>Le parcours du Premier ministre isra\u00e9lien est d\u00e9sormais bien connu. L\u2019homme de 76 ans dont le rapport \u00e0 la r\u00e9alit\u00e9 vacille est aujourd\u2019hui la personne la plus puissante d\u2019Asie occidentale, et m\u00eame bien au-del\u00e0.<\/p>\n<p>Netanyahou n\u2019est pas un dirigeant occidental, me direz-vous. Eh bien, d\u00e9trompez-vous : le pouvoir exerc\u00e9 par Bibi \u00e0 Washington et dans la plupart des capitales europ\u00e9ennes transcende largement les fronti\u00e8res g\u00e9ographiques. Il occupe une place de choix dans ce portrait de groupe. Au moment o\u00f9 j\u2019\u00e9cris ces lignes, il vient de terminer sa cinqui\u00e8me visite au pr\u00e9sident Trump, en cette premi\u00e8re ann\u00e9e de son second mandat. R\u00e9alisons quand m\u00eame que ce psychotique et un narcissique \u00e9motionnellement immature, qui doit sans doute avoir un compte \u00e0 r\u00e9gler avec son p\u00e8re, ont pass\u00e9 le lundi de la semaine de No\u00ebl \u00e0 planifier une nouvelle op\u00e9ration militaire contre la R\u00e9publique islamique, afin de d\u00e9truire son programme de missiles et ses d\u00e9fenses a\u00e9riennes.<\/p>\n<p>Caitlin Johnstone l\u2019a tr\u00e8s bien exprim\u00e9 dans <a target=\"_blank\" href=\"https:\/\/www.caitlinjohnst.one\/p\/netanyahu-is-visiting-trump-for-the\" target=\"_blank\" rel=\"noopener\" title=\"\">sa newsletter du 28 d\u00e9cembre<\/a>.<\/p>\n<p>\u00ab<em>Ils ont cess\u00e9 d\u2019inventer des absurdit\u00e9s sur les armes nucl\u00e9aires<\/em>\u00bb<em>,<\/em> a-t-elle \u00e9crit, \u00ab<em>et maintenant ils se contentent de dire qu\u2019il faut attaquer l\u2019Iran parce qu\u2019il est en train de reconstruire sa capacit\u00e9 \u00e0 nous emp\u00eacher de l\u2019attaquer<\/em>\u00bb.<\/p>\n<p>Il faut en outre tenir compte des diverses difficult\u00e9s auxquelles Netanyahou est confront\u00e9 dans son pays. Il est jug\u00e9 pour de multiples accusations de corruption, doit affronter des \u00e9lections qu\u2019il risque de perdre en 2026 et rend des comptes aux fanatiques sionistes dont il a peupl\u00e9 son cabinet. Cela signifie-t-il qu\u2019Itamar Ben-Gvir, Bezalel Smotrich et leurs comparses ont une influence indirecte mais puissante sur la politique mondiale ? Je sugg\u00e8re de faire l\u2019impasse sur cette question.<\/p>\n<p>Pendant mon idylle de No\u00ebl parmi les sapins et les c\u00e8dres imposants du nord-ouest des \u00c9tats-Unis, mes pens\u00e9es se sont tourn\u00e9es vers celles et ceux qui, outre-Atlantique, constituent ce que nous appelons le c\u0153ur de l\u2019Europe. Keir Starmer, Emmanuel Macron et Friedrich Merz, le Premier ministre britannique, le pr\u00e9sident fran\u00e7ais et le chancelier allemand, sont pour moi des <a target=\"_blank\" href=\"https:\/\/fr.wikipedia.org\/wiki\/Palooka_(film)\" target=\"_blank\" rel=\"noopener\" title=\"\">palookas<\/a>, ces lourdauds sans talent qui ratent tout ce qu\u2019ils entreprennent.<\/p>\n<p>Ces trois-l\u00e0 sont certes grossiers et imbus d\u2019eux-m\u00eames, mais sont all\u00e9s beaucoup trop loin. Depuis l\u2019\u00e9lection de Merz au printemps dernier, ils ont form\u00e9 une sorte de triumvirat qui dicte plus ou moins la direction de l\u2019Europe. Tous russophobes \u2013 Merz \u00e9tant le pire d\u2019entre eux \u2013 ils ont sem\u00e9 la panique en Grande-Bretagne et sur le continent concernant une invasion russe purement imaginaire, tout en accablant leurs populations d\u2019une dette qui p\u00e8sera sur plusieurs g\u00e9n\u00e9rations, le tout pour permettre au r\u00e9gime criminel de Kiev de poursuivre une guerre que l\u2019Ukraine a perdue depuis plus d\u2019un an.<\/p>\n<p>Pire encore, dans une grande partie de l\u2019Europe, et certainement au Royaume-Uni, toute expression de soutien au peuple palestinien est d\u00e9sormais effectivement criminalis\u00e9e. Comme quelqu\u2019un l\u2019a fait remarquer l\u2019autre jour sur <em>X,<\/em> on peut \u00eatre arr\u00eat\u00e9 et emprisonn\u00e9 en Grande-Bretagne pour avoir d\u00e9nonc\u00e9 le g\u00e9nocide commis par Isra\u00ebl \u00e0 Gaza, tandis que le r\u00e9gime de Starmer accueille avec les honneurs les responsables isra\u00e9liens directement responsables de ce g\u00e9nocide.<\/p>\n<p>Comment qualifier ces individus ? Apr\u00e8s les avoir examin\u00e9s, il me semble appropri\u00e9 de les qualifier d\u2019incapables, d\u2019immatures, voire de pu\u00e9rils ou arri\u00e9r\u00e9s. Habitu\u00e9es \u00e0 se blottir sous les ailes de l\u2019h\u00e9g\u00e9monie am\u00e9ricaine, elles s\u2019av\u00e8rent incapables de penser ou d\u2019agir de mani\u00e8re responsable et cherchent donc un nouveau refuge dans une citadelle id\u00e9ologique \u00abcentriste\u00bb<em>,<\/em> qui n\u2019est le centre de rien, si ce n\u2019est peut-\u00eatre de l\u2019autoritarisme lib\u00e9ral.<\/p>\n<p>Un Premier ministre aux tendances psychotiques, un pr\u00e9sident narcissique \u00e0 la solde des lobbies sionistes, trois Europ\u00e9ens d\u00e9pourvus de toute fibre charismatique : les qualifier de \u00abpr\u00e9tendus dirigeants\u00bb de l\u2019Occident est un euph\u00e9misme, car ils ne dirigent rien. Permettez-moi de les appeler \u00abPD\u00bb dans le reste de cet article.<\/p>\n<p>Les PD de notre \u00e9poque s\u2019accommodent tr\u00e8s bien de ce d\u00e9calage avec leurs concitoyens, qui leur permet d\u2019agir librement dans leur propre int\u00e9r\u00eat. L\u2019int\u00e9r\u00eat personnel a du bon si c\u2019est le dieu qu\u2019on choisit de servir, mais il en va autrement lorsque le prix \u00e0 payer se traduit par un ordre mondial outrageusement violent. J\u2019ai salu\u00e9 en octobre dernier <a target=\"_blank\" href=\"https:\/\/thefloutist.substack.com\/p\/the-no-of-irelands-new-president\" target=\"_blank\" rel=\"noopener\" title=\"\">l\u2019\u00e9lection de Catherine Connolly \u00e0 la pr\u00e9sidence<\/a> irlandaise avec une tr\u00e8s large majorit\u00e9. Ce poste est certes honorifique, mais la position de principe de Mme Connolly, notamment, mais pas uniquement, sur le terrorisme isra\u00e9lien et la question palestinienne, repr\u00e9sente bien celle de l\u2019Irlande.<\/p>\n<p>Pour r\u00e9sumer bri\u00e8vement ce point, les Irlandais pr\u00e9voient d\u00e9sormais de transformer l\u2019ancienne ambassade d\u2019Isra\u00ebl, d\u00e9saffect\u00e9e depuis le d\u00e9part de son ambassadeur sioniste l\u2019ann\u00e9e derni\u00e8re, en un mus\u00e9e consacr\u00e9 \u00e0 l\u2019art et \u00e0 la culture palestiniens. Un projet magnifique. Personne ne peut rivaliser avec le talent des Irlandais pour m\u00ealer ironie, humour et politique. Apr\u00e8s tout, voil\u00e0 plusieurs si\u00e8cles qu\u2019ils pratiquent.<\/p>\n<p>J\u2019ai vu une carte sur <em>X<\/em> montrant l\u2019itin\u00e9raire de vol de Netanyahou juste avant son d\u00e9part pour Mar-a-Lago ce week-end. Son avion a survol\u00e9 la Gr\u00e8ce et l\u2019Italie, puis a brusquement bifurqu\u00e9 vers le nord en direction de la France pour \u00e9viter l\u2019espace a\u00e9rien espagnol. Ce qui m\u2019a rappel\u00e9, m\u00eame si c\u2019\u00e9tait inutile, la position de principe adopt\u00e9e par le gouvernement de Pedro S\u00e1nchez \u00e0 l\u2019\u00e9gard d\u2019Isra\u00ebl et de ses crimes.<\/p>\n<p>Le Premier ministre socialiste espagnol ne manque aucune occasion de d\u00e9noncer le r\u00e9gime sioniste.<\/p>\n<p>\u00ab<em>Les responsables de ce g\u00e9nocide devront rendre des comptes<\/em>\u00bb<em>,<\/em> a-t-il d\u00e9clar\u00e9 dans un discours prononc\u00e9 l\u2019ann\u00e9e derni\u00e8re. Il a \u00e9galement affirm\u00e9 : \u00ab<em>Nous ne faisons pas affaire avec un \u00c9tat g\u00e9nocidaire, c\u2019est hors de question<\/em>\u00bb.<\/p>\n<p>\u00c0 noter que le Parlement espagnol a impos\u00e9 un embargo complet sur les armes \u00e0 Isra\u00ebl l\u2019\u00e9t\u00e9 dernier et l\u2019a imm\u00e9diatement mis en \u0153uvre. \u00c0 l\u2019automne, la Banco Sabadell, une institution bancaire traditionnelle de Barcelone, a commenc\u00e9 \u00e0 geler les comptes des ressortissants isra\u00e9liens.<\/p>\n<p>D\u2019autres cas tout aussi honorables m\u00e9ritent d\u2019\u00eatre mentionn\u00e9s, m\u00eame s\u2019ils ne sont pas aussi limpides que ceux de l\u2019Irlande et de l\u2019Espagne. Leur droiture en soi n\u2019est pas anodine, mais elle nous montre aussi un exemple \u00e0 suivre.<\/p>\n<p>Les PD ne sonneront le glas de l\u2019histoire occidentale que si les Occidentaux s\u2019y r\u00e9signent. La r\u00e9signation n\u2019est pas inscrite dans la conscience occidentale post-imp\u00e9riale : elle est subie. Et nous avons tout int\u00e9r\u00eat \u00e0 la surmonter.<\/p>\n<p>source : <a target=\"_blank\" href=\"https:\/\/consortiumnews.com\/2025\/12\/31\/patrick-lawrence-new-years-notes-on-purported-leaders\/\" target=\"_blank\" rel=\"noopener\" title=\"\">Consortium News<\/a> via <a target=\"_blank\" href=\"https:\/\/ssofidelis.substack.com\/p\/quelques-reflexions-dannee-nouvelle\" target=\"_blank\" rel=\"noopener\" title=\"\">Spirit of Free Speech<\/a><\/p>\n<div class=\"sharedaddy sd-block sd-like jetpack-likes-widget-wrapper jetpack-likes-widget-unloaded\" id=\"like-post-wrapper-237719536-503516-69584522b3d34\" data-src=\"https:\/\/widgets.wp.com\/likes\/?ver=15.2#blog_id=237719536&amp;post_id=503516&amp;origin=reseauinternational.net&amp;obj_id=237719536-503516-69584522b3d34\" data-name=\"like-post-frame-237719536-503516-69584522b3d34\" data-title=\"Aimer ou rebloguer\">\n<h3 class=\"sd-title\">J\u2019aime \u00e7a\u00a0:<\/h3>\n<p><span class=\"button\"><span>J\u2019aime<\/span><\/span> <span class=\"loading\">chargement\u2026<\/span><\/p>\n<p><span class=\"sd-text-color\"\/><a target=\"_blank\" class=\"sd-link-color\"\/><\/div>\n<p><meta itemscope=\"\" itemprop=\"mainEntityOfPage\" itemtype=\"https:\/\/schema.org\/WebPage\" itemid=\"https:\/\/reseauinternational.net\/quelques-breves-reflexions-sur-les-pretendus-dirigeants-a-laube-de-cette-nouvelle-annee\/\"\/><meta itemprop=\"headline\" content=\"Quelques br\u00e8ves r\u00e9flexions sur les pr\u00e9tendus dirigeants \u00e0 l\u2019aube de cette nouvelle ann\u00e9e\"\/><span style=\"display: none;\" itemprop=\"author\" itemscope=\"\" itemtype=\"https:\/\/schema.org\/Person\"><meta itemprop=\"name\" content=\"R\u00e9seau International\"\/><\/span><span style=\"display: none;\" itemprop=\"image\" itemscope=\"\" itemtype=\"https:\/\/schema.org\/ImageObject\"><meta itemprop=\"url\" content=\"https:\/\/i0.wp.com\/reseauinternational.net\/wp-content\/uploads\/2026\/01\/Sans-titre-21-1.png?fit=800%2C467&amp;ssl=1\"\/><meta itemprop=\"width\" content=\"800\"\/><meta itemprop=\"height\" content=\"467\"\/><\/span><span style=\"display: none;\" itemprop=\"publisher\" itemscope=\"\" itemtype=\"https:\/\/schema.org\/Organization\"><span style=\"display: none;\" itemprop=\"logo\" itemscope=\"\" itemtype=\"https:\/\/schema.org\/ImageObject\"><meta itemprop=\"url\" content=\"https:\/\/reseauinternational.net\/wp-content\/uploads\/2022\/06\/Capture-de\u0301cran-2022-06-14-a\u0300-16.51.07.png\"\/><\/span><meta itemprop=\"name\" content=\"R\u00e9seau International\"\/><\/span><meta itemprop=\"datePublished\" content=\"2026-01-02T11:31:04+00:00\"\/><meta itemprop=\"dateModified\" content=\"2026-01-02T11:31:26+00:00\"\/><\/div>\n<p><br \/>\n<br \/><a href=\"https:\/\/reseauinternational.net\/quelques-breves-reflexions-sur-les-pretendus-dirigeants-a-laube-de-cette-nouvelle-annee\/\" target=\"_blank\"\">Source link <\/a><\/p>\n","protected":false},"excerpt":{"rendered":"<p>Soutenez-nous Votre soutien nous est indispensable pour continuer \u00e0 vous fournir le meilleur de l\u2019information internationale alternative. C\u2019est gr\u00e2ce \u00e0 vos dons que nous pourrons maintenir le cap pour une&hellip; <\/p>\n","protected":false},"author":1,"featured_media":21806,"comment_status":"open","ping_status":"open","sticky":false,"template":"","format":"standard","meta":{"footnotes":""},"categories":[1],"tags":[],"class_list":["post-21805","post","type-post","status-publish","format-standard","has-post-thumbnail","hentry","category-non-classe"],"_links":{"self":[{"href":"https:\/\/monde25.info\/index.php\/wp-json\/wp\/v2\/posts\/21805","targetHints":{"allow":["GET"]}}],"collection":[{"href":"https:\/\/monde25.info\/index.php\/wp-json\/wp\/v2\/posts"}],"about":[{"href":"https:\/\/monde25.info\/index.php\/wp-json\/wp\/v2\/types\/post"}],"author":[{"embeddable":true,"href":"https:\/\/monde25.info\/index.php\/wp-json\/wp\/v2\/users\/1"}],"replies":[{"embeddable":true,"href":"https:\/\/monde25.info\/index.php\/wp-json\/wp\/v2\/comments?post=21805"}],"version-history":[{"count":0,"href":"https:\/\/monde25.info\/index.php\/wp-json\/wp\/v2\/posts\/21805\/revisions"}],"wp:featuredmedia":[{"embeddable":true,"href":"https:\/\/monde25.info\/index.php\/wp-json\/wp\/v2\/media\/21806"}],"wp:attachment":[{"href":"https:\/\/monde25.info\/index.php\/wp-json\/wp\/v2\/media?parent=21805"}],"wp:term":[{"taxonomy":"category","embeddable":true,"href":"https:\/\/monde25.info\/index.php\/wp-json\/wp\/v2\/categories?post=21805"},{"taxonomy":"post_tag","embeddable":true,"href":"https:\/\/monde25.info\/index.php\/wp-json\/wp\/v2\/tags?post=21805"}],"curies":[{"name":"wp","href":"https:\/\/api.w.org\/{rel}","templated":true}]}}