{"id":21813,"date":"2026-01-03T04:17:40","date_gmt":"2026-01-03T03:17:40","guid":{"rendered":"https:\/\/monde25.info\/index.php\/2026\/01\/03\/le-dakar-et-sa-caravane-ultrapolluante-reviennent-dans-le-desert-saoudien\/"},"modified":"2026-01-03T04:17:40","modified_gmt":"2026-01-03T03:17:40","slug":"le-dakar-et-sa-caravane-ultrapolluante-reviennent-dans-le-desert-saoudien","status":"publish","type":"post","link":"https:\/\/monde25.info\/index.php\/2026\/01\/03\/le-dakar-et-sa-caravane-ultrapolluante-reviennent-dans-le-desert-saoudien\/","title":{"rendered":"Le Dakar et sa caravane ultrapolluante reviennent dans le d\u00e9sert saoudien"},"content":{"rendered":"<p> <br \/>\n<br \/><img loading=\"lazy\" decoding=\"async\" src=\"https:\/\/reporterre.net\/local\/cache-vignettes\/L700xH467\/afp__20260102__dppi_05126001_250__v1__highres__dakar2026privatetest_1_-6fa43.jpg?1767363083\" class=\"spip_logo\" width=\"700\" height=\"467\" alt=\"\" \/><\/p>\n<p>Plus de 300 voitures, motos et camions vont passer la ligne de d\u00e9part. La 48<sup class=\"typo_exposants\">e<\/sup>\u00a0\u00e9dition du Rallye Dakar d\u00e9marre le 3\u00a0janvier, organis\u00e9e pour la septi\u00e8me fois de suite en Arabie saoudite. Un pays fr\u00e9quemment point\u00e9 du doigt pour ses pratiques en mati\u00e8re de droits humains, de libert\u00e9 des femmes et de respect de l&rsquo;environnement. La course aura lieu jusqu&rsquo;au 17\u00a0janvier. <br class=\"autobr\" \/><br \/>\nDepuis 2021, les organisateurs promettent du \u00ab<small class=\"fine d-inline\">\u00a0<\/small>vert<small class=\"fine d-inline\">\u00a0<\/small>\u00bb pour rendre le rallye-raid plus \u00e9colo, avec sept motos \u00e9lectriques et des\u00a0(\u2026)<\/p>\n<p>                    <a target=\"_blank\" href=\"https:\/\/reporterre.net\/Le-Dakar-et-sa-caravane-ultrapolluante-reviennent-dans-le-desert-saoudien?utm_source=RSS&amp;utm_medium=RSS\">Lire la suite<\/a><\/p>\n<p>                    &#8211;<br \/>\n                        <a target=\"_blank\" href=\"https:\/\/reporterre.net\/Breves-20\" rel=\"directory\">En bref<\/a><\/p>\n<p>                    \/<br \/>\n                        <a target=\"_blank\" href=\"https:\/\/reporterre.net\/Sports\" rel=\"tag\">Sports<\/a><br \/>\n<br \/><br \/>\n<br \/><a href=\"https:\/\/reporterre.net\/Le-Dakar-et-sa-caravane-ultrapolluante-reviennent-dans-le-desert-saoudien\" target=\"_blank\"\">Source link <\/a><\/p>\n","protected":false},"excerpt":{"rendered":"<p>Plus de 300 voitures, motos et camions vont passer la ligne de d\u00e9part. La 48e\u00a0\u00e9dition du Rallye Dakar d\u00e9marre le 3\u00a0janvier, organis\u00e9e pour la septi\u00e8me fois de suite en Arabie&hellip; <\/p>\n","protected":false},"author":1,"featured_media":0,"comment_status":"open","ping_status":"open","sticky":false,"template":"","format":"standard","meta":{"footnotes":""},"categories":[1],"tags":[],"class_list":["post-21813","post","type-post","status-publish","format-standard","hentry","category-non-classe"],"_links":{"self":[{"href":"https:\/\/monde25.info\/index.php\/wp-json\/wp\/v2\/posts\/21813","targetHints":{"allow":["GET"]}}],"collection":[{"href":"https:\/\/monde25.info\/index.php\/wp-json\/wp\/v2\/posts"}],"about":[{"href":"https:\/\/monde25.info\/index.php\/wp-json\/wp\/v2\/types\/post"}],"author":[{"embeddable":true,"href":"https:\/\/monde25.info\/index.php\/wp-json\/wp\/v2\/users\/1"}],"replies":[{"embeddable":true,"href":"https:\/\/monde25.info\/index.php\/wp-json\/wp\/v2\/comments?post=21813"}],"version-history":[{"count":0,"href":"https:\/\/monde25.info\/index.php\/wp-json\/wp\/v2\/posts\/21813\/revisions"}],"wp:attachment":[{"href":"https:\/\/monde25.info\/index.php\/wp-json\/wp\/v2\/media?parent=21813"}],"wp:term":[{"taxonomy":"category","embeddable":true,"href":"https:\/\/monde25.info\/index.php\/wp-json\/wp\/v2\/categories?post=21813"},{"taxonomy":"post_tag","embeddable":true,"href":"https:\/\/monde25.info\/index.php\/wp-json\/wp\/v2\/tags?post=21813"}],"curies":[{"name":"wp","href":"https:\/\/api.w.org\/{rel}","templated":true}]}}