{"id":21816,"date":"2026-01-03T05:23:36","date_gmt":"2026-01-03T04:23:36","guid":{"rendered":"https:\/\/monde25.info\/index.php\/2026\/01\/03\/laffaire-wargon-un-baroud-dhonneur-pour-masquer-les-avancees-medicales-aux-usa-et-la-mediocrite-dun-systeme-en-declin\/"},"modified":"2026-01-03T05:23:36","modified_gmt":"2026-01-03T04:23:36","slug":"laffaire-wargon-un-baroud-dhonneur-pour-masquer-les-avancees-medicales-aux-usa-et-la-mediocrite-dun-systeme-en-declin","status":"publish","type":"post","link":"https:\/\/monde25.info\/index.php\/2026\/01\/03\/laffaire-wargon-un-baroud-dhonneur-pour-masquer-les-avancees-medicales-aux-usa-et-la-mediocrite-dun-systeme-en-declin\/","title":{"rendered":"L&rsquo;affaire Wargon : un baroud d&rsquo;honneur pour masquer les avanc\u00e9es m\u00e9dicales aux USA et la m\u00e9diocrit\u00e9 d&rsquo;un syst\u00e8me en d\u00e9clin ?"},"content":{"rendered":"<p> <br \/>\n<\/p>\n<div>\n<p>L&rsquo;affaire impliquant le Dr Matthias Wargon, chef des urgences \u00e0 l&rsquo;h\u00f4pital Delafontaine de Saint-Denis, n&rsquo;est pas qu&rsquo;une controverse isol\u00e9e sur une interview maladroite. D\u00e9clench\u00e9e par des propos per\u00e7us comme un appel au tri des patients non-vaccin\u00e9s contre la grippe, elle s&rsquo;amplifie avec de nombreuses plaintes, des \u00e9changes virulents sur les r\u00e9seaux sociaux, des accusations de harc\u00e8lement et des soutiens m\u00e9diatiques partiaux. Mais au c\u0153ur de cette temp\u00eate ne se cache-t-il pas une strat\u00e9gie plus insidieuse : d\u00e9tourner l&rsquo;attention des avanc\u00e9es en sant\u00e9 publique et scientifiques majeures aux \u00c9tats-Unis, o\u00f9 <a target=\"_blank\" href=\"https:\/\/www.francesoir.fr\/politique-monde-societe-sante\/une-nouvelle-ere-pour-la-science-americaine-le-dr-jay-bhattacharya-et\">une \u00ab\u00a0<em>nouvelle \u00e8re<\/em>\u00a0\u00bb de science m\u00e9dicale rigoureuse et transparente reprend le dessus<\/a>, exposant les failles comme celles d&rsquo;un syst\u00e8me fran\u00e7ais marqu\u00e9 par des informations biais\u00e9es, les conflits d&rsquo;int\u00e9r\u00eats et la censure. Tandis que l&rsquo;administration Trump, via RFK Jr. et le Dr Jay Bhattacharya, reconna\u00eet la <a target=\"_blank\" href=\"https:\/\/www.francesoir.fr\/videos-les-debriefings\/maladie-de-lyme-un-immense-moment-de-joie-le-pr-christian-perronne-salue-la\">maladie de Lyme chronique<\/a>, <a target=\"_blank\" href=\"https:\/\/www.francesoir.fr\/politique-monde-societe-justice-sante\/le-ministere-de-la-justice-americain-enquete-sur-les-revues\">enqu\u00eate sur les fraudes scientifiques<\/a> (<a target=\"_blank\" href=\"https:\/\/edition.francesoir.fr\/politique-monde-societe-sante\/la-fraude-scientifique-aux-etats-unis-du-reglement-historique-de-15\">et les sanctionne<\/a>) et remet en cause <a target=\"_blank\" href=\"https:\/\/www.francesoir.fr\/politique-monde-societe-sante\/l-email-de-la-fda-sur-les-vaccins-covid-une-revelation-explosive-qui\">les narratifs vaccinaux<\/a>, l&rsquo;affaire Wargon sert de rideau de fum\u00e9e pour prot\u00e9ger <a target=\"_blank\" href=\"https:\/\/www.francesoir.fr\/societe-sante\/yazdan-yazdanpanah-la-tournee-de-trop-dune-equipe-de-scientifiques-en-declin-et-la\">une \u00e9lite m\u00e9dicale et m\u00e9diatique en d\u00e9clin<\/a> depuis les ann\u00e9es SIDA et le prix Nobel du Pr Montagnier, complice d&rsquo;un pouvoir public <a target=\"_blank\" href=\"https:\/\/www.francesoir.fr\/politique-france\/macron-veut-labelliser-les-medias-outil-RSF\">qui subventionne et veut labellise<\/a>r les m\u00e9dias pour <a target=\"_blank\" href=\"https:\/\/www.francesoir.fr\/opinions-editos\/la-declaration-de-paris-l-etat-artisan-de-ses-propres-mensonges-face-une-verite-qu\">contr\u00f4ler l&rsquo;information<\/a>. Cet \u00e9pisode, n\u2019est-il pas le \u00ab\u00a0<em>baroud d&rsquo;honneur<\/em>\u00a0\u00bb, illustrant la fin du chant du cygne d&rsquo;une \u00e8re de d\u00e9sinformation tous azimuts ?<\/p>\n<p>\u00a0<\/p>\n<h5><strong>L&rsquo;interview qui a allum\u00e9 la m\u00e8che et ses r\u00e9percussions<\/strong><\/h5>\n<p>Le 20 d\u00e9cembre 2025, sur BFM TV, Matthias Wargon plaide pour une vaccination obligatoire contre la grippe pour les plus de 65 ans : \u00ab\u00a0<em>Dans ces cas-l\u00e0, on ne les re\u00e7oit pas \u00e0 l&rsquo;h\u00f4pital non plus, chacun est responsable de sa sant\u00e9<\/em>.\u00a0\u00bb\u00a0<\/p>\n<p>Ces propos, qui s\u2019apparentent \u00e0 <strong>un appel au tri des patients non-vaccin\u00e9s<\/strong>, violent potentiellement le serment d&rsquo;Hippocrate et l&rsquo;article R.4127-7 du code de la sant\u00e9 publique, qui stipule que :<\/p>\n<blockquote>\n<p>\u00ab\u00a0<em>le m\u00e9decin doit \u00e9couter, examiner, conseiller ou soigner avec la m\u00eame conscience toutes les personnes quels que soient leur origine, leurs m\u0153urs et leur situation de famille, leur appartenance ou leur non-appartenance \u00e0 une ethnie, une nation ou une religion d\u00e9termin\u00e9e, leur handicap ou leur \u00e9tat de sant\u00e9, leur r\u00e9putation ou les sentiments qu&rsquo;il peut \u00e9prouver \u00e0 leur \u00e9gard.<\/em>\u00a0\u00bb\u00a0<\/p>\n<\/blockquote>\n<p><img decoding=\"async\" data-entity-uuid=\"2886e60d-ffe6-4c65-973a-180c36f16d57\" data-entity-type=\"file\" alt=\"Triage\" width=\"660\" height=\"396\" class=\"align-center lazyload\" loading=\"lazy\" src=\"https:\/\/www.francesoir.fr\/sites\/default\/files\/inline-images\/FS102025%20-%202026-01-02T143620.223.png\"\/><\/p>\n<p>Ce principe de non-discrimination est fondamental en m\u00e9decine fran\u00e7aise, et <strong>tout refus de soins bas\u00e9 sur le statut vaccinal pourrait \u00eatre consid\u00e9r\u00e9 comme une faute d\u00e9ontologique grave<\/strong>, voire le d\u00e9lit de non-assistance \u00e0 personne en danger (article 223-6 du code p\u00e9nal).<\/p>\n<p>Wargon a par ailleurs exprim\u00e9 une lassitude vis-\u00e0-vis du serment d&rsquo;Hippocrate dans des contextes pass\u00e9s, critiquant ceux qui l&rsquo;invoquent pour s&rsquo;opposer \u00e0 des mesures collectives.<\/p>\n<p><img decoding=\"async\" data-entity-uuid=\"12ecad6d-5a05-4442-9262-88d4b74445ba\" data-entity-type=\"file\" alt=\"propos\" width=\"600\" height=\"226\" class=\"align-center lazyload\" loading=\"lazy\" src=\"https:\/\/www.francesoir.fr\/sites\/default\/files\/inline-images\/image_863.png\"\/><\/p>\n<p>Les propos de Wargon ont choqu\u00e9 bien des personnes qui s\u2019interrogent sur la probit\u00e9 et le sens des priorit\u00e9s et de l\u2019\u00e9thique de cet urgentiste.<\/p>\n<p>\u00a0<\/p>\n<h5><strong>La plainte du Dr Zeiger et les r\u00e9actions sur X<\/strong><\/h5>\n<p>Le Dr Franck Zeiger a d\u00e9pos\u00e9 une plainte aupr\u00e8s du Conseil de l&rsquo;Ordre des M\u00e9decins (CDOM) du 93, accusant Wargon de discrimination et d&rsquo;atteinte \u00e0 la d\u00e9ontologie.<\/p>\n<blockquote class=\"twitter-tweet\">\n<p lang=\"fr\" dir=\"ltr\">Suite aux propos du Dr WARGON Mathias j&rsquo;ai d\u00e9cid\u00e9 de porter plainte contre lui aupr\u00e8s du Conseil de l&rsquo;Ordre des M\u00e9decins.<br \/>Vous pouvez appuyer cette plainte en \u00e9crivant au\u00a0<br \/>Conseil de l&rsquo;Ordre des M\u00e9decins de Seine Saint-Denis<br \/>2 rue Ad\u00e8le<br \/>93250 Villemomble<br \/>ou par un mail :\u2026 <a target=\"_blank\" href=\"https:\/\/t.co\/BgPMmILGDo\">https:\/\/t.co\/BgPMmILGDo<\/a><\/p>\n<p>\u2014 ZEIGER Franck (@Franck20270) <a target=\"_blank\" href=\"https:\/\/twitter.com\/Franck20270\/status\/2003066242521878998?ref_src=twsrc%5Etfw\">December 22, 2025<\/a><\/p>\n<\/blockquote>\n<p>Des centaines de t\u00e9moignages ont suivi, amplifiant la controverse. Zeiger d\u00e9nonce l&rsquo;invocation d&rsquo;un \u00ab\u00a0<em>rideau de fum\u00e9e<\/em>\u00a0\u00bb antis\u00e9mite par Wargon pour d\u00e9tourner l&rsquo;attention des critiques m\u00e9dicales l\u00e9gitimes. Sur X, l&rsquo;affaire explose. Le <a target=\"_blank\" href=\"https:\/\/x.com\/MartinZ_uncut\/status\/2006911322911318047?s=20\">professeur Martin Zizi<\/a> exprime\u00a0:<\/p>\n<blockquote>\n<p><em><strong>\u00ab\u00a0Je ne peux qu&rsquo;\u00eatre choqu\u00e9 par tous ceux, politiques ou m\u00e9dias ou les amis du Dr Wargon, qui OSENT d\u00e9fendre l&rsquo;ind\u00e9fendable et justifier ce qui est \u00e0 la fois <\/strong>&#8211; non d\u00e9ontologique (1) &#8211; non \u00e9thique (2) &#8211; NON LEGAL (3)\u00a0\u00bb.\u00a0 <\/em>Il appelle \u00e0 une action ordinale, potentiellement p\u00e9nale.<\/p>\n<\/blockquote>\n<blockquote class=\"twitter-tweet\">\n<p lang=\"fr\" dir=\"ltr\">Je ne peux qu&rsquo;\u00eatre choqu\u00e9 par tous ceux, politiques ou m\u00e9dias ou les amis du Dr Wargon, qui OSENT d\u00e9fendre l&rsquo;ind\u00e9fendable et justifier ce qui est \u00e0 la fois\u00a0<br \/>&#8211; non d\u00e9ontologique (1)<br \/>&#8211; non \u00e9thique (2)<br \/>&#8211; NON LEGAL (3)\u00a0<\/p>\n<p>3 probl\u00e8mes cr\u00e9\u00e9s en une phrase , (1) et (2) sont du ressort\u2026 <a target=\"_blank\" href=\"https:\/\/t.co\/9ZZJofasU6\">https:\/\/t.co\/9ZZJofasU6<\/a><\/p>\n<p>\u2014 Martin Zizi (@MartinZ_uncut) <a target=\"_blank\" href=\"https:\/\/twitter.com\/MartinZ_uncut\/status\/2006911322911318047?ref_src=twsrc%5Etfw\">January 2, 2026<\/a><\/p>\n<\/blockquote>\n<p>De l&rsquo;autre c\u00f4t\u00e9, <a target=\"_blank\" href=\"https:\/\/x.com\/LePoint\/status\/2006369702050726299\">un article du Point<\/a> d\u00e9nonce une \u00ab\u00a0<em>campagne de d\u00e9nigrement<\/em>\u00a0\u00bb contre Wargon, avec un collectif de m\u00e9decins (incluant Karine Lacombe et Mathieu Molimard, <a target=\"_blank\" href=\"https:\/\/media.francesoir.fr\/politique-france-societe-sante-science-tech\/victoire-implicite-pour-la-transparence-en-sante\">expert tr\u00e8s controvers\u00e9 qui a fait l\u2019objet d\u2019un retrait tacite de la mission sur la d\u00e9sinformation en sant\u00e9 par absence de r\u00e9ponse du minist\u00e8re<\/a>) demandant un soutien de l&rsquo;Ordre. L&rsquo;affaire prend des proportions importantes par l&rsquo;ampleur du soutien que Wargon recueille sur X et dans la presse sans prendre en consid\u00e9ration l\u2019innaceptabilit\u00e9 des propos de Wargon. Des figures comme Pascale Mathieu (pr\u00e9sidente du conseil des kin\u00e9sith\u00e9rapeutes) et J\u00e9r\u00f4me Barri\u00e8re (oncologue) ont publiquement exprim\u00e9 leur appui, <strong>occultant l&rsquo;objet central du scandale : le tri des non-vaccin\u00e9s ainsi que <\/strong><a target=\"_blank\" href=\"https:\/\/www.francesoir.fr\/opinions-editos\/les-devoirs-et-obligations-des-personnels-hospitaliers-illustres-par-les-cas-wargon\"><strong>les devoirs et obligations des personnels hospitaliers<\/strong><\/a>.\u00a0<\/p>\n<p>Des recherches s\u00e9mantiques montrent des centaines de posts de soutien, souvent de professionnels de sant\u00e9, contrastant avec des critiques virulentes accusant Wargon de bafouer l&rsquo;\u00e9thique m\u00e9dicale et de d\u00e9passer <a target=\"_blank\" href=\"https:\/\/www.cdg76.fr\/droits-et-obligations\/les-obligations-des-agents-publics\/\">les obligations que la loi<\/a>\u00a0fait peser sur ce corps de m\u00e9tier.\u00a0Y figurent notamment les trois obligations suivantes\u202f:\u00a0<\/p>\n<ul>\n<li>Neutralit\u00e9\u202f;<\/li>\n<li>Discr\u00e9tion professionnelle\u202f;<\/li>\n<li>Devoir de r\u00e9serve\u202f: l&rsquo;obligation\u00a0<strong>d&rsquo;user de mesure et\u202fde retenue<\/strong>\u00a0\u00e0 l\u2019occasion de\u202f<strong>l\u2019expression publique<\/strong>\u00a0de\u202fses\u00a0opinions.\u00a0<\/li>\n<\/ul>\n<p>\u00a0<\/p>\n<h5><strong>Les tweets orduriers de Wargon et son appartenance \u00e0 la \u00ab\u00a0Harcelosph\u00e8re\u00a0\u00bb<\/strong><\/h5>\n<p>Le compte X de Wargon (@wargonm) est rempli de posts confrontants, bloquant les critiques et d\u00e9non\u00e7ant la \u00ab\u00a0<em>b\u00eatise<\/em>\u00a0\u00bb ou le \u00ab\u00a0<em>populisme<\/em>\u00a0\u00bb. En 2022, il a prof\u00e9r\u00e9 des menaces implicites, comme dans un \u00e9change o\u00f9 il r\u00e9pond \u00e0 un critique : \u00ab\u00a0<em>T&rsquo;y penseras dans la salle d&rsquo;attente des urgences. Moi j&rsquo;ai un r\u00e9seau<\/em>.\u00a0\u00bb Cela laisse entendre qu&rsquo;il dispose d&rsquo;un r\u00e9seau susceptible d&rsquo;intervenir aux urgences, une forme de menace qui interroge une fois encore sa d\u00e9ontologie.<\/p>\n<p><img decoding=\"async\" data-entity-uuid=\"fd200769-837f-4954-b344-17c7775075f8\" data-entity-type=\"file\" alt=\"tweets\" width=\"654\" height=\"883\" class=\"align-center lazyload\" loading=\"lazy\" src=\"https:\/\/www.francesoir.fr\/sites\/default\/files\/inline-images\/image_864.png\"\/><\/p>\n<p>L\u2019enqu\u00eate de France-Soir sur la \u00ab\u00a0harcelosph\u00e8re\u00a0\u00bb, un r\u00e9seau d\u2019individus dont de nombreux m\u00e9decins harc\u00e8lent des figures comme Didier Raoult, montre le r\u00f4le central du pol\u00e9miste Wargon qui d\u00e9passe trop souvent les limites.<\/p>\n<p><img decoding=\"async\" data-entity-uuid=\"21154ec0-555b-4ff4-8631-e67ae60a912e\" data-entity-type=\"file\" alt=\"\" width=\"652\" height=\"420\" class=\"align-center lazyload\" loading=\"lazy\" src=\"https:\/\/www.francesoir.fr\/sites\/default\/files\/inline-images\/image_865.png\"\/><\/p>\n<p>Ce groupe, incluant de nombreux m\u00e9decins du collectif No Fake Med, est accus\u00e9 de doxxing et d&rsquo;insultes obsc\u00e8nes, violant les devoirs de fraternit\u00e9 et de neutralit\u00e9 hospitaliers.<\/p>\n<p>Par ailleurs, <a target=\"_blank\" href=\"https:\/\/x.com\/wargonm\/status\/1820107832680645054\">Wargon a \u00e9t\u00e9 critiqu\u00e9 pour ses positions sur d&rsquo;autres sujets<\/a>, comme la minimisation du conflit \u00e0 Gaza en \u00ab\u00a0<em>simples massacres<\/em>\u00a0\u00bb, ce qui a valu des <a target=\"_blank\" href=\"https:\/\/x.com\/DestroyedVaran\/status\/2004216673977725110\">accusations de n\u00e9gationnisme par des internautes<\/a>\u00a0:<\/p>\n<p><img decoding=\"async\" data-entity-uuid=\"ddf8b515-4c96-425e-94ea-ccfe225235ef\" data-entity-type=\"file\" alt=\"Wargon\" width=\"650\" height=\"715\" class=\"align-center lazyload\" loading=\"lazy\" src=\"https:\/\/www.francesoir.fr\/sites\/default\/files\/inline-images\/image_866.png\"\/><\/p>\n<p>\u00a0<\/p>\n<h5><strong>Erreurs m\u00e9dicales \u00e0 l&rsquo;h\u00f4pital de Saint-Denis et liens familiaux<\/strong><\/h5>\n<p>L&rsquo;h\u00f4pital Delafontaine <a target=\"_blank\" href=\"https:\/\/www.francesoir.fr\/societe-sante\/hopital-de-saint-denis-deces-d-une-jeune-femme-4-heures-apres-avoir-ete-renvoyee-des\">est \u00e9pingl\u00e9 pour des erreurs fatales<\/a>, comme le d\u00e9c\u00e8s d&rsquo;une jeune femme renvoy\u00e9e chez elle en 2023 malgr\u00e9 des sympt\u00f4mes graves. Wargon, responsable des urgences, n&rsquo;a pas comment\u00e9 publiquement alors qu\u2019il est d\u2019habitude si prompt \u00e0 r\u00e9agir sur X.<\/p>\n<p>Par ailleurs, des all\u00e9gations circulent sur l&rsquo;implication de sa famille dans le scandale du Vioxx, un anti-inflammatoire retir\u00e9 en 2004 par Merck pour risques cardiaques, causant des milliers de d\u00e9c\u00e8s et des milliards en d\u00e9dommagements. <a target=\"_blank\" href=\"https:\/\/pgibertie.com\/2025\/03\/01\/il-faudra-peut-etre-les-rechercher-et-les-detruire-la-ou-ils-vivent-un-dirigeant-de-merck-sur-les-medecins-recalcitrants-a-utiliser-le-poison-vioxx\/\">\u00ab\u00a0<em>Un an apr\u00e8s l\u2019arr\u00eat de la commercialisation du Vioxx, Emmanuelle Wargon (alors num\u00e9ro deux de l\u2019agence du m\u00e9dicament) expliquait au S\u00e9nat qu\u2019il e\u00fbt \u00e9t\u00e9 plus ad\u00e9quat de prendre \u00abune mesure alternative \u00e0 un retrait \u00bb du march\u00e9, le Vioxx ayant \u00ab de r\u00e9els b\u00e9n\u00e9fices \u00bb (sic). Autrement dit, une <strong>responsable de l\u2019agence fran\u00e7aise du m\u00e9dicament tenait des propos plus en faveur de l\u2019industrie que des patients<\/strong>.<\/em>\u00a0\u00bb<\/a><\/p>\n<p>Ces \u00e9l\u00e9ments interrogent sur les raisons de la pr\u00e9sence fr\u00e9quente de Matthias Wargon dans les m\u00e9dias et alimentent les critiques sur des conflits d&rsquo;int\u00e9r\u00eats potentiels.<\/p>\n<p>\u00a0<\/p>\n<h5><strong>L&rsquo;hypocrisie de la couverture m\u00e9diatique : le cas \u00ab\u00a0Le Point\u00a0\u00bb<\/strong><\/h5>\n<p>L&rsquo;article du Point d\u00e9fendant Wargon contre le \u00ab\u00a0<em>harc\u00e8lement<\/em>\u00a0\u00bb est per\u00e7u par de nombreux observateurs comme <strong>une op\u00e9ration de sauvetage<\/strong>, mais \u00e9galement <strong>comme un exemple flagrant d&rsquo;hypocrisie<\/strong>. Le magazine, <a target=\"_blank\" href=\"https:\/\/m.francesoir.fr\/opinions-tribunes-societe-science-tech\/information-les-medias-citoyens-prennent-le-pas-sur-les\">souvent accus\u00e9 d&rsquo;\u00eatre en premi\u00e8re ligne de la pollution informationnelle pendant la crise COVID-19<\/a> \u2013 en relayant des narratifs officiels <strong>sans v\u00e9rification rigoureuse (LancetGate, <\/strong><a target=\"_blank\" href=\"https:\/\/www.fortunejournals.com\/articles\/erroneous-assessment-of-the-effect-of-hospital-treatment-ndash-the-misleading-creation-of-17000-deaths-and-its-consequences-for-go.html\"><strong>\u00e9tude Pradelle Lega aux r\u00e9sultats frauduleux<\/strong><\/a>) et en <strong>\u00e9tant laxiste sur la d\u00e9ontologie<\/strong> journalistique (G\u00e9raldine Woessner ne rectifiant pas ses propos erron\u00e9s) \u2013 se pose ici en d\u00e9fenseur de la libert\u00e9 d&rsquo;expression m\u00e9dicale.\u00a0<\/p>\n<p><img decoding=\"async\" alt=\"Pollueur d'information\" width=\"651\" height=\"410\" class=\"align-center lazyload\" loading=\"lazy\" src=\"https:\/\/m.francesoir.fr\/sites\/default\/files\/styles\/max_1300x1300\/public\/2024-09\/Capture%20d%27%C3%A9cran%202024-09-17%20182143.png?itok=TckTcMV1\"\/><\/p>\n<p>Des tweets comme celui <a target=\"_blank\" href=\"https:\/\/x.com\/alpha_taury_\/status\/2007038131976229375\">d&rsquo;@alpha_taury_<\/a>mettent en lumi\u00e8re cette contradiction en juxtaposant des extraits de la tribune collective publi\u00e9e par Le Point, o\u00f9 les signataires (dont Lacombe et Molimard) appellent \u00e0 des sanctions contre la \u00ab\u00a0<em>propagande mortif\u00e8re<\/em>\u00a0\u00bb et la \u00ab\u00a0<em>politisation de la science<\/em>\u00a0\u00bb, tout en soutenant Wargon, accus\u00e9 pr\u00e9cis\u00e9ment de tels \u00e9carts.<\/p>\n<p>Le tweet, adress\u00e9 \u00e0 l&rsquo;Ordre des M\u00e9decins avec un sarcastique \u00ab\u00a0Non rien\u00a0\u00bb, illustre comment les m\u00eames acteurs qui pr\u00f4naient des poursuites disciplinaires contre les dissidents sanitaires d\u00e9fendent maintenant un confr\u00e8re controvers\u00e9.<\/p>\n<p><img decoding=\"async\" data-entity-uuid=\"8d9721a8-7a12-4f5c-a07b-c9045e79883e\" data-entity-type=\"file\" alt=\"Wargon\" width=\"677\" height=\"558\" class=\"align-center lazyload\" loading=\"lazy\" src=\"https:\/\/www.francesoir.fr\/sites\/default\/files\/inline-images\/image_867.png\"\/><\/p>\n<p>D&rsquo;autres tweets renforcent cette critique d&rsquo;hypocrisie. Par exemple, un post de <a target=\"_blank\" href=\"https:\/\/x.com\/francescaventu5\/status\/2006669041964859589?s=20\">@francescaventu5<\/a> qualifie Le Point de \u00ab\u00a0<em>journal raciste<\/em>\u00a0\u00bb victimisant Wargon, tout en l&rsquo;accusant de harc\u00e8lement envers des humanitaires critiques du conflit \u00e0 Gaza. De m\u00eame, <a target=\"_blank\" href=\"https:\/\/x.com\/Babar_le_Rhino\/status\/2005020813389656408?s=20\">une s\u00e9rie de tweets de<\/a> <a target=\"_blank\" href=\"https:\/\/x.com\/Babar_le_Rhino\/status\/2005020856683274576?s=20\">@Babar_le_Rhino<\/a> concluent que les propos de Wargon sont \u00ab\u00a0<em>ill\u00e9gaux et indignes<\/em>\u00a0\u00bb, et que <strong>les accusations d&rsquo;antis\u00e9mitisme nourrissent le vrai antis\u00e9mitisme en d\u00e9tournant l&rsquo;attention<\/strong>.<\/p>\n<p><img decoding=\"async\" data-entity-uuid=\"d5cabbed-4ddd-40b3-9fb1-3005892afc87\" data-entity-type=\"file\" alt=\"Wargon\" width=\"651\" height=\"747\" class=\"align-center lazyload\" loading=\"lazy\" src=\"https:\/\/www.francesoir.fr\/sites\/default\/files\/inline-images\/image_868.png\"\/><\/p>\n<p>Wargon lui-m\u00eame n&rsquo;est pas exempt de contradictions : dans un tweet du 2 janvier 2026, il accuse La France Insoumise (LFI) et le Rassemblement National (RN) d&rsquo;\u00eatre \u00ab\u00a0<em>les deux faces de la m\u00eame pi\u00e8ce populiste, raciste et antis\u00e9mite<\/em>\u00a0\u00bb, tout en se plaignant d&rsquo;attaques antis\u00e9mites contre lui.<\/p>\n<p>Comme le dit l&rsquo;adage, \u00ab\u00a0<em>qui se ressemble s&rsquo;assemble<\/em>\u00a0\u00bb : Le Point et Mathias Wargon semblent partager une approche <strong>s\u00e9lective de la critique<\/strong>, utilisant des \u00e9tiquettes comme \u00ab\u00a0<em>antis\u00e9mitisme<\/em>\u00a0\u00bb ou \u00ab\u00a0<em>complotisme<\/em>\u00a0\u00bb pour d\u00e9tourner l&rsquo;attention des propos outranciers sans donner la parole aux personnes mises en cause, comme par exemple le Dr Zeiger porteur de la plainte contre le Dr Wargon.\u00a0<\/p>\n<blockquote>\n<p>Ces exemples soulignent une pollution informationnelle permanente : les m\u00eames acteurs qui se sont tromp\u00e9s sur l&rsquo;\u00e9tude Lancet (retrait pour fraude sur l&rsquo;hydroxychloroquine), l&rsquo;efficacit\u00e9 vaccinale et l&rsquo;absence d&rsquo;effets ind\u00e9sirables, vendraient donc une \u00ab\u00a0<em>science<\/em>\u00a0\u00bb sans v\u00e9rification rigoureuse, masquant leurs carences pour prot\u00e9ger un pouvoir effritant et une notori\u00e9t\u00e9 en d\u00e9clin.<\/p>\n<\/blockquote>\n<h5>\u00a0<\/h5>\n<h5><strong>Pas un acte isol\u00e9 : un baroud d&rsquo;honneur pour masquer les avanc\u00e9es aux USA et la m\u00e9diocrit\u00e9 fran\u00e7aise<\/strong><\/h5>\n<p>Cet \u00e9pisode s&rsquo;inscrit dans une contre-offensive pour d\u00e9fendre divers actes r\u00e9cents comme l\u2019\u00e9tude Epi-Phare, critiqu\u00e9e pour ses biais m\u00e9thodologiques <a target=\"_blank\" href=\"https:\/\/www.francesoir.fr\/societe-sante-science-tech\/biais-methodologiques-et-controverses-une-nouvelle-etude-italienne-remet\">qui jettent une nouvelle fois le discr\u00e9dit sur la science fran\u00e7aise<\/a>. De plus <a target=\"_blank\" href=\"https:\/\/media.francesoir.fr\/politique-france-societe-sante-science-tech\/victoire-implicite-pour-la-transparence-en-sante\">l&rsquo;association Bon Sens a obtenu le retrait d&rsquo;experts controvers\u00e9s d&rsquo;une mission contre la d\u00e9sinformation<\/a>, pour conflits avec Big Pharma.<\/p>\n<p>Mais l&rsquo;affaire Wargon va plus loin : elle vise \u00e0 masquer les avanc\u00e9es scientifiques aux \u00c9tats-Unis, o\u00f9 une \u00ab\u00a0<em>nouvelle \u00e8re<\/em>\u00a0\u00bb a \u00e9merg\u00e9 sous l&rsquo;impulsion de RFK Jr. et du Dr Jay Bhattacharya, nomm\u00e9 directeur du NIH en mars 2025. Le d\u00e9cret \u00ab\u00a0<a target=\"_blank\" href=\"https:\/\/www.francesoir.fr\/politique-monde-societe-sante\/une-nouvelle-ere-pour-la-science-americaine-le-dr-jay-bhattacharya-et\"><em>Restaurer la science de r\u00e9f\u00e9rence<\/em><\/a>\u00a0\u00bb sign\u00e9 par Trump en mai 2025 impose <strong>transparence, reproductibilit\u00e9 et absence de conflits d&rsquo;int\u00e9r\u00eats aux agences comme NIH, CDC et FDA<\/strong>, critiquant les d\u00e9rives de l&rsquo;\u00e8re Biden (opacit\u00e9, suppression de dissidents, influences non-scientifiques). Bhattacharya priorise la pr\u00e9vention des maladies chroniques, la libert\u00e9 acad\u00e9mique et des essais vaccinaux placebo-contr\u00f4l\u00e9s, marquant un pivot vers une science patient-centr\u00e9e.<\/p>\n<p><img decoding=\"async\" alt=\"Restaurer la science de r\u00e9f\u00e9rence\" width=\"648\" height=\"365\" class=\"align-center lazyload\" loading=\"lazy\" src=\"https:\/\/www.francesoir.fr\/sites\/default\/files\/styles\/max_1300x1300\/public\/2025-05\/IMAGE%20FRAMEWORK%20%2859%29.png?itok=-jO2VRE7\"\/><\/p>\n<p>Parmi ces avanc\u00e9es, la <a target=\"_blank\" href=\"https:\/\/www.francesoir.fr\/videos-les-debriefings\/maladie-de-lyme-un-immense-moment-de-joie-le-pr-christian-perronne-salue-la\">reconnaissance officielle de la maladie de Lyme chronique lors d&rsquo;une table ronde du HHS le 15 d\u00e9cembre 2025<\/a>, mod\u00e9r\u00e9e par RFK Jr., qui a d\u00e9nonc\u00e9 des d\u00e9cennies de n\u00e9gligence et annonc\u00e9 des mesures concr\u00e8tes (renouvellement de LymeX, centres d&rsquo;excellence, \u00e9tudes NIH p\u00e9diatriques). Le Pr Christian Perronne, engag\u00e9 depuis 25 ans, a salu\u00e9 cette \u00ab\u00a0<em>victoire symbolique<\/em>\u00a0\u00bb validant ses alertes et ses travaux, regrettant le retard fran\u00e7ais o\u00f9 les patients sont souvent renvoy\u00e9s en psychiatrie.<\/p>\n<p><img decoding=\"async\" alt=\"CP\" width=\"660\" height=\"371\" class=\"align-center lazyload\" loading=\"lazy\" src=\"https:\/\/www.francesoir.fr\/sites\/default\/files\/styles\/max_1300x1300\/public\/2025-12\/signal-2025-12-16-200650_002.jpeg?itok=XGbwXj0w\"\/><\/p>\n<p>La <a target=\"_blank\" href=\"https:\/\/edition.francesoir.fr\/politique-monde-societe-sante\/la-fraude-scientifique-aux-etats-unis-du-reglement-historique-de-15\">fraude scientifique est aussi cibl\u00e9e<\/a> : un r\u00e8glement historique de 15 millions de dollars pour le Dana-Farber Cancer Institute en d\u00e9cembre 2025 pour manipulation de donn\u00e9es, et une enqu\u00eate du minist\u00e8re de la Justice am\u00e9ricaine (DOJ) <a target=\"_blank\" href=\"https:\/\/www.francesoir.fr\/politique-monde-societe-justice-sante\/le-ministere-de-la-justice-americain-enquete-sur-les-revues\">sur des revues comme NEJM pour biais et conflits pendant la COVID<\/a>. Ces scandales, comme le Lancetgate, ou <a target=\"_blank\" href=\"https:\/\/media.francesoir.fr\/societe-science-tech\/pradelle-lega-une-fraude-scientifique-demontee-le-role-salvateur-de-france\">l\u2019\u00e9tude Pradelle Lega aux r\u00e9sultats frauduleux<\/a> <a target=\"_blank\" href=\"https:\/\/www.francesoir.fr\/societe-science-tech\/hypocrisie-et-biais-dans-la-lutte-contre-la-fraude-scientifique-une-analyse\">\u00e9rodent la confiance<\/a>.<\/p>\n<p>Sur les vaccins, <a target=\"_blank\" href=\"https:\/\/www.francesoir.fr\/politique-monde-societe-sante\/l-email-de-la-fda-sur-les-vaccins-covid-une-revelation-explosive-qui\">un m\u00e9mo FDA de novembre 2025 admet au moins 10 d\u00e9c\u00e8s p\u00e9diatriques li\u00e9s aux vaccins COVID<\/a>, critiquant les retards dans la reconnaissance des effets (myocardite) et imposant des standards plus stricts. Cela remet en cause les narratifs globaux, contrastant avec la France o\u00f9 les m\u00eames \u00ab\u00a0experts\u00a0\u00bb persistent.<\/p>\n<p>L&rsquo;affaire masque aussi la m\u00e9diocrit\u00e9 de figures comme Yazdan Yazdanpanah, critiqu\u00e9 dans une analyse en 2020 pour la \u00ab\u00a0<em>tourn\u00e9e de trop<\/em>\u00a0\u00bb d\u2019une \u00e9quipe, de scientifiques en d\u00e9clin, favorisant des traitements co\u00fbteux (remdesivir) au d\u00e9triment d&rsquo;options abordables, avec des suspicions de conflits importants avec Big Pharma. \u00c0 ce titre certaines de ces personnes s\u2019\u00e9pancheront en off pour indiquer \u00ab\u00a0<em>avoir d\u00fb arr\u00eater car cela devenait trop visibles<\/em>\u00a0\u00bb. Ce que confirmera <a target=\"_blank\" href=\"https:\/\/www.francesoir.fr\/politique-monde-societe-sante\/rfk-jr-et-bhattacharya-une-revolution-salutaire-pour-la-sante\">l\u2019audition houleuse de RFK jr<\/a> au poste de ministre de la Sant\u00e9 am\u00e9ricaine <a target=\"_blank\" href=\"https:\/\/www.francesoir.fr\/politique-monde\/declaration-de-robert-f-kennedy-jr-lors-de-son-grand-oral-ce-mercredi-pour-sa\">avec les opposants \u00e9tant en grande partie r\u00e9mun\u00e9r\u00e9s par l\u2019industrie pharmaceutique<\/a>.<\/p>\n<p>Ces individus, invit\u00e9s par des m\u00e9dias complices subventionn\u00e9s (120 millions d&rsquo;euros annuels), servent <a target=\"_blank\" href=\"https:\/\/www.francesoir.fr\/politique-france\/macron-veut-labelliser-les-medias-outil-RSF\">un pouvoir qui veut labelliser les m\u00e9dias via RSF pour censurer<\/a>, comme l\u2019\u00e9voque la proposition de Macron \u00e9quivalent \u00e0 la cr\u00e9ation d\u2019un \u00ab\u00a0<em>Minist\u00e8re de l&rsquo;Information 2.0<\/em>\u00a0\u00bb. De plus, <a target=\"_blank\" href=\"https:\/\/www.francesoir.fr\/opinions-editos\/la-declaration-de-paris-l-etat-artisan-de-ses-propres-mensonges-face-une-verite-qu\">la D\u00e9claration de Paris d&rsquo;octobre 2025, sign\u00e9e par 29 \u00c9tats, promeut un fonds pour m\u00e9dias \u00ab\u00a0<em>fiables<\/em>\u00a0\u00bb<\/a> mais ignore la d\u00e9sinformation \u00e9tatique (mensonges sur pensions, dette, environnement). Ajoutez <a target=\"_blank\" href=\"https:\/\/www.francesoir.fr\/politique-france-societe-justice\/les-declarations-de-google-devant-la-commission-judiciaire-de-la\">les aveux de Google en septembre 2025 sur la censure COVID sous pression Biden<\/a>, menant \u00e0 des r\u00e9formes pour la libert\u00e9 d&rsquo;expression.<\/p>\n<blockquote>\n<p>L&rsquo;Ordre des m\u00e9decins, pour justifier son existence, n&rsquo;aura probablement pas d&rsquo;autre choix que de sanctionner \u2013 non par un bl\u00e2me, mais par une remise en cause r\u00e9elle des propos dangereux de Wargon. Ces personnes semblent privil\u00e9gier leur propre protection plut\u00f4t que la sant\u00e9 des patients.<\/p>\n<\/blockquote>\n<h5>\u00a0<\/h5>\n<h5><strong>Liens avec l&rsquo;article de Lutaud contre RFK Jr.<\/strong><\/h5>\n<p>L\u2019affaire Wargon s\u2019inscrit dans la lign\u00e9e de l&rsquo;article de B\u00e9n\u00e9dicte Lutaud dans Le Figaro du 28 d\u00e9cembre 2025, intitul\u00e9 <a target=\"_blank\" href=\"https:\/\/www.francesoir.fr\/societe-sante-science-tech\/quand-la-propagande-institutionnelle-remplace-le-journalisme-le-cas-du\">\u00ab <em>Aux \u00c9tats-Unis, un an de charge antivax par le ministre de la Sant\u00e9 Robert Kennedy Jr<\/em>. \u00bb<\/a>. Pr\u00e9sent\u00e9 comme un \u00ab d\u00e9cryptage \u00bb objectif dans la rubrique \u00ab <em>Sant\u00e9 publique<\/em> \u00bb, ce texte adopte un angle biais\u00e9 et alarmiste, accusant RFK Jr. d&rsquo;une \u00ab <em>offensive antivaccinale<\/em> \u00bb irresponsable, en citant des faits s\u00e9lectifs (comme la restructuration du comit\u00e9 ACIP ou la r\u00e9surgence de la rougeole) sans contextualiser les r\u00e9formes de transparence et de s\u00e9curit\u00e9 vaccinale. Lutaud, journaliste sp\u00e9cialis\u00e9e dans l&rsquo;actualit\u00e9 religieuse et le Vatican \u2013 donc non-sp\u00e9cialiste en sant\u00e9 publique \u2013 s&rsquo;appuie sur des experts controvers\u00e9s comme Dominique Costagliola (li\u00e9e \u00e0 des conflits d&rsquo;int\u00e9r\u00eats pr\u00e9sum\u00e9s) et Daniel Floret, omettant totalement les avanc\u00e9es positives : le programme MAHA contre les maladies chroniques, la reconnaissance de la Lyme chronique, les enqu\u00eates sur les fraudes scientifiques, ou les admissions de la FDA sur les effets ind\u00e9sirables vaccinaux.<\/p>\n<p><img decoding=\"async\" alt=\"Lutaud\" width=\"649\" height=\"389\" class=\"align-center lazyload\" loading=\"lazy\" src=\"https:\/\/www.francesoir.fr\/sites\/default\/files\/styles\/max_1300x1300\/public\/2025-12\/FS102025%20-%202025-12-29T184547.406.png?itok=N9dW0r8e\"\/><\/p>\n<p>Il n&rsquo;est donc pas \u00e9tonnant que des non-sp\u00e9cialistes en sant\u00e9 publique \u00e9crivent des articles \u00e0 charge contre RFK Jr. en prenant un angle biais\u00e9 et unilat\u00e9ral : <strong>cela contribue \u00e0 la r\u00e9elle d\u00e9sinformation du public fran\u00e7ais, qui n&rsquo;a pas \u00e9t\u00e9 inform\u00e9 de toutes les avanc\u00e9es<\/strong> en cours aux \u00c9tats-Unis (transparence accrue, standards rigoureux pour les vaccins, lutte contre les conflits d&rsquo;int\u00e9r\u00eats pharmaceutiques). La pol\u00e9mique Wargon permet ainsi de remplir du papier, de cr\u00e9er du bruit m\u00e9diatique, et d&rsquo;allumer un contre-feu permettant de masquer les r\u00e9els d\u00e9bats scientifiques, ainsi que les biais informationnels persistants en France \u2013 comme les avanc\u00e9es sur Lyme validant Perronne apr\u00e8s 25 ans de marginalisation, les d\u00e9clarations explosives de la FDA, ou les sanctions pour fraude scientifique.<\/p>\n<p>Cet \u00ab enfumage syst\u00e9matique \u00bb, sous couvert de journalisme, contribue directement \u00e0 la perte de confiance massive dans les m\u00e9dias traditionnels (64 % des Fran\u00e7ais se m\u00e9fient d&rsquo;eux) et dans les m\u00e9decins des plateaux TV, per\u00e7us comme des relais de narratifs institutionnels plut\u00f4t que de d\u00e9fenseurs de la science rigoureuse et du patient.<\/p>\n<p>Des analyses approfondies sur X, comme celle de @LiseSantolini (1er janvier 2026), voient dans l&rsquo;affaire un \u00ab\u00a0<em>r\u00e9v\u00e9lateur<\/em>\u00a0\u00bb d&rsquo;une <strong>soci\u00e9t\u00e9 tent\u00e9e par le tri moral des vies, remettant en cause le principe inconditionnel de soin, <\/strong>et par l\u00e0-m\u00eame, les valeurs fondamentales de la R\u00e9publique.<\/p>\n<p>\u00a0<\/p>\n<h5><strong>La fin d&rsquo;une \u00e8re de d\u00e9sinformation<\/strong><\/h5>\n<p>L&rsquo;affaire Wargon, avec son soutien partial massif occultant le scandale du tri et r\u00e9v\u00e9lant des hypocrisies m\u00e9diatiques, illustre les fractures du syst\u00e8me de sant\u00e9 : saturation, conflits, luttes id\u00e9ologiques. Si l&rsquo;antis\u00e9mitisme est inacceptable, les questions d\u00e9ontologiques persistent. L&rsquo;Ordre doit trancher : prot\u00e9ger un confr\u00e8re ou restaurer la confiance ? Tandis que les USA pivotent vers une science transparente et centr\u00e9e sur le patient (m\u00eame s\u2019ils reviennent de loin) \u2013 un v\u00e9ritable s\u00e9isme marquant la fin du chant du cygne d&rsquo;une \u00e8re de d\u00e9sinformation tous sujets confondus\u00a0\u2013, la France s&rsquo;accroche \u00e0 des narratifs contest\u00e9s via des m\u00e9dias complices et la censure.<\/p>\n<p>L&rsquo;avenir dira si ce baroud d&rsquo;honneur acc\u00e9l\u00e8re le r\u00e9veil ou prolonge l&rsquo;agonie.<\/p>\n<\/div>\n<p><script async src=\"\/\/platform.twitter.com\/widgets.js\" charset=\"utf-8\"><\/script><script>(function(d, s, id) {  var js, fjs = d.getElementsByTagName(s)[0];  if (d.getElementById(id)) return;  js = d.createElement(s); js.id = id;  js.src = \"\/\/connect.facebook.net\/fr_FR\/sdk.js#xfbml=1&version=v2.3\";  fjs.parentNode.insertBefore(js, fjs);}(document, \"script\", \"facebook-jssdk\"));<\/script><br \/>\n<br \/><br \/>\n<br \/><a href=\"https:\/\/www.francesoir.fr\/opinions-tribunes-societe-sante\/l-affaire-wargon-un-baroud-d-honneur-pour-masquer-les-avancees\" target=\"_blank\"\">Source link <\/a><\/p>\n","protected":false},"excerpt":{"rendered":"<p>L&rsquo;affaire impliquant le Dr Matthias Wargon, chef des urgences \u00e0 l&rsquo;h\u00f4pital Delafontaine de Saint-Denis, n&rsquo;est pas qu&rsquo;une controverse isol\u00e9e sur une interview maladroite. D\u00e9clench\u00e9e par des propos per\u00e7us comme un&hellip; <\/p>\n","protected":false},"author":1,"featured_media":21817,"comment_status":"open","ping_status":"open","sticky":false,"template":"","format":"standard","meta":{"footnotes":""},"categories":[1],"tags":[],"class_list":["post-21816","post","type-post","status-publish","format-standard","has-post-thumbnail","hentry","category-non-classe"],"_links":{"self":[{"href":"https:\/\/monde25.info\/index.php\/wp-json\/wp\/v2\/posts\/21816","targetHints":{"allow":["GET"]}}],"collection":[{"href":"https:\/\/monde25.info\/index.php\/wp-json\/wp\/v2\/posts"}],"about":[{"href":"https:\/\/monde25.info\/index.php\/wp-json\/wp\/v2\/types\/post"}],"author":[{"embeddable":true,"href":"https:\/\/monde25.info\/index.php\/wp-json\/wp\/v2\/users\/1"}],"replies":[{"embeddable":true,"href":"https:\/\/monde25.info\/index.php\/wp-json\/wp\/v2\/comments?post=21816"}],"version-history":[{"count":0,"href":"https:\/\/monde25.info\/index.php\/wp-json\/wp\/v2\/posts\/21816\/revisions"}],"wp:featuredmedia":[{"embeddable":true,"href":"https:\/\/monde25.info\/index.php\/wp-json\/wp\/v2\/media\/21817"}],"wp:attachment":[{"href":"https:\/\/monde25.info\/index.php\/wp-json\/wp\/v2\/media?parent=21816"}],"wp:term":[{"taxonomy":"category","embeddable":true,"href":"https:\/\/monde25.info\/index.php\/wp-json\/wp\/v2\/categories?post=21816"},{"taxonomy":"post_tag","embeddable":true,"href":"https:\/\/monde25.info\/index.php\/wp-json\/wp\/v2\/tags?post=21816"}],"curies":[{"name":"wp","href":"https:\/\/api.w.org\/{rel}","templated":true}]}}