{"id":21823,"date":"2026-01-03T09:47:49","date_gmt":"2026-01-03T08:47:49","guid":{"rendered":"https:\/\/monde25.info\/index.php\/2026\/01\/03\/128-journalistes-tues-en-2025-dapres-leur-federation-internationale\/"},"modified":"2026-01-03T09:47:49","modified_gmt":"2026-01-03T08:47:49","slug":"128-journalistes-tues-en-2025-dapres-leur-federation-internationale","status":"publish","type":"post","link":"https:\/\/monde25.info\/index.php\/2026\/01\/03\/128-journalistes-tues-en-2025-dapres-leur-federation-internationale\/","title":{"rendered":"128 journalistes tu\u00e9s en 2025, d&rsquo;apr\u00e8s leur F\u00e9d\u00e9ration internationale"},"content":{"rendered":"<p> <br \/>\n<\/p>\n<div>\n<p>Cent vingt-huit journalistes ont \u00e9t\u00e9 tu\u00e9s dans le monde en 2025, dont plus de la moiti\u00e9 au Moyen-Orient, selon un d\u00e9compte publi\u00e9 jeudi par la F\u00e9d\u00e9ration internationale des journalistes (FIJ).<\/p>\n<p>Ce bilan macabre, en hausse par rapport \u00e0 2024, \u00ab\u00a0n&rsquo;est m\u00eame pas un chiffre, c&rsquo;est une alerte rouge mondiale pour nos confr\u00e8res et cons\u0153urs\u00a0\u00bb, mart\u00e8le Anthony Bellanger, le secr\u00e9taire g\u00e9n\u00e9ral de la FIJ, aupr\u00e8s de l&rsquo;AFP.<\/p>\n<p>L&rsquo;organisation s&rsquo;inqui\u00e8te tout particuli\u00e8rement de la situation dans les territoires palestiniens, o\u00f9 elle recense 56 professionnels des m\u00e9dias tu\u00e9s au cours de l&rsquo;ann\u00e9e.<\/p>\n<p>\u00ab\u00a0On a jamais vu \u00e7a :\u00a0en si peu de temps, autant de morts, sur un espace aussi r\u00e9duit\u00a0\u00bb, d\u00e9plore Anthony Bellanger.<\/p>\n<p>Des journalistes ont \u00e9galement \u00e9t\u00e9 tu\u00e9s cette ann\u00e9e au Y\u00e9men, en Ukraine (dont le photoreporter fran\u00e7ais Antoni Lallican), au Soudan, au P\u00e9rou, en Inde&#8230;<\/p>\n<p>Le responsable d\u00e9nonce surtout \u00ab\u00a0l&rsquo;impunit\u00e9\u00a0\u00bb qui entoure les auteurs de ces attaques. \u00ab\u00a0Sans justice, \u00e7a permet aux assassins de journalistes de prosp\u00e9rer\u00a0\u00bb, alerte-t-il.<\/p>\n<p>La FIJ s&rsquo;inqui\u00e8te \u00e9galement du nombre de journalistes emprisonn\u00e9s \u00e0 travers le monde &#8212; elle en recense 533, dont plus d&rsquo;un quart en Chine et \u00e0 Hong Kong.<\/p>\n<p>La F\u00e9d\u00e9ration internationale des journalistes publie g\u00e9n\u00e9ralement un d\u00e9compte annuel plus lourd que celui de Reporters sans fronti\u00e8res, qui a recens\u00e9 67 journalistes tu\u00e9s en 2025, en raison d&rsquo;un d\u00e9saccord sur le mode de calcul.\u00a0La FIJ comptabilise notamment les journalistes tu\u00e9s lors d&rsquo;accidents.<\/p>\n<p>Sur son site internet, l&rsquo;Unesco d\u00e9nombre elle 93 journalistes tu\u00e9s \u00e0 ce jour dans le monde en 2025.<\/p>\n<\/div>\n<p><script>(function(d, s, id) {  var js, fjs = d.getElementsByTagName(s)[0];  if (d.getElementById(id)) return;  js = d.createElement(s); js.id = id;  js.src = \"\/\/connect.facebook.net\/fr_FR\/sdk.js#xfbml=1&version=v2.3\";  fjs.parentNode.insertBefore(js, fjs);}(document, \"script\", \"facebook-jssdk\"));<\/script><br \/>\n<br \/><br \/>\n<br \/><a href=\"https:\/\/www.francesoir.fr\/societe-faits-divers\/128-journalistes-tues-en-2025-d-apres-leur-federation-internationale\" target=\"_blank\"\">Source link <\/a><\/p>\n","protected":false},"excerpt":{"rendered":"<p>Cent vingt-huit journalistes ont \u00e9t\u00e9 tu\u00e9s dans le monde en 2025, dont plus de la moiti\u00e9 au Moyen-Orient, selon un d\u00e9compte publi\u00e9 jeudi par la F\u00e9d\u00e9ration internationale des journalistes (FIJ).&hellip; <\/p>\n","protected":false},"author":1,"featured_media":21824,"comment_status":"open","ping_status":"open","sticky":false,"template":"","format":"standard","meta":{"footnotes":""},"categories":[1],"tags":[],"class_list":["post-21823","post","type-post","status-publish","format-standard","has-post-thumbnail","hentry","category-non-classe"],"_links":{"self":[{"href":"https:\/\/monde25.info\/index.php\/wp-json\/wp\/v2\/posts\/21823","targetHints":{"allow":["GET"]}}],"collection":[{"href":"https:\/\/monde25.info\/index.php\/wp-json\/wp\/v2\/posts"}],"about":[{"href":"https:\/\/monde25.info\/index.php\/wp-json\/wp\/v2\/types\/post"}],"author":[{"embeddable":true,"href":"https:\/\/monde25.info\/index.php\/wp-json\/wp\/v2\/users\/1"}],"replies":[{"embeddable":true,"href":"https:\/\/monde25.info\/index.php\/wp-json\/wp\/v2\/comments?post=21823"}],"version-history":[{"count":0,"href":"https:\/\/monde25.info\/index.php\/wp-json\/wp\/v2\/posts\/21823\/revisions"}],"wp:featuredmedia":[{"embeddable":true,"href":"https:\/\/monde25.info\/index.php\/wp-json\/wp\/v2\/media\/21824"}],"wp:attachment":[{"href":"https:\/\/monde25.info\/index.php\/wp-json\/wp\/v2\/media?parent=21823"}],"wp:term":[{"taxonomy":"category","embeddable":true,"href":"https:\/\/monde25.info\/index.php\/wp-json\/wp\/v2\/categories?post=21823"},{"taxonomy":"post_tag","embeddable":true,"href":"https:\/\/monde25.info\/index.php\/wp-json\/wp\/v2\/tags?post=21823"}],"curies":[{"name":"wp","href":"https:\/\/api.w.org\/{rel}","templated":true}]}}