{"id":21837,"date":"2026-01-03T14:44:40","date_gmt":"2026-01-03T13:44:40","guid":{"rendered":"https:\/\/monde25.info\/index.php\/2026\/01\/03\/la-medecine-liberale-ne-repond-plus-les-praticiens-appeles-a-dix-jours-de-greve-a-partir-de-lundi\/"},"modified":"2026-01-03T14:44:40","modified_gmt":"2026-01-03T13:44:40","slug":"la-medecine-liberale-ne-repond-plus-les-praticiens-appeles-a-dix-jours-de-greve-a-partir-de-lundi","status":"publish","type":"post","link":"https:\/\/monde25.info\/index.php\/2026\/01\/03\/la-medecine-liberale-ne-repond-plus-les-praticiens-appeles-a-dix-jours-de-greve-a-partir-de-lundi\/","title":{"rendered":"\u00ab\u00a0La m\u00e9decine lib\u00e9rale ne r\u00e9pond plus\u00a0\u00bb : les praticiens appel\u00e9s \u00e0 dix jours de gr\u00e8ve \u00e0 partir de lundi"},"content":{"rendered":"<p> <br \/>\n<\/p>\n<div>\n<p>Certains ont souffert, poursuivis par l&rsquo;Ordre pour avoir soign\u00e9, pour avoir appliqu\u00e9 le serment d&rsquo;Hippocrate, pour avoir d\u00e9nonc\u00e9 la politique irrationnelle durant le Covid. D&rsquo;autres se sont tus, ravalant leurs ranc\u0153urs en tentant de soigner. D&rsquo;autres encore, ont fait ce que le dogme leur racontait, en bons petits soldats, ob\u00e9issant les yeux ferm\u00e9s, format\u00e9s par ces ann\u00e9es d&rsquo;\u00e9tudes qui aujourd&rsquo;hui, on le sait, sont orient\u00e9es par une industrie pharmaceutique sans vergogne, p\u00e9trie de conflits d&rsquo;int\u00e9r\u00eats et faisant face \u00e0 de plus en plus de scandales et de proc\u00e8s.<\/p>\n<p>Mais \u00e0 partir de lundi et pour dix jours, ces m\u00e9decins lib\u00e9raux seront appel\u00e9s \u00e0 relever la t\u00eate, et \u00e0 faire gr\u00e8ve contre \u00ab\u00a0des politiques qui les pi\u00e9tinent\u00a0\u00bb, mouvement que leurs syndicats esp\u00e8rent \u00ab\u00a0massif\u00a0\u00bb, au risque de mettre en difficult\u00e9 l&rsquo;h\u00f4pital public.<\/p>\n<p>Les m\u00e9decins de ville et des cliniques protestent contre diverses mesures de la loi de financement de la s\u00e9curit\u00e9 sociale (LFSS) pour 2026 adopt\u00e9e le 16 d\u00e9cembre et plus largement des politiques qui \u00ab\u00a0mettent en danger\u00a0\u00bb leur \u00ab\u00a0libert\u00e9 d&rsquo;exercice\u00a0\u00bb, d\u00e9j\u00e0 bien maltrait\u00e9e depuis le Covid.<\/p>\n<p>Parmi les griefs : un budget insuffisant face \u00e0 des besoins croissants, un contr\u00f4le accru des prescriptions d&rsquo;arr\u00eats de travail ou des mesures permettant aux autorit\u00e9s de baisser \u00ab\u00a0de fa\u00e7on autoritaire\u00a0\u00bb les tarifs de certains actes, en \u00ab\u00a0contournant\u00a0\u00bb le dialogue social.<\/p>\n<p>Les praticiens craignent aussi la restriction de leur libert\u00e9 d&rsquo;installation, objet de textes en cours d&rsquo;examen au Parlement.<\/p>\n<p>\u00ab\u00a0Les remont\u00e9es de terrain sont impressionnantes. Les m\u00e9decins se sentent trahis. Le mouvement sera excessivement suivi, je n&rsquo;ai pas vu \u00e7a depuis 30 ans\u00a0\u00bb, affirme Frank Devulder, pr\u00e9sident du syndicat CSMF, syndicat que par ailleurs ne s&rsquo;est pas beaucoup fait entendre face aux diff\u00e9rentes politiques d&rsquo;obligation \u00ab\u00a0vaccinale\u00a0\u00bb de la profession ces derni\u00e8res ann\u00e9es.<\/p>\n<p>D&rsquo;apr\u00e8s un \u00ab\u00a0sondage flash\u00a0\u00bb du syndicat, environ 85\u2009% des adh\u00e9rents pr\u00e9voient de faire gr\u00e8ve.<\/p>\n<p>Tous les syndicats font front commun : les organisations professionnelles repr\u00e9sentatives (Avenir Sp\u00e9\/Le Bloc, CSMF, FMF, MG France, SML, UFML), les \u00e9tudiants (Isni, Isnar-Img, Anemf) comme la jeune g\u00e9n\u00e9ration (Jeunes M\u00e9decins, M\u00e9decins pour Demain).<\/p>\n<p>Seul le SMG (Syndicat de la M\u00e9decine G\u00e9n\u00e9rale) voit dans ce mouvement la d\u00e9fense des \u00ab\u00a0privil\u00e8ges d&rsquo;une corporation\u00a0\u00bb.<\/p>\n<p>La gr\u00e8ve devrait aller crescendo : dans les blocs des cliniques, l&rsquo;activit\u00e9 sera r\u00e9duite d\u00e8s lundi, et \u00ab\u00a0arr\u00eat\u00e9e\u00a0\u00bb \u00e0 partir du 10 janvier, jour d&rsquo;une grande manifestation pr\u00e9vue \u00e0 Paris. Les chirurgiens, gyn\u00e9cologues-obst\u00e9triciens et anesth\u00e9sistes-r\u00e9animateurs du syndicat Le Bloc pr\u00e9voient m\u00eame un \u00ab\u00a0exil\u00a0\u00bb symbolique du 11 au 14 janvier, \u00e0 Bruxelles. Plus de 2\u00a0000\u00a0m\u00e9decins doivent y participer.<\/p>\n<p>\u00ab\u00a0Du 10 au 14, il y aura, je pense, 80\u2009% des blocs op\u00e9ratoires arr\u00eat\u00e9s\u00a0\u00bb, estime Lamine Gharbi, pr\u00e9sident de la F\u00e9d\u00e9ration de l&rsquo;Hospitalisation Priv\u00e9e (FHP) qui regroupe les cliniques.<\/p>\n<p>La FHP \u00ab\u00a0soutient et rejoint\u00a0\u00bb la mobilisation, a \u00e9crit l&rsquo;organisation dans un communiqu\u00e9, d\u00e9non\u00e7ant de son c\u00f4t\u00e9 le gel annonc\u00e9 des tarifs des prises en charge hospitali\u00e8res, malgr\u00e9 l&rsquo;inflation.<\/p>\n<p>Les patients d\u00e9j\u00e0 hospitalis\u00e9s continueront d&rsquo;\u00eatre soign\u00e9s mais les personnes arrivant aux urgences ou \u00e0 la maternit\u00e9 seront, sauf urgences vitales, \u00ab\u00a0transf\u00e9r\u00e9es vers l&rsquo;h\u00f4pital public\u00a0\u00bb, selon les syndicats.<\/p>\n<p>La gr\u00e8ve pourrait ainsi mettre sous tension l&rsquo;h\u00f4pital public, d\u00e9j\u00e0 \u00e9prouv\u00e9.<\/p>\n<p>\u00ab\u00a0C&rsquo;est la cons\u00e9quence de politiques qui agressent les m\u00e9decins\u00a0\u00bb, notamment le secteur 2 (praticiens conventionn\u00e9s, avec d\u00e9passements d&rsquo;honoraires), alors que les tarifs rembours\u00e9s par l&rsquo;Assurance maladie n&rsquo;ont pour certains \u00ab\u00a0pas \u00e9volu\u00e9 depuis les ann\u00e9es 1990\u00a0\u00bb, lance Bertrand de Rochambeau, pr\u00e9sident du Syngof (gyn\u00e9cologues-obst\u00e9triciens).<\/p>\n<p>Du c\u00f4t\u00e9 des m\u00e9decins de ville, Jeunes m\u00e9decins \u00cele-de-France a lanc\u00e9 une plateforme pour permettre aux gr\u00e9vistes de se d\u00e9clarer, alors \u00ab\u00a0qu&rsquo;aucun outil public\u00a0\u00bb ne les recense. Plus de 13\u00a0500 sont d\u00e9j\u00e0 enregistr\u00e9s.<\/p>\n<p>Certains fermeront totalement leur cabinet. D&rsquo;autres se cantonneront aux seules urgences ou feront une \u00ab\u00a0gr\u00e8ve administrative\u00a0\u00bb, refusant par exemple de transmettre des donn\u00e9es \u00e0 l&rsquo;Assurance maladie.<\/p>\n<p>Une telle mobilisation, \u00ab\u00a0c&rsquo;est du jamais vu\u00a0\u00bb, \u00ab\u00a0les discussions entre m\u00e9decins actuellement ne tournent qu&rsquo;autour de \u00e7a\u00a0\u00bb, t\u00e9moigne Alexis Bourla, pr\u00e9sident de Jeunes m\u00e9decins IDF.<\/p>\n<p>Le minist\u00e8re de la Sant\u00e9 assure comme toujours \u00ab\u00a0suivre de pr\u00e8s la situation\u00a0\u00bb. Les fermetures annonc\u00e9es de cabinets et les d\u00e9programmations d&rsquo;op\u00e9rations sont \u00ab\u00a0recens\u00e9es et anticip\u00e9es\u00a0\u00bb, pr\u00e9cise-t-il.<\/p>\n<p>Dans le Quotidien du m\u00e9decin puis dans une lettre ouverte, la ministre St\u00e9phanie Rist a r\u00e9p\u00e9t\u00e9 vouloir \u00ab\u00a0renouer le dialogue\u00a0\u00bb, et promis d&rsquo;ouvrir avec les m\u00e9decins \u00ab\u00a0un chantier sur les modes de r\u00e9mun\u00e9ration\u00a0\u00bb.<\/p>\n<p>Elle a soulign\u00e9 que des mesures tr\u00e8s contest\u00e9es avaient disparu, comme l&rsquo;instauration d&rsquo;une amende pour les m\u00e9decins qui ne rempliraient pas le dossier m\u00e9dical partag\u00e9 (DMP) des patients, censur\u00e9e par le Conseil constitutionnel. Et promis de ne pas baisser des tarifs m\u00e9dicaux sans n\u00e9gociations.<\/p>\n<p>\u00ab\u00a0Insuffisant\u00a0\u00bb pour les syndicats, qui attendent \u00ab\u00a0des actes\u00a0\u00bb.<\/p>\n<p>Reste \u00e0 savoir si cette gr\u00e8ve est, pour la majeure partie d&rsquo;entre eux, une affaire de \u00ab\u00a0politiques qui les pi\u00e9tinent\u00a0\u00bb ou tout simplement de gros sous.<\/p>\n<\/div>\n<p><script>(function(d, s, id) {  var js, fjs = d.getElementsByTagName(s)[0];  if (d.getElementById(id)) return;  js = d.createElement(s); js.id = id;  js.src = \"\/\/connect.facebook.net\/fr_FR\/sdk.js#xfbml=1&version=v2.3\";  fjs.parentNode.insertBefore(js, fjs);}(document, \"script\", \"facebook-jssdk\"));<\/script><br \/>\n<br \/><br \/>\n<br \/><a href=\"https:\/\/www.francesoir.fr\/societe-sante\/la-medecine-liberale-ne-repond-plus-les-praticiens-appeles-dix-jours-de-greve-partir\" target=\"_blank\"\">Source link <\/a><\/p>\n","protected":false},"excerpt":{"rendered":"<p>Certains ont souffert, poursuivis par l&rsquo;Ordre pour avoir soign\u00e9, pour avoir appliqu\u00e9 le serment d&rsquo;Hippocrate, pour avoir d\u00e9nonc\u00e9 la politique irrationnelle durant le Covid. D&rsquo;autres se sont tus, ravalant leurs&hellip; <\/p>\n","protected":false},"author":1,"featured_media":21838,"comment_status":"open","ping_status":"open","sticky":false,"template":"","format":"standard","meta":{"footnotes":""},"categories":[1],"tags":[],"class_list":["post-21837","post","type-post","status-publish","format-standard","has-post-thumbnail","hentry","category-non-classe"],"_links":{"self":[{"href":"https:\/\/monde25.info\/index.php\/wp-json\/wp\/v2\/posts\/21837","targetHints":{"allow":["GET"]}}],"collection":[{"href":"https:\/\/monde25.info\/index.php\/wp-json\/wp\/v2\/posts"}],"about":[{"href":"https:\/\/monde25.info\/index.php\/wp-json\/wp\/v2\/types\/post"}],"author":[{"embeddable":true,"href":"https:\/\/monde25.info\/index.php\/wp-json\/wp\/v2\/users\/1"}],"replies":[{"embeddable":true,"href":"https:\/\/monde25.info\/index.php\/wp-json\/wp\/v2\/comments?post=21837"}],"version-history":[{"count":0,"href":"https:\/\/monde25.info\/index.php\/wp-json\/wp\/v2\/posts\/21837\/revisions"}],"wp:featuredmedia":[{"embeddable":true,"href":"https:\/\/monde25.info\/index.php\/wp-json\/wp\/v2\/media\/21838"}],"wp:attachment":[{"href":"https:\/\/monde25.info\/index.php\/wp-json\/wp\/v2\/media?parent=21837"}],"wp:term":[{"taxonomy":"category","embeddable":true,"href":"https:\/\/monde25.info\/index.php\/wp-json\/wp\/v2\/categories?post=21837"},{"taxonomy":"post_tag","embeddable":true,"href":"https:\/\/monde25.info\/index.php\/wp-json\/wp\/v2\/tags?post=21837"}],"curies":[{"name":"wp","href":"https:\/\/api.w.org\/{rel}","templated":true}]}}