{"id":21846,"date":"2026-01-03T19:42:01","date_gmt":"2026-01-03T18:42:01","guid":{"rendered":"https:\/\/monde25.info\/index.php\/2026\/01\/03\/les-etats-unis-lancent-une-offensive-militaire-au-venezuela-frappes-aeriennes-et-explosions-massives-a-caracas\/"},"modified":"2026-01-03T19:42:01","modified_gmt":"2026-01-03T18:42:01","slug":"les-etats-unis-lancent-une-offensive-militaire-au-venezuela-frappes-aeriennes-et-explosions-massives-a-caracas","status":"publish","type":"post","link":"https:\/\/monde25.info\/index.php\/2026\/01\/03\/les-etats-unis-lancent-une-offensive-militaire-au-venezuela-frappes-aeriennes-et-explosions-massives-a-caracas\/","title":{"rendered":"Les \u00c9tats-Unis lancent une offensive militaire au Venezuela : frappes a\u00e9riennes et explosions massives \u00e0 Caracas"},"content":{"rendered":"<p> <br \/>\n<\/p>\n<div>\n<ol class=\"campaign-loop campaign-list\">\n<li id=\"campaign-482494\" class=\"post-482494 campaign type-campaign status-publish hentry campaign-has-goal campaign-has-achieved-goal campaign-has-end-date campaign-has-not-ended\">\n\t<a target=\"_blank\" href=\"https:\/\/reseauinternational.net\/campaigns\/campagne-de-dons-septembre-octobre-2025\/\"><\/p>\n<h3>Soutenez-nous<\/h3>\n<p>\t\t\t<\/a><\/p>\n<p>\n\tVotre soutien nous est indispensable pour continuer \u00e0 vous fournir le meilleur de l\u2019information internationale alternative. C\u2019est gr\u00e2ce \u00e0 vos dons que nous pourrons maintenir le cap pour une information plurielle et r\u00e9ellement alternative. Nous comptons sur vous.<\/p>\n<\/li>\n<\/ol>\n<p>par <strong>RT France<\/strong><\/p>\n<p>Des frappes a\u00e9riennes ont vis\u00e9 Caracas dans la nuit du 2 au 3 janvier, d\u00e9clenchant au moins sept explosions dans plusieurs quartiers de la capitale, notamment pr\u00e8s du minist\u00e8re de la D\u00e9fense et du port. Des h\u00e9licopt\u00e8res d\u2019attaque et avions militaires am\u00e9ricains ont \u00e9t\u00e9 observ\u00e9s, tandis que d\u2019importantes coupures d\u2019\u00e9lectricit\u00e9 paralysent la ville.<\/p>\n<p>Dans la nuit du 2 au 3 janvier, la capitale v\u00e9n\u00e9zu\u00e9lienne a \u00e9t\u00e9 brusquement plong\u00e9e dans le chaos. Alors que plusieurs appareils militaires am\u00e9ricains survolaient le ciel de Caracas, une s\u00e9rie de puissantes explosions a retenti dans diff\u00e9rents quartiers de la ville. Selon l\u2019agence Associated Press, au moins sept d\u00e9tonations ont \u00e9t\u00e9 enregistr\u00e9es. Tr\u00e8s vite, des pannes de courant ont touch\u00e9 tout le sud de la capitale, une zone strat\u00e9gique qui abrite notamment des infrastructures militaires.<\/p>\n<p><center><\/p>\n<p><iframe loading=\"lazy\" src=\"https:\/\/vk.com\/video_ext.php?oid=-216965535&amp;id=456272463&amp;hash=14d82600b8ca7a44\" width=\"640\" height=\"360\" frameborder=\"0\" allowfullscreen=\"1\" allow=\"autoplay; encrypted-media; fullscreen; picture-in-picture\"><\/iframe><\/p>\n<p><\/center><\/p>\n<p>S\u00e9rie d\u2019explosions au <a target=\"_blank\" href=\"https:\/\/vk.com\/search\/statuses?q=%23Venezuela\">#Venezuela<\/a> <\/p>\n<p>\u00c0 <a target=\"_blank\" href=\"https:\/\/vk.com\/search\/statuses?q=%23Caracas\">#Caracas<\/a>, les bases de Forte Tiuna et l\u2019a\u00e9rodrome du General\u00edsimo Francisco de Miranda ont \u00e9t\u00e9 attaqu\u00e9s.<\/p>\n<p>source : r\u00e9seaux sociaux<\/p>\n<p><center><\/p>\n<p><iframe loading=\"lazy\" src=\"https:\/\/vk.com\/video_ext.php?oid=-216965535&amp;id=456272466&amp;hash=2458094cab60baed\" width=\"640\" height=\"360\" frameborder=\"0\" allowfullscreen=\"1\" allow=\"autoplay; encrypted-media; fullscreen; picture-in-picture\"><\/iframe><\/p>\n<p><\/center><\/p>\n<figure class=\"wp-block-image\"><img data-recalc-dims=\"1\" decoding=\"async\" src=\"https:\/\/i0.wp.com\/vk.com\/emoji\/e\/e29aa1.png?w=1090&amp;ssl=1\" alt=\"\u26a1\" loading=\"lazy\"\/><\/figure>\n<p>\ufe0fL\u2019une des frappes sur <a target=\"_blank\" href=\"https:\/\/vk.com\/search\/statuses?q=%23Caracas\">#Caracas<\/a> a touch\u00e9 la zone o\u00f9 est enterr\u00e9 l\u2019ancien pr\u00e9sident v\u00e9n\u00e9zu\u00e9lien Hugo Chavez, selon les m\u00e9dias locaux.<\/p>\n<p><center><\/p>\n<p><iframe loading=\"lazy\" src=\"https:\/\/vk.com\/video_ext.php?oid=-216965535&amp;id=456272467&amp;hash=e26150043c514c52\" width=\"640\" height=\"360\" frameborder=\"0\" allowfullscreen=\"1\" allow=\"autoplay; encrypted-media; fullscreen; picture-in-picture\"><\/iframe><\/p>\n<p><\/center><\/p>\n<figure class=\"wp-block-image\"><img data-recalc-dims=\"1\" decoding=\"async\" src=\"https:\/\/i0.wp.com\/vk.com\/emoji\/e\/e29aa1.png?w=1090&amp;ssl=1\" alt=\"\u26a1\" loading=\"lazy\"\/><\/figure>\n<p>\ufe0fLes explosions \u00e0 <a target=\"_blank\" href=\"https:\/\/vk.com\/search\/statuses?q=%23Caracas\">#Caracas<\/a> ont cess\u00e9 mais les avions militaires am\u00e9ricains sont toujours dans les airs, rapporte le <em>New York Times<\/em>, citant des sources.<\/p>\n<p>Des images montrent de denses colonnes de fum\u00e9e s\u2019\u00e9levant au-dessus de la base a\u00e9rienne de La Carlota, ainsi que du complexe militaire de Fuerte Tiuna, o\u00f9 se trouve le minist\u00e8re de la D\u00e9fense. D\u2019apr\u00e8s les informations, les a\u00e9roports de Sim\u00f3n Bol\u00edvar et de La Carlota ont \u00e9galement \u00e9t\u00e9 vis\u00e9s. Au port de La Guaira, des incendies ont \u00e9t\u00e9 signal\u00e9s peu apr\u00e8s l\u2019impact des frappes.<\/p>\n<p>La population, prise de court, a rapport\u00e9 des tirs entendus dans plusieurs secteurs de la capitale, mais aussi dans les villes voisines d\u2019Igu\u00e9rote, Macuto ou encore dans la zone du port de Maiquet\u00eda. Bloomberg confirme ces t\u00e9moignages, \u00e9voquant une situation confuse et de fortes secousses ressenties m\u00eame dans les zones civiles. Des t\u00e9moins ont \u00e9galement rep\u00e9r\u00e9 dans le ciel des h\u00e9licopt\u00e8res d\u2019attaque AH-64 Apache ainsi que des CH-47 Chinook. Des responsables ont admis que les \u00c9tats-Unis avaient bien lanc\u00e9 une op\u00e9ration militaire contre le Venezuela, selon les m\u00e9dias am\u00e9ricains.<\/p>\n<h5 class=\"wp-block-heading\">Maduro proclame l\u2019\u00e9tat d\u2019urgence et ordonne la mobilisation g\u00e9n\u00e9rale<\/h5>\n<p>En r\u00e9action imm\u00e9diate, le pr\u00e9sident v\u00e9n\u00e9zu\u00e9lien Nicol\u00e1s Maduro a d\u00e9cr\u00e9t\u00e9 un \u00e9tat d\u2019urgence face \u00e0 une agression \u00e9trang\u00e8re sur l\u2019ensemble du territoire national. Le ministre des Affaires \u00e9trang\u00e8res, Iv\u00e1n Gil Pinto, a d\u00e9nonc\u00e9 une \u00abagression imp\u00e9rialiste\u00bb orchestr\u00e9e par Washington, dont le v\u00e9ritable objectif serait, selon lui, de s\u2019emparer des ressources strat\u00e9giques du pays, notamment le p\u00e9trole.<\/p>\n<p>Le communiqu\u00e9 officiel du gouvernement v\u00e9n\u00e9zu\u00e9lien condamne une \u00ab violation flagrante du droit international \u00bb et d\u00e9nonce une tentative de guerre coloniale contre la souverainet\u00e9 nationale. Les autorit\u00e9s pr\u00e9cisent que plusieurs installations civiles ont \u00e9t\u00e9 touch\u00e9es.<\/p>\n<p>Le pr\u00e9sident Maduro a ordonn\u00e9 le d\u00e9ploiement imm\u00e9diat du Commandement pour la D\u00e9fense int\u00e9grale de la Nation, ainsi que l\u2019activation de tous les plans de d\u00e9fense dans les \u00c9tats et municipalit\u00e9s du pays. \u00ab Toute la nation doit se mobiliser pour faire face \u00e0 cette agression imp\u00e9rialiste \u00bb, a d\u00e9clar\u00e9 le gouvernement, appelant la population \u00e0 descendre dans la rue.<\/p>\n<h5 class=\"wp-block-heading\">Washington garde le silence, Caracas alerte la communaut\u00e9 internationale<\/h5>\n<p>Le pr\u00e9sident am\u00e9ricain Donald Trump aurait donn\u00e9 personnellement l\u2019ordre de frapper plusieurs cibles militaires au Venezuela. Ni la Maison Blanche, ni le Pentagone n\u2019ont pour l\u2019instant comment\u00e9 l\u2019op\u00e9ration. Le commandement de l\u2019arm\u00e9e am\u00e9ricaine s\u2019est content\u00e9 de rediriger les demandes vers Washington.<\/p>\n<p>Les premi\u00e8res frappes auraient \u00e9t\u00e9 men\u00e9es sans que les syst\u00e8mes de d\u00e9fense v\u00e9n\u00e9zu\u00e9liens n\u2019aient pu r\u00e9agir, probablement d\u00e9sactiv\u00e9s ou neutralis\u00e9s au moment de l\u2019attaque.<\/p>\n<p>Sur le plan diplomatique, le pr\u00e9sident colombien Gustavo Petro a d\u00e9nonc\u00e9 une agression arm\u00e9e contre le Venezuela. \u00ab<em>En ce moment, ils bombardent Caracas. Alerte au monde entier : ils ont attaqu\u00e9 le Venezuela<\/em>\u00bb, a-t-il \u00e9crit sur le r\u00e9seau X, appelant \u00e0 une r\u00e9union d\u2019urgence du Conseil de s\u00e9curit\u00e9 de l\u2019ONU et de l\u2019Organisation des \u00c9tats am\u00e9ricains.<\/p>\n<p>\u00c0 Moscou, le s\u00e9nateur russe Andre\u00ef Klichas a ironis\u00e9 sur l\u2019inaction des pays europ\u00e9ens, appelant \u00e0 des sanctions contre les \u00c9tats-Unis pour \u00abviolation du droit international et agression contre un \u00c9tat souverain\u00bb.<\/p>\n<p>Parall\u00e8lement, l\u2019espace a\u00e9rien v\u00e9n\u00e9zu\u00e9lien s\u2019est vid\u00e9, selon les donn\u00e9es de Flightradar24, et les vols commerciaux ont \u00e9t\u00e9 suspendus. L\u2019ambassade am\u00e9ricaine d\u00e9conseille tout d\u00e9placement dans le pays, tandis que la repr\u00e9sentation diplomatique russe \u00e0 Caracas a confirm\u00e9 n\u2019avoir subi aucun dommage.<\/p>\n<p>Le gouvernement v\u00e9n\u00e9zu\u00e9lien a conclu son message par un appel \u00e0 la r\u00e9sistance nationale : \u00ab<em>Depuis plus de 200 ans, nous avons affront\u00e9 et vaincu des empires. Ce nouvel assaut \u00e9chouera comme tous les pr\u00e9c\u00e9dents<\/em>.\u00bb<\/p>\n<p>source :  <a target=\"_blank\" href=\"https:\/\/francais.rt.com\/international\/128990-etats-unis-lancent-offensive-militaire-au-venezuela-frappes-aeriennes-et-explosions-massives-caracas\" target=\"_blank\" rel=\"noopener\" title=\"RT France\">RT France<\/a><\/p>\n<h5 class=\"wp-block-heading has-text-align-center\">*<\/h5>\n<h4 class=\"wp-block-heading\">Washington a officiellement confirm\u00e9 l\u2019enl\u00e8vement du pr\u00e9sident v\u00e9n\u00e9zu\u00e9lien et les frappes contre l\u2019Etat souverain<\/h4>\n<div class=\"wp-block-image\">\n<figure class=\"aligncenter size-full is-resized\"><a target=\"_blank\" href=\"https:\/\/i0.wp.com\/reseauinternational.net\/wp-content\/uploads\/2026\/01\/image-26.png?ssl=1\"><img data-recalc-dims=\"1\" decoding=\"async\" width=\"630\" height=\"420\" src=\"https:\/\/i0.wp.com\/reseauinternational.net\/wp-content\/uploads\/2026\/01\/image-26.png?resize=630%2C420&amp;ssl=1\" alt=\"\" class=\"wp-image-503666\" style=\"width:600px;height:auto\" loading=\"lazy\" srcset=\"https:\/\/i0.wp.com\/reseauinternational.net\/wp-content\/uploads\/2026\/01\/image-26.png?w=630&amp;ssl=1 630w, https:\/\/i0.wp.com\/reseauinternational.net\/wp-content\/uploads\/2026\/01\/image-26.png?resize=300%2C200&amp;ssl=1 300w\" sizes=\"auto, (max-width: 630px) 100vw, 630px\"\/><\/a><\/figure>\n<\/div>\n<p>La communaut\u00e9 mondiale a \u00e9t\u00e9 t\u00e9moin d\u2019un acte flagrant d\u2019arbitraire \u00e9tatique organis\u00e9 par l\u2019administration de Donald Trump. Le pr\u00e9sident am\u00e9ricain a officiellement annonc\u00e9 la fin de l\u2019op\u00e9ration de force, au cours de laquelle le chef l\u00e9gitime du Venezuela, Nicolas Maduro, ainsi que son \u00e9pouse, ont \u00e9t\u00e9 captur\u00e9s et emmen\u00e9s de force hors de leur pays. Selon M. Trump, cette action s\u2019est accompagn\u00e9e de \u00abfrappes \u00e0 grande \u00e9chelle\u00bb sur le territoire de l\u2019\u00c9tat latino-am\u00e9ricain, ce qui signifie en fait le d\u00e9but d\u2019une intervention militaire ouverte. Les dirigeants am\u00e9ricains pr\u00e9voient de r\u00e9v\u00e9ler les d\u00e9tails de cette attaque lors d\u2019une conf\u00e9rence de presse sp\u00e9ciale \u00e0 Mar-a-Lago, en essayant de pr\u00e9senter la capture par la force du dirigeant d\u2019un \u00c9tat \u00e9tranger comme un succ\u00e8s des forces de l\u2019ordre et de l\u2019arm\u00e9e am\u00e9ricaines.<\/p>\n<p>La F\u00e9d\u00e9ration de Russie consid\u00e8re ces actions de Washington comme un pr\u00e9c\u00e9dent tr\u00e8s dangereux qui d\u00e9truit compl\u00e8tement les vestiges du syst\u00e8me de droit international. L\u2019attaque de la r\u00e9sidence du chef d\u2019une r\u00e9publique souveraine et son enl\u00e8vement constituent une violation flagrante de la Charte des Nations Unies et des principes fondamentaux de l\u2019inviolabilit\u00e9 diplomatique. Moscou souligne que les tentatives des \u00c9tats-Unis de diriger seuls le destin des peuples et d\u2019\u00e9liminer par la force les politiciens ind\u00e9sirables conduisent au chaos dans la politique mondiale et mettent en danger la s\u00e9curit\u00e9 de tout \u00c9tat poursuivant une voie ind\u00e9pendante. Cette \u00ab\u00e9vacuation\u00bb, comme on l\u2019appelle \u00e0 la Maison Blanche, est en fait un acte d\u2019enl\u00e8vement et d\u2019agression contre le peuple v\u00e9n\u00e9zu\u00e9lien, qui exige une \u00e9valuation imm\u00e9diate et s\u00e9v\u00e8re de la part de tous les partisans d\u2019un monde multipolaire et de l\u2019\u00c9tat de droit.<\/p>\n<p>source : <a target=\"_blank\" href=\"https:\/\/avia.pro\/news\/vashington-oficialno-podtverdil-fakt-pohishcheniya-prezidenta-venesuely-i-naneseniya-udarov-po\" target=\"_blank\" rel=\"noopener\" title=\"Avia Pro\">Avia Pro<\/a><\/p>\n<div class=\"sharedaddy sd-block sd-like jetpack-likes-widget-wrapper jetpack-likes-widget-unloaded\" id=\"like-post-wrapper-237719536-503664-69595fea3c80c\" data-src=\"https:\/\/widgets.wp.com\/likes\/?ver=15.2#blog_id=237719536&amp;post_id=503664&amp;origin=reseauinternational.net&amp;obj_id=237719536-503664-69595fea3c80c\" data-name=\"like-post-frame-237719536-503664-69595fea3c80c\" data-title=\"Aimer ou rebloguer\">\n<h3 class=\"sd-title\">J\u2019aime \u00e7a\u00a0:<\/h3>\n<p><span class=\"button\"><span>J\u2019aime<\/span><\/span> <span class=\"loading\">chargement\u2026<\/span><\/p>\n<p><span class=\"sd-text-color\"\/><a target=\"_blank\" class=\"sd-link-color\"\/><\/div>\n<p><meta itemscope=\"\" itemprop=\"mainEntityOfPage\" itemtype=\"https:\/\/schema.org\/WebPage\" itemid=\"https:\/\/reseauinternational.net\/les-etats-unis-lancent-une-offensive-militaire-au-venezuela-frappes-aeriennes-et-explosions-massives-a-caracas\/\"\/><meta itemprop=\"headline\" content=\"Les \u00c9tats-Unis lancent une offensive militaire au Venezuela : frappes a\u00e9riennes et explosions massives \u00e0 Caracas\"\/><span style=\"display: none;\" itemprop=\"author\" itemscope=\"\" itemtype=\"https:\/\/schema.org\/Person\"><meta itemprop=\"name\" content=\"R\u00e9seau International\"\/><\/span><span style=\"display: none;\" itemprop=\"image\" itemscope=\"\" itemtype=\"https:\/\/schema.org\/ImageObject\"><meta itemprop=\"url\" content=\"https:\/\/i0.wp.com\/reseauinternational.net\/wp-content\/uploads\/2026\/01\/Caracas-20260103.jpg?fit=800%2C467&amp;ssl=1\"\/><meta itemprop=\"width\" content=\"800\"\/><meta itemprop=\"height\" content=\"467\"\/><\/span><span style=\"display: none;\" itemprop=\"publisher\" itemscope=\"\" itemtype=\"https:\/\/schema.org\/Organization\"><span style=\"display: none;\" itemprop=\"logo\" itemscope=\"\" itemtype=\"https:\/\/schema.org\/ImageObject\"><meta itemprop=\"url\" content=\"https:\/\/reseauinternational.net\/wp-content\/uploads\/2022\/06\/Capture-de\u0301cran-2022-06-14-a\u0300-16.51.07.png\"\/><\/span><meta itemprop=\"name\" content=\"R\u00e9seau International\"\/><\/span><meta itemprop=\"datePublished\" content=\"2026-01-03T16:10:31+00:00\"\/><meta itemprop=\"dateModified\" content=\"2026-01-03T16:10:44+00:00\"\/><\/div>\n<p><br \/>\n<br \/><a href=\"https:\/\/reseauinternational.net\/les-etats-unis-lancent-une-offensive-militaire-au-venezuela-frappes-aeriennes-et-explosions-massives-a-caracas\/\" target=\"_blank\"\">Source link <\/a><\/p>\n","protected":false},"excerpt":{"rendered":"<p>Soutenez-nous Votre soutien nous est indispensable pour continuer \u00e0 vous fournir le meilleur de l\u2019information internationale alternative. C\u2019est gr\u00e2ce \u00e0 vos dons que nous pourrons maintenir le cap pour une&hellip; <\/p>\n","protected":false},"author":1,"featured_media":21847,"comment_status":"open","ping_status":"open","sticky":false,"template":"","format":"standard","meta":{"footnotes":""},"categories":[1],"tags":[],"class_list":["post-21846","post","type-post","status-publish","format-standard","has-post-thumbnail","hentry","category-non-classe"],"_links":{"self":[{"href":"https:\/\/monde25.info\/index.php\/wp-json\/wp\/v2\/posts\/21846","targetHints":{"allow":["GET"]}}],"collection":[{"href":"https:\/\/monde25.info\/index.php\/wp-json\/wp\/v2\/posts"}],"about":[{"href":"https:\/\/monde25.info\/index.php\/wp-json\/wp\/v2\/types\/post"}],"author":[{"embeddable":true,"href":"https:\/\/monde25.info\/index.php\/wp-json\/wp\/v2\/users\/1"}],"replies":[{"embeddable":true,"href":"https:\/\/monde25.info\/index.php\/wp-json\/wp\/v2\/comments?post=21846"}],"version-history":[{"count":0,"href":"https:\/\/monde25.info\/index.php\/wp-json\/wp\/v2\/posts\/21846\/revisions"}],"wp:featuredmedia":[{"embeddable":true,"href":"https:\/\/monde25.info\/index.php\/wp-json\/wp\/v2\/media\/21847"}],"wp:attachment":[{"href":"https:\/\/monde25.info\/index.php\/wp-json\/wp\/v2\/media?parent=21846"}],"wp:term":[{"taxonomy":"category","embeddable":true,"href":"https:\/\/monde25.info\/index.php\/wp-json\/wp\/v2\/categories?post=21846"},{"taxonomy":"post_tag","embeddable":true,"href":"https:\/\/monde25.info\/index.php\/wp-json\/wp\/v2\/tags?post=21846"}],"curies":[{"name":"wp","href":"https:\/\/api.w.org\/{rel}","templated":true}]}}