{"id":21850,"date":"2026-01-03T20:47:51","date_gmt":"2026-01-03T19:47:51","guid":{"rendered":"https:\/\/monde25.info\/index.php\/2026\/01\/03\/la-classe-politique-francaise-reagit-au-coup-de-force-de-trump-au-venezuela-rt-en-francais\/"},"modified":"2026-01-03T20:47:51","modified_gmt":"2026-01-03T19:47:51","slug":"la-classe-politique-francaise-reagit-au-coup-de-force-de-trump-au-venezuela-rt-en-francais","status":"publish","type":"post","link":"https:\/\/monde25.info\/index.php\/2026\/01\/03\/la-classe-politique-francaise-reagit-au-coup-de-force-de-trump-au-venezuela-rt-en-francais\/","title":{"rendered":"la classe politique fran\u00e7aise r\u00e9agit au coup de force de Trump au Venezuela \u2014 RT en fran\u00e7ais"},"content":{"rendered":"<p> <br \/>\n<br \/><img decoding=\"async\" src=\"https:\/\/mf.b37mrtl.ru\/french\/images\/2026.01\/thumbnail\/69594fe687f3ec432613181a.jpg\" \/><\/p>\n<div>\n<p class=\"text__summary\">\n                                        Apr\u00e8s l\u2019op\u00e9ration militaire am\u00e9ricaine men\u00e9e contre le Venezu\u00e9la, s\u2019\u00e9tant sold\u00e9e par l\u2019enl\u00e8vement de son pr\u00e9sident et de sa femme ce 3 janvier, de nombreux politiques fran\u00e7ais ont r\u00e9agi sur les r\u00e9seaux sociaux. Des r\u00e9actions disparates, allant de l\u2019appel \u00e0 condamner un \u00abacte de guerre\u00bb \u00e0 des condamnations plus&#8230; ambig\u00fces.\n                                    <\/p>\n<p>Les r\u00e9actions se sont multipli\u00e9es en France, tout au long de la journ\u00e9e du 3 janvier, apr\u00e8s l\u2019annonce par Donald Trump de l\u2019exfiltration de Nicol\u00e1s Maduro et de sa femme lors d\u2019une attaque am\u00e9ricaine men\u00e9e \u00e0 Caracas.<\/p>\n<p>\u00ab\u00a0Les \u00c9tats-Unis de Trump s&#8217;emparent du p\u00e9trole du Venezuela en violant sa souverainet\u00e9 avec une intervention militaire d&rsquo;un autre \u00e2ge et l&rsquo;enl\u00e8vement odieux du pr\u00e9sident Maduro et de son \u00e9pouse\u00a0\u00bb, <a target=\"_blank\" href=\"https:\/\/x.com\/JLMelenchon\/status\/2007393939146334408?\">a d\u00e9nonc\u00e9<\/a> en fin de matin\u00e9e le leader de la France insoumise Jean-Luc M\u00e9lenchon, fustigeant le \u00ab\u00a0pr\u00e9texte\u00a0\u00bb de la lutte contre le narcotrafic.<\/p>\n<p>\u00ab\u00a0L\u2019agression militaire des \u00c9tats-Unis de Donald Trump contre le Venezuela marque le retour du pire des imp\u00e9rialismes vis-\u00e0-vis de l\u2019Am\u00e9rique latine\u00a0\u00bb, a condamn\u00e9 le d\u00e9put\u00e9 de Seine-Saint-Denis LFI \u00c9ric Coquerel, pr\u00e9sident de la Commission des finances de l\u2019Assembl\u00e9e nationale.<\/p>\n<div class=\"rtcode\">\n<blockquote class=\"twitter-tweet\">\n<p lang=\"fr\" dir=\"ltr\">L\u2019agression militaire des Etats-Unis de Donald Trump contre le V\u00e9n\u00e9zu\u00e9la marque le retour du pire des imp\u00e9rialismes vis-\u00e0-vis de l\u2019Am\u00e9rique Latine. C\u2019est la poursuite du pi\u00e9tinement du droit international qui met toujours plus en danger la paix dans le monde. La France doit\u2026<\/p>\n<p>\u2014 Eric Coquerel (@ericcoquerel) <a target=\"_blank\" href=\"https:\/\/twitter.com\/ericcoquerel\/status\/2007367154656559304?ref_src=twsrc%5Etfw\">January 3, 2026<\/a><\/p><\/blockquote>\n<\/div>\n<p>\u00ab\u00a0C\u2019est la poursuite du pi\u00e9tinement du droit international qui met toujours plus en danger la paix dans le monde\u00a0\u00bb, a-t-il ajout\u00e9 appelant la France \u00e0 \u00ab\u00a0condamner au plus vite et sans ambigu\u00eft\u00e9 cet acte de guerre\u00a0\u00bb. M\u00eame son de cloche du c\u00f4t\u00e9 du coordinateur du parti, Manuel Bompard, qui a point\u00e9 du doigt \u00ab\u00a0<a target=\"_blank\" href=\"https:\/\/x.com\/mbompard\/status\/2007365552973508950?\">une agression<\/a> qui viole toutes les r\u00e8gles du droit international et menace la paix dans toute la r\u00e9gion\u00a0\u00bb.\u00a0<\/p>\n<p>\u00ab\u00a0Trump annonce <a target=\"_blank\" href=\"https:\/\/x.com\/faureolivier\/status\/2007392593210954190\">l\u2019enl\u00e8vement du pr\u00e9sident<\/a> v\u00e9n\u00e9zu\u00e9lien. Quoique l\u2019on pense de Maduro, cet acte doit \u00eatre unanimement condamn\u00e9. La force ne peut remplacer le droit\u00a0\u00bb, a \u00e9galement d\u00e9nonc\u00e9 \u00e0 gauche, le Premier secr\u00e9taire du Parti socialiste, Olivier Faure.<\/p>\n<p>Du c\u00f4t\u00e9 des souverainistes, Fran\u00e7ois Asselineau, pr\u00e9sident de l\u2019Union populaire r\u00e9publicaine (UPR) a d\u00e9nonc\u00e9 \u00ab un <a target=\"_blank\" href=\"https:\/\/x.com\/f_asselineau\/status\/2007417892309184816\">acte de piraterie<\/a> internationale \u00bb, guettant un \u00e9ventuel \u00ab\u00a0<a target=\"_blank\" href=\"https:\/\/x.com\/f_asselineau\/status\/2007424332713103384\">deux poids deux mesures<\/a>\u00a0\u00bb \u00e0 venir de la part de responsables politiques fran\u00e7ais et europ\u00e9ens ayant soutenu l\u2019armement de Kiev face \u00e0 la Russie. \u00ab\u00a0R\u00e9activation de la doctrine Monroe, mais <a target=\"_blank\" href=\"https:\/\/x.com\/f_philippot\/status\/2007390673717334174\" target=\"_blank\" rel=\"noopener noreferrer\">la base MAGA a-t-elle vot\u00e9 pour \u00e7a\u00a0?<\/a>\u2026\u00a0\u00bb a r\u00e9agi dans un court post le pr\u00e9sident des Partriotes, Florian Philippot.<\/p>\n<p>\u00ab\u00a0Si chaque \u00c9tat d\u00e9cidait d\u00e9sormais de capturer les dirigeants qu\u2019il juge ill\u00e9gitimes, il n\u2019y aurait plus ni droit international, ni souverainet\u00e9, ni ordre mondial, seulement la loi du plus fort \u00bb, a quant \u00e0 lui mis en garde Nicolas Dupont-Aignan, pr\u00e9sident de Debout la France, \u00e9voquant dans un \u00ab <a target=\"_blank\" href=\"https:\/\/x.com\/dupontaignan\/status\/2007447784169799878\" target=\"_blank\" rel=\"noopener noreferrer\">basculement grave<\/a>\u00a0\u00bb.<\/p>\n<h3>Coups d&rsquo;\u00c9tat occidentaux :\u00a0De Villepin renvoie aux pr\u00e9c\u00e9dents<\/h3>\n<p>Dans un message similaire, \u00e9voquant un \u00ab\u00a0basculement\u00a0g\u00e9opolitique majeur\u00a0\u00bb, Dominique de Villepin a regrett\u00e9 une \u00ab\u00a0l\u00e9gitimation des changements de r\u00e9gime par la force\u00a0\u00bb. \u00ab\u00a0D\u00e8s lors que les \u00c9tats-Unis s\u2019affranchissent de la l\u00e9galit\u00e9, que dirons-nous \u00e0 la Chine si elle renverse un r\u00e9gime qui lui d\u00e9plait, en Cor\u00e9e, au Vietnam ou \u00e0 plus forte raison \u00e0 Taiwan\u00a0? Quels arguments aurons-nous \u00e0 opposer \u00e0 la Russie si elle renverse un gouvernement qui lui d\u00e9plait en Moldavie, voire dans les Pays Baltes\u00a0?\u00a0\u00bb, a d\u00e9velopp\u00e9 cet ancien (2002 \u2013 2004) chef de la diplomatie fran\u00e7aise.<\/p>\n<div class=\"rtcode\">\n<blockquote class=\"twitter-tweet\">\n<p lang=\"fr\" dir=\"ltr\">L\u2019op\u00e9ration militaire am\u00e9ricaine en cours contre le Venezuela est un basculement g\u00e9opolitique majeur. Les Etats Unis se mettent volontairement et indiscutablement hors du droit international en violant la charte et l\u2019esprit des Nations Unies. C\u2019est un acte lourd de cons\u00e9quences\u2026 <a target=\"_blank\" href=\"https:\/\/t.co\/pMFLyhFgCh\">pic.twitter.com\/pMFLyhFgCh<\/a><\/p>\n<p>\u2014 Dominique de Villepin (@Villepin) <a target=\"_blank\" href=\"https:\/\/twitter.com\/Villepin\/status\/2007434865755439338?ref_src=twsrc%5Etfw\">January 3, 2026<\/a><\/p><\/blockquote>\n<\/div>\n<p>\u00ab\u00a0Aussi d\u00e9testables soient les gouvernements renvers\u00e9s, les pr\u00e9c\u00e9dents montrent que les changements de r\u00e9gime ne m\u00e8nent ni \u00e0 la d\u00e9mocratie, ni \u00e0 la paix, mais au chaos, \u00e0 la guerre civile et \u00e0 la dictature\u00a0\u00bb, a-t-il mis en garde renvoyant aux cas irakien et libyen.<\/p>\n<p>\u00c0 droite, le Rassemblement national (RN) s\u2019est montr\u00e9 critique tant \u00e0 l\u2019encontre de Maduro que de l\u2019op\u00e9ration am\u00e9ricaine. \u00ab Le respect du droit international et de la souverainet\u00e9 des \u00c9tats ne peut \u00eatre \u00e0 g\u00e9om\u00e9trie variable \u00bb, <a target=\"_blank\" href=\"https:\/\/x.com\/J_Bardella\/status\/2007411109666472266\">a d\u00e9clar\u00e9<\/a> Jordan Bardella, tout en \u00e9voquant une \u00ab\u00a0dictature sanguinaire et sans piti\u00e9\u00a0\u00bb selon lui de rigueur au Venezuela. \u00ab\u00a0Le renversement ext\u00e9rieur d\u2019un gouvernement, par la force, ne saurait constituer une r\u00e9ponse acceptable, ne faisant qu\u2019aggraver l\u2019instabilit\u00e9 g\u00e9opolitique de notre temps\u00a0\u00bb, a poursuivi le pr\u00e9sident du Rassemblement national (RN).<\/p>\n<div class=\"rtcode\">\n<blockquote class=\"twitter-tweet\">\n<p lang=\"fr\" dir=\"ltr\">Le r\u00e9gime rouge de Nicol\u00e1s Maduro appelle de nombreuses critiques l\u00e9gitimes sur le plan d\u00e9mocratique. Des millions de V\u00e9n\u00e9zu\u00e9liens ont souffert de cette dictature sanguinaire et sans piti\u00e9, qui a priv\u00e9 de droits politiques l\u2019opposition et entretenu le pays dans une interminable\u2026<\/p>\n<p>\u2014 Jordan Bardella (@J_Bardella) <a target=\"_blank\" href=\"https:\/\/twitter.com\/J_Bardella\/status\/2007411109666472266?ref_src=twsrc%5Etfw\">January 3, 2026<\/a><\/p><\/blockquote>\n<\/div>\n<p>Tonalit\u00e9 similaire du c\u00f4t\u00e9 de l\u2019ex-patronne du parti, Marine Le Pen. \u00ab\u00a0La souverainet\u00e9 des \u00c9tats n&rsquo;est jamais n\u00e9gociable, quelle que soit leur taille, quelle que soit leur puissance, quel que soit leur continent. Elle est inviolable et sacr\u00e9e \u00bb a insist\u00e9 la d\u00e9put\u00e9e RN du Pas-de-Calais \u00e9voquant le \u00ab\u00a0<a target=\"_blank\" href=\"https:\/\/x.com\/MLP_officiel\/status\/2007439876484989196\">changement de r\u00e9gime\u00a0<\/a>\u00bb op\u00e9r\u00e9 par Washington \u00e0 Caracas.<\/p>\n<p>De son c\u00f4t\u00e9, l&rsquo;ancien ministre de l&rsquo;Int\u00e9rieur (2024 &#8211; 2025) Bruno Retailleau et pr\u00e9sident du parti Les R\u00e9publicains a\u00a0\u00e9voqu\u00e9 <a target=\"_blank\" href=\"https:\/\/x.com\/BrunoRetailleau\/status\/2007490288458305569\" target=\"_blank\" rel=\"noopener noreferrer\">p\u00eale-m\u00eale<\/a> \u00ab le r\u00e9gime narco-socialiste autoritaire de Maduro\u00a0\u00bb,\u00a0la \u00ab\u00a0guerre hybride silencieuse, qui ne dit pas son nom\u00a0\u00bb contre le narcotrafic et le fait que \u00ab\u00a0la souverainet\u00e9 du peuple v\u00e9n\u00e9zu\u00e9lien demeure sacr\u00e9e\u00a0\u00bb.<\/p>\n<h3>Le Quai d&rsquo;Orsay \u00e9vite de citer les \u00c9tats-Unis<\/h3>\n<p>Les r\u00e9actions se sont faites bien plus timor\u00e9es du c\u00f4t\u00e9 des officiels fran\u00e7ais et de certaines figures atlantistes. \u00ab L&rsquo;op\u00e9ration militaire ayant conduit \u00e0 la capture de Nicol\u00e1s Maduro contrevient au principe de non-recours \u00e0 la force qui fonde le droit international\u00a0\u00bb, a mollement <a target=\"_blank\" href=\"https:\/\/x.com\/jnbarrot\/status\/2007463353631809684\">d\u00e9clar\u00e9<\/a> Jean-No\u00ebl Barrot, sans m\u00eame nomm\u00e9 les \u00c9tats-Unis et apr\u00e8s tout un paragraphe d\u00e9di\u00e9 \u00e0 la \u00ab\u00a0confiscation\u00a0\u00bb du pouvoir par Nicol\u00e1s Maduro et de conclure sur la r\u00e9it\u00e9ration de \u00ab\u00a0l\u2019attachement\u00a0\u00bb de la France \u00ab\u00a0\u00e0 la Charte des Nations unies, qui doit continuer de guider l\u2019action internationale des \u00c9tats, toujours et partout\u00a0\u00bb.<\/p>\n<div class=\"rtcode\">\n<blockquote class=\"twitter-tweet\">\n<p lang=\"fr\" dir=\"ltr\">En confisquant le pouvoir au peuple v\u00e9n\u00e9zu\u00e9lien, en le privant de ses libert\u00e9s fondamentales, Nicol\u00e1s Maduro a port\u00e9 une atteinte grave \u00e0 sa dignit\u00e9 et \u00e0 son droit \u00e0 l&rsquo;auto-d\u00e9termination. La France s&rsquo;est engag\u00e9e avec constance, notamment par ses actions de m\u00e9diation, en faveur du\u2026<\/p>\n<p>\u2014 Jean-No\u00ebl Barrot (@jnbarrot) <a target=\"_blank\" href=\"https:\/\/twitter.com\/jnbarrot\/status\/2007463353631809684?ref_src=twsrc%5Etfw\">January 3, 2026<\/a><\/p><\/blockquote>\n<\/div>\n<p>M\u00eame d\u00e9veloppement, un peu plus t\u00f4t, du c\u00f4t\u00e9 de Rapha\u00ebl Glucksmann. \u00ab\u00a0La voie de Trump n\u2019est pas la n\u00f4tre, Fran\u00e7ais et Europ\u00e9ens\u00a0\u00bb, a notamment d\u00e9clar\u00e9 cet eurod\u00e9put\u00e9 et ex-mari d&rsquo;Eka Zgouladz\u00e9, ministre g\u00e9orgienne des Affaires int\u00e9rieures par int\u00e9rim (2012), de Mikheil Saakashvil, pass\u00e9e par Kiev (2014 &#8211; 2016) sous l\u2019\u00e8re Porochenko &#8211; apr\u00e8s avoir lanc\u00e9\u00a0: \u00ab\u00a0pas une larme pour le dictateur ploutocrate Maduro\u00a0\u00bb.<\/p>\n<p>\u00ab\u00a0Il faut avoir conscience que nous entrons dans un monde sans droit international o\u00f9 pr\u00e9vaut la loi du plus fort\u00a0\u00bb, a ajout\u00e9 le copr\u00e9sident de Place publique.\u00a0Rappeler le droit tout en condamnant Maduro : un \u00ab\u00a0<a target=\"_blank\" href=\"https:\/\/x.com\/DariusRochebin\/status\/2007409394267324767\">exercice de contorsion<\/a>\u00a0\u00bb qu\u2019a m\u00eame soulign\u00e9 le journaliste Darius Rochebin, animateur sur LCI d\u2019une \u00e9mission \u00e0 l\u2019orientation pro-Kiev.<\/p>\n<\/div>\n<p><script async src=\"\/\/platform.twitter.com\/widgets.js\" charset=\"utf-8\"><\/script><br \/>\n<br \/><br \/>\n<br \/><a href=\"https:\/\/francais.rt.com\/france\/129032-intervention-americaine-reactions-politiques-francaises\" target=\"_blank\"\">Source link <\/a><\/p>\n","protected":false},"excerpt":{"rendered":"<p>Apr\u00e8s l\u2019op\u00e9ration militaire am\u00e9ricaine men\u00e9e contre le Venezu\u00e9la, s\u2019\u00e9tant sold\u00e9e par l\u2019enl\u00e8vement de son pr\u00e9sident et de sa femme ce 3 janvier, de nombreux politiques fran\u00e7ais ont r\u00e9agi sur les&hellip; <\/p>\n","protected":false},"author":1,"featured_media":21851,"comment_status":"open","ping_status":"open","sticky":false,"template":"","format":"standard","meta":{"footnotes":""},"categories":[1],"tags":[],"class_list":["post-21850","post","type-post","status-publish","format-standard","has-post-thumbnail","hentry","category-non-classe"],"_links":{"self":[{"href":"https:\/\/monde25.info\/index.php\/wp-json\/wp\/v2\/posts\/21850","targetHints":{"allow":["GET"]}}],"collection":[{"href":"https:\/\/monde25.info\/index.php\/wp-json\/wp\/v2\/posts"}],"about":[{"href":"https:\/\/monde25.info\/index.php\/wp-json\/wp\/v2\/types\/post"}],"author":[{"embeddable":true,"href":"https:\/\/monde25.info\/index.php\/wp-json\/wp\/v2\/users\/1"}],"replies":[{"embeddable":true,"href":"https:\/\/monde25.info\/index.php\/wp-json\/wp\/v2\/comments?post=21850"}],"version-history":[{"count":0,"href":"https:\/\/monde25.info\/index.php\/wp-json\/wp\/v2\/posts\/21850\/revisions"}],"wp:featuredmedia":[{"embeddable":true,"href":"https:\/\/monde25.info\/index.php\/wp-json\/wp\/v2\/media\/21851"}],"wp:attachment":[{"href":"https:\/\/monde25.info\/index.php\/wp-json\/wp\/v2\/media?parent=21850"}],"wp:term":[{"taxonomy":"category","embeddable":true,"href":"https:\/\/monde25.info\/index.php\/wp-json\/wp\/v2\/categories?post=21850"},{"taxonomy":"post_tag","embeddable":true,"href":"https:\/\/monde25.info\/index.php\/wp-json\/wp\/v2\/tags?post=21850"}],"curies":[{"name":"wp","href":"https:\/\/api.w.org\/{rel}","templated":true}]}}