{"id":2186,"date":"2024-12-14T17:19:09","date_gmt":"2024-12-14T16:19:09","guid":{"rendered":"https:\/\/monde25.info\/index.php\/2024\/12\/14\/le-mystere-de-la-beaute-activisme-en-sf-campagne-remembree-a-lire-et-a-voir-en-decembre\/"},"modified":"2024-12-14T17:19:09","modified_gmt":"2024-12-14T16:19:09","slug":"le-mystere-de-la-beaute-activisme-en-sf-campagne-remembree-a-lire-et-a-voir-en-decembre","status":"publish","type":"post","link":"https:\/\/monde25.info\/index.php\/2024\/12\/14\/le-mystere-de-la-beaute-activisme-en-sf-campagne-remembree-a-lire-et-a-voir-en-decembre\/","title":{"rendered":"Le myst\u00e8re de la beaut\u00e9, activisme en SF, campagne remembr\u00e9e&#8230; \u00e0 lire et \u00e0 voir en d\u00e9cembre"},"content":{"rendered":"<p> <br \/>\n<\/p>\n<div>\n<h2 class=\"spip\"><span class=\"caps\">LIVRES<\/span><\/h2>\n<h2 class=\"spip\">\u2022 <i>La Beaut\u00e9 du vivant<\/i> <\/h2>\n<p>On connaissait le sp\u00e9cialiste de la for\u00eat tropicale, on d\u00e9couvre un dessinateur naturaliste hors pair\u00a0: le trait pr\u00e9cis et color\u00e9 de <a target=\"_blank\" href=\"https:\/\/reporterre.net\/Francis-Halle-Se-liberer-du-regne-de-la-mesure-et-renouer-avec-la-sensibilite\">Francis Hall\u00e9<\/a> nous emm\u00e8ne, au long de pleines pages chatoyantes, dans un voyage onirique parmi les plantes, les grenouilles, les papillons, les coquillages, saisis au plus pr\u00e8s. On devine le coup de crayon du botaniste assis dans les arbres, cherchant \u00e0 saisir dans la moiteur la r\u00e9alit\u00e9 de ce qu\u2019il observe avec un souci p\u00e9dagogique remarquable.<\/p>\n<p>Le livre est aussi un essai sur la beaut\u00e9 dans la nature, une question bien plus complexe qu\u2019il n\u2019y parait. Car, explique Hall\u00e9 dans le texte qui accompagne les planches, qui fait chemin avec elles, pourrait-on dire, si la beaut\u00e9 est souvent approch\u00e9e par la philosophie ou l\u2019esth\u00e9tique, comme si elle ne relevait que de la subjectivit\u00e9, elle est aussi un enjeu scientifique\u00a0: elle est, d\u00e9montre Hall\u00e9, <i>\u00ab<small class=\"fine d-inline\">\u00a0<\/small>une propri\u00e9t\u00e9 \u00e9mergente li\u00e9e aux \u00e9tats les plus avanc\u00e9s de l\u2019\u00e9volution<small class=\"fine d-inline\">\u00a0<\/small>\u00bb<\/i>. Et pour nous en convaincre, il nous raconte 1\u00a0000\u00a0petites histoires ou faits vrais sur cette nature qui reste si belle, malgr\u00e9 les agressions des activit\u00e9s humaines. <strong>H.K.<\/strong><\/p>\n<table>\n<tr>\n<td style=\"width:50%;\">\n<div class=\"spip_document_87140 spip_document spip_documents spip_document_image spip_documents_left spip_document_left\">\n<figure class=\"spip_doc_inner\">\n      <picture>\n<p>        <img decoding=\"async\" src=\"https:\/\/reporterre.net\/IMG\/jpg\/9782330196738_1_.jpg\" width=\"250\" height=\"364\" loading=\"lazy\" alt=\"\"\/>\n    <\/picture>\n  <\/figure>\n<\/p><\/div>\n<\/td>\n<td>\n<i> <strong>La Beaut\u00e9 du vivant<\/strong> <\/i>, de Francis Hall\u00e9, aux \u00e9ditions <a target=\"_blank\" href=\"http:\/\/actes-sud.fr\/catalogue\/nature-et-environnement\/la-beaute-du-vivant\" class=\"spip_out\" rel=\"external\">Actes Sud<\/a>, octobre 2024, 160\u00a0pages, 36\u00a0euros.\n<\/td>\n<\/tr>\n<\/table>\n<h2 class=\"spip\">\u2022 <i>R\u00e9inventons la montagne<\/i> <\/h2>\n<p>Bient\u00f4t, il n\u2019y aura plus de neige. Seuls les plus hauts sommets seront saupoudr\u00e9s d\u2019or blanc. Pourtant, on s\u2019ent\u00eate \u00e0 vouloir organiser des Jeux olympiques (<span class=\"caps\">JO<\/span>) d\u2019hiver <a target=\"_blank\" href=\"https:\/\/reporterre.net\/JO-d-hiver-en-2030-y-aura-t-il-assez-de-neige-dans-les-Alpes\">dans les Alpes en 2030<\/a>. Comment sortir de cette <a target=\"_blank\" href=\"https:\/\/reporterre.net\/Ski-le-ras-le-bol-des-ecologistes\">absurdit\u00e9 \u00e9cologique<\/a><small class=\"fine d-inline\">\u00a0<\/small>?<\/p>\n<p>Fiona Mille, la pr\u00e9sidente de Mountain Wilderness France, tente d\u2019apporter une r\u00e9ponse dans <i>R\u00e9inventons la montagne<\/i>, son premier essai. Elle imagine trois sc\u00e9narios. Le premier, le plus probable\u00a0: les <span class=\"caps\">JO<\/span> se d\u00e9roulent dans une montagne b\u00e9tonn\u00e9e et r\u00e9serv\u00e9e aux plus fortun\u00e9s. Le second\u00a0: la France est an\u00e9antie par une telle crise climatique, politique et sociale que les Jeux sont annul\u00e9s. Enfin, dans son dernier chapitre, elle ouvre nos imaginaires \u00e0 une autre forme de comp\u00e9tition baptis\u00e9e <i>\u00ab<small class=\"fine d-inline\">\u00a0<\/small>les montagnardes<small class=\"fine d-inline\">\u00a0<\/small>\u00bb<\/i>\u00a0: des c\u00e9l\u00e9brations citoyennes qui valorisent les initiatives dans les territoires et font du respect de la nature une valeur cardinale. Une utopie encore bien lointaine. <strong>L.-A. C.<\/strong><\/p>\n<table>\n<tr>\n<td style=\"width:50%;\">\n<div class=\"spip_document_87142 spip_document spip_documents spip_document_image spip_documents_left spip_document_left\">\n<figure class=\"spip_doc_inner\">\n      <picture>\n<p>        <img decoding=\"async\" src=\"https:\/\/reporterre.net\/IMG\/jpg\/cover_1_.jpg\" width=\"250\" height=\"338\" loading=\"lazy\" alt=\"\"\/>\n    <\/picture>\n  <\/figure>\n<\/p><\/div>\n<\/td>\n<td>\n<i> <strong>R\u00e9inventons la montagne \u2014 Alpes 2030, un autre imaginaire est possible<\/strong> <\/i>, de Fiona Mille, aux \u00e9ditions <a target=\"_blank\" href=\"https:\/\/editionsdufaubourg.fr\/livre\/reinventons-la-montagne\" class=\"spip_out\" rel=\"external\">du Faubourg<\/a>, novembre 2024, 120\u00a0pages, 14\u00a0euros.\n<\/td>\n<\/tr>\n<\/table>\n<h2 class=\"spip\">\u2022 <i>Dieu, Darwin, tout et n\u2019importe quoi<\/i> <\/h2>\n<p>Dieu est cens\u00e9 avoir cr\u00e9\u00e9 le monde en six jours. Mais a-t-il vraiment fignol\u00e9<small class=\"fine d-inline\">\u00a0<\/small>? Dans <i>Dieu, Darwin, tout et n\u2019importe quoi<\/i>, l\u2019auteur de <i>L\u2019Origine des esp\u00e8ces<\/i> (1859), croqu\u00e9 taquin par Pierre Kroll, dessinateur belge de renom, va d\u00e9montrer \u00e0 Dieu, plut\u00f4t bonhomme dans sa chemise de nuit, que\u2026 non, pas vraiment. Et les animaux d\u2019abonder.<\/p>\n<p>En seize chapitres, qui sont autant de zooms sur des esp\u00e8ces ayant appris le <i>\u00ab<small class=\"fine d-inline\">\u00a0<\/small>bricolage<small class=\"fine d-inline\">\u00a0<\/small>\u00bb<\/i> et la solidarit\u00e9 pour s\u2019en sortir (tels les wombats et leurs \u00e9trons cubiques), la philosophe Vinciane Despret va les seconder et souligner combien ce qu\u2019elle appelle <i>\u00ab<small class=\"fine d-inline\">\u00a0<\/small>la morale bourgeoise de l\u2019\u00e9volution<small class=\"fine d-inline\">\u00a0<\/small>\u00bb<\/i> a retard\u00e9 ces d\u00e9couvertes. Un r\u00e9gal d\u2019humour et d\u2019ouverture sur l\u2019aventure humaine et l\u2019ing\u00e9niosit\u00e9 animale. <strong>C.M.<\/strong><\/p>\n<table>\n<tr>\n<td style=\"width:50%;\">\n<div class=\"spip_document_87146 spip_document spip_documents spip_document_image spip_documents_left spip_document_left\">\n<figure class=\"spip_doc_inner\">\n      <picture>\n<p>        <img decoding=\"async\" src=\"https:\/\/reporterre.net\/IMG\/jpg\/dieu-darwin-tout-et-n-importe-quoi-histoires-naturelles_1_.jpg\" width=\"250\" height=\"314\" loading=\"lazy\" alt=\"\"\/>\n    <\/picture>\n  <\/figure>\n<\/p><\/div>\n<\/td>\n<td>\n<i> <strong>Dieu, Darwin, tout et n\u2019importe quoi \u2014 Histoires naturelles<\/strong> <\/i>, de Vinciane Despret (texte) et Pierre Kroll (dessins), aux \u00e9ditions <a target=\"_blank\" href=\"https:\/\/arenes.fr\/livre\/dieu-darwin-tout-et-nimporte-quoi\/\" class=\"spip_out\" rel=\"external\">Les Ar\u00e8nes<\/a>, septembre 2024, 192\u00a0pages, 26\u00a0euros.\n<\/td>\n<\/tr>\n<\/table>\n<h2 class=\"spip\">\u2022 <i>Champs de bataille<\/i> <\/h2>\n<p>Ils s\u2019appellent Jacqueline, Joseph, Andr\u00e9 ou Baptistine, et ils ont v\u00e9cu le remembrement dans leurs terres et dans leur chair. Ils ont vu les haies se faire arracher, les pommiers se faire abattre, les parcelles \u00eatre redessin\u00e9es, les paysages changer, les chevaux se faire remplacer par des tracteurs\u2026 Ce grand remodelage des campagnes fran\u00e7aises a eu des r\u00e9percussions sur leurs exploitations, leurs activit\u00e9s agricoles et parfois, m\u00eame, leur sant\u00e9 mentale. Certains se sont r\u00e9volt\u00e9s, d\u2019autres se sont r\u00e9sign\u00e9s et ont embrass\u00e9 les promesses de progr\u00e8s.<\/p>\n<p>Dans sa nouvelle <span class=\"caps\">BD<\/span>-enqu\u00eate, la journaliste In\u00e8s L\u00e9raud, autrice des <i><a target=\"_blank\" href=\"https:\/\/reporterre.net\/BEDE-Les-algues-vertes-un-demi-siecle-de-fabrique-du-silence\">Algues vertes, l\u2019histoire interdite<\/a><\/i> (2019), raconte comment l\u2019\u00c9tat fran\u00e7ais et ses cohortes d\u2019ing\u00e9nieurs ont taill\u00e9 les campagnes sur mesure pour les rendre plus comp\u00e9titives. Au m\u00e9pris de ses habitants et du vivant. <strong>S.G.<\/strong><\/p>\n<table>\n<tr>\n<td style=\"width:50%;\">\n<div class=\"spip_document_87147 spip_document spip_documents spip_document_image spip_documents_left spip_document_left\">\n<figure class=\"spip_doc_inner\">\n      <picture>\n<p>        <img decoding=\"async\" src=\"https:\/\/reporterre.net\/IMG\/jpg\/9782413075134-001-x_1_.jpg\" width=\"250\" height=\"327\" loading=\"lazy\" alt=\"\"\/>\n    <\/picture>\n  <\/figure>\n<\/p><\/div>\n<\/td>\n<td>\n<i> <strong>Champs de bataille \u2014 L\u2019Histoire enfouie du remembrement<\/strong> <\/i>, d\u2019In\u00e8s L\u00e9raud  (texte) et Pierre Van Hove (dessins), aux \u00e9ditions <a target=\"_blank\" href=\"https:\/\/www.editions-delcourt.fr\/bd\/album-champs-de-bataille\" class=\"spip_out\" rel=\"external\">Delcourt et La Revue dessin\u00e9e<\/a>, novembre 2024, 192\u00a0pages, 23,75\u00a0euros.\n<\/td>\n<\/tr>\n<\/table>\n<h2 class=\"spip\"><span class=\"caps\">REVUES<\/span><\/h2>\n<h2 class=\"spip\">\u2022 <i>L\u00eager\u00een<\/i> <\/h2>\n<p>Au moment o\u00f9 la Syrie est lib\u00e9r\u00e9e d\u2019une abominable dictature, il est bon de rappeler que depuis une d\u00e9cennie, une r\u00e9gion (\u00e0 cheval avec l\u2019Irak) y d\u00e9ploie une soci\u00e9t\u00e9 alternative\u00a0: le Rojava, administr\u00e9 par le peuple kurde, qui tente d\u2019y d\u00e9velopper le <a target=\"_blank\" href=\"https:\/\/reporterre.net\/Une-autre-forme-de-democratie-s-epanouit-au-Rojava-le-Kurdistan-syrien\"><i>\u00ab<small class=\"fine d-inline\">\u00a0<\/small>conf\u00e9d\u00e9ralisme d\u00e9mocratique<small class=\"fine d-inline\">\u00a0<\/small>\u00bb<\/i><\/a> inspir\u00e9 par les id\u00e9es de l\u2019\u00e9cologiste anarchiste <a target=\"_blank\" href=\"https:\/\/reporterre.net\/Murray-Bookchin-l-utopie-anarchiste-au-prisme-de-l-ecologie\">Murray Bookchin<\/a>. Cette ambition est difficilement men\u00e9e, les Kurdes \u00e9tant en butte aux attaques militaires de la Turquie et n\u2019\u00e9tant gu\u00e8re soutenus par les Occidentaux.<\/p>\n<p>Mais le Rojava continue, et est un exemple international exaltant. Il inspire la revue port\u00e9e par <i>\u00ab<small class=\"fine d-inline\">\u00a0<\/small>la jeunesse r\u00e9volutionnaire internationaliste<small class=\"fine d-inline\">\u00a0<\/small>\u00bb<\/i> qui explore l\u2019angle \u00e9cologique du Rojava, en l\u2019\u00e9largissant\u00a0: on trouvera dans le dernier num\u00e9ro de <i>L\u00eager\u00een<\/i> des articles roboratifs sur le f\u00e9minisme et la culture de la d\u00e9esse-m\u00e8re, sur le mouvement de lib\u00e9ration de la Papouasie occidentale, sur la lutte \u00e0 Berlin contre l\u2019usine Tesla et sur la litt\u00e9rature de gu\u00e9rilla. Cet ovni dans le monde des revues, aux illustrations joyeuses et \u00e9nergiques, m\u00e9rite le d\u00e9tour. <strong>H.K.<\/strong><\/p>\n<h2 class=\"spip\">\u00c0 <span class=\"caps\">VOIR<\/span><\/h2>\n<h2 class=\"spip\">\u2022 <i>Plan\u00e8te B <\/i> <\/h2>\n<p>Grenoble, 2039. L\u2019Accord de Paris \u2014 qui vise \u00e0 contenir le <a target=\"_blank\" href=\"Qu-est-ce-que-le-rechauffement-climatique\">r\u00e9chauffement climatique<\/a> global en dessous de 2\u00a0\u00b0C \u2014 a \u00e9chou\u00e9. Face \u00e0 la mont\u00e9e des temp\u00e9ratures et des in\u00e9galit\u00e9s, des jeunes s\u2019engagent dans la d\u00e9sob\u00e9issance civile. Lors d\u2019une action qui tourne mal, les militants se retrouvent enferm\u00e9s dans un monde carc\u00e9ral virtuel\u00a0: Plan\u00e8te B. Pour le reste du monde, ils sont port\u00e9s disparus.<\/p>\n<p>Si la bande-annonce laisse craindre un film de science-fiction caricatural et dystopique, le propos est en r\u00e9alit\u00e9 plus fin. La r\u00e9alisatrice Aude L\u00e9a Rapin s\u2019est notamment inspir\u00e9e des manifestations r\u00e9prim\u00e9es des Gilets jaunes ou de <a target=\"_blank\" href=\"https:\/\/reporterre.net\/Un-an-apres-Sainte-Soline-les-blesses-racontent-leurs-sequelles\">Sainte-Soline contre les m\u00e9gabassines<\/a>. <i>\u00ab<small class=\"fine d-inline\">\u00a0<\/small>Tous les motifs qui animent Plan\u00e8te B sont d\u00e9j\u00e0 \u00e0 l\u2019\u0153uvre\u00a0: la surveillance, la pollution, l\u2019enfer de l\u2019exil, la mont\u00e9e en puissance des extr\u00eames\u2026<\/i> affirme-t-elle dans le dossier de presse. <i>J\u2019ai simplement pouss\u00e9 les curseurs de ce qui existe d\u00e9j\u00e0.<small class=\"fine d-inline\">\u00a0<\/small>\u00bb<\/i><\/p>\n<p>Le film est haletant, inqui\u00e9tant. En mettant en sc\u00e8ne une actrice de premier plan comme Ad\u00e8le Exarchopoulos, le propos \u00e9cologiste peut pousser \u00e0 la r\u00e9flexion un public peu familier du sujet. Une r\u00e9ussite. <strong>J. G.-B.<\/strong><\/p>\n<p><iframe loading=\"lazy\" title=\"PLAN\u00c8TE B | Bande-annonce\" width=\"1110\" height=\"624\" src=\"https:\/\/www.youtube.com\/embed\/lgz_kM7FGtk?feature=oembed\" frameborder=\"0\" allow=\"accelerometer; autoplay; clipboard-write; encrypted-media; gyroscope; picture-in-picture; web-share\" referrerpolicy=\"strict-origin-when-cross-origin\" allowfullscreen><\/iframe><\/p>\n<p><i> <strong>Plan\u00e8te B<\/strong> <\/i>, un film d\u2019Aude L\u00e9a Rapin, avec Ad\u00e8le Exarchopoulos et Souheila Yacoub. Au cin\u00e9ma le 25\u00a0d\u00e9cembre 2024.<\/p>\n<h2 class=\"spip\">\u2022 <i>Toucher terre<\/i> <\/h2>\n<p>Qu\u2019est-ce qui est frais l\u2019\u00e9t\u00e9, chaud l\u2019hiver, et doux comme un cocon<small class=\"fine d-inline\">\u00a0<\/small>? Une maison en terre crue, d\u00e9montre <i>Toucher terre<\/i>, un documentaire humaniste, sensible, un brin impertinent, bref \u00e9patant<small class=\"fine d-inline\">\u00a0<\/small>! Alternant images d\u2019un chantier participatif breton et entretiens avec des experts en arch\u00e9ologie, en science de la mati\u00e8re, en architecture, etc. il d\u00e9voile \u00e0 la fois les gestes de la fabrication en terre, l\u2019histoire de ce mat\u00e9riau plurimill\u00e9naire et ses vertus d\u2019\u00e9mancipation sociale et \u00e9cologique. Tr\u00e8s convaincant \u00e0 cet \u00e9gard, le P\u00f4le culturel de Cornebarrieu, en Haute-Garonne, est <a target=\"_blank\" href=\"https:\/\/www.atelierphilippemadec.fr\/architecture\/equipements\/pole-culturel-_-qe-passif-et-vnac.html\" class=\"spip_out\" rel=\"external\">r\u00e9alis\u00e9 en terre et bois<\/a> par l\u2019architecte Philippe Madec, cocr\u00e9ateur du Mouvement pour une frugalit\u00e9 heureuse et cr\u00e9ative. <strong>C.M.<\/strong><\/p>\n<p><iframe loading=\"lazy\" title=\"Toucher terre \/\/ Bande Annonce Officielle \/\/ VF\" width=\"1110\" height=\"624\" src=\"https:\/\/www.youtube.com\/embed\/eADBZOVUEOI?feature=oembed\" frameborder=\"0\" allow=\"accelerometer; autoplay; clipboard-write; encrypted-media; gyroscope; picture-in-picture; web-share\" referrerpolicy=\"strict-origin-when-cross-origin\" allowfullscreen><\/iframe><\/p>\n<p><i> <strong>Toucher terre<\/strong> <\/i>, un film documentaire de J\u00e9r\u00e9mie Basset, octobre 2024. Lieux de programmation indiqu\u00e9s sur la <a target=\"_blank\" href=\"https:\/\/www.jupiter-films.com\/film-toucher-terre-144.php\" class=\"spip_out\" rel=\"external\">carte du site ici<\/a>.<\/p>\n<h2 class=\"spip\">\u2022 <i>L\u2019Usage du monde<\/i> <\/h2>\n<p>Tenez-vous bien\u00a0: malgr\u00e9 nos robots en silicone et nos explorations martiennes, nous, humains, n\u2019aurions pas chang\u00e9 depuis N\u00e9andertal<small class=\"fine d-inline\">\u00a0<\/small>! <i>\u00ab<small class=\"fine d-inline\">\u00a0<\/small>C\u2019est le m\u00eame type de r\u00e9action que l\u2019on peut attendre<small class=\"fine d-inline\">\u00a0<\/small>\u00bb<\/i>, souligne le pr\u00e9historien Jean-Paul Demoule dans <i>L\u2019Usage du monde<\/i>, un documentaire hors normes de par la profondeur de son exploration et sa dur\u00e9e (1\u00a0h\u00a046).<\/p>\n<p>Entrela\u00e7ant des entretiens avec des personnalit\u00e9s du monde civil et universitaire (paysanne, juriste, anthropologue, historienne de l\u2019environnement, etc.), avec des images d\u2019archives et une bande-son luxuriante, Agn\u00e8s Fouilleux nous invite \u00e0 repenser la culture (croyances, mythes\u2026) qui nous maintient dans un <i>\u00ab<small class=\"fine d-inline\">\u00a0<\/small>usage du monde<small class=\"fine d-inline\">\u00a0<\/small>\u00bb<\/i> d\u00e9l\u00e9t\u00e8re et violent, et ce, malgr\u00e9 les menaces \u00e9cart\u00e9es depuis N\u00e9andertal. Inspir\u00e9e par l\u2019\u00e9crivain Nicolas Bouvier, auquel elle emprunte le titre de son <a target=\"_blank\" href=\"https:\/\/www.editionsladecouverte.fr\/l_usage_du_monde-9782707179012\" class=\"spip_out\" rel=\"external\">c\u00e9l\u00e8bre r\u00e9cit de voyage<\/a>, cette documentariste chevronn\u00e9e trace elle aussi une route vivifiante. <strong>C.M.<\/strong><\/p>\n<p><iframe loading=\"lazy\" title=\"Bande annonce film L&#039;USAGE DU MONDE, voyage entre nature et culture # agriculture\" width=\"1110\" height=\"624\" src=\"https:\/\/www.youtube.com\/embed\/tDOba6bmNfg?feature=oembed\" frameborder=\"0\" allow=\"accelerometer; autoplay; clipboard-write; encrypted-media; gyroscope; picture-in-picture; web-share\" referrerpolicy=\"strict-origin-when-cross-origin\" allowfullscreen><\/iframe><\/p>\n<p><i> <strong>L\u2019Usage du monde \u2014 Voyage entre nature et culture<\/strong> <\/i>, un documentaire d\u2019Agn\u00e8s Fouilleux, 2024. Lieux de programmation <a target=\"_blank\" href=\"https:\/\/www.lesfilms.info\/l-usage-du-monde-voyage-entre-nature-et-culture\/les-projections-prevues-en-salles.html\" class=\"spip_out\" rel=\"external\">ici<\/a>. Possibilit\u00e9 d\u2019organiser une projection.<\/p>\n<h2 class=\"spip\">\u2022 <i>Landman<\/i> <\/h2>\n<p>Cruelle pour un \u00e9colo, voire totalement masochiste, la s\u00e9rie <i>Landman<\/i> est un bijou antitransition \u00e9nerg\u00e9tique. Nous sommes au pays des <i>rednecks<\/i>, de la <i>junk food<\/i> et des portefeuilles d\u00e9bordants de p\u00e9trodollars. Direction le Texas et ses champs constell\u00e9s de puits. Infiltration dans la vie de Tommy Norris, un type \u00e0 la cinquantaine fatigu\u00e9e, charg\u00e9 de bien huiler la machine \u00e0 extraction fossile d\u2019une petite compagnie ind\u00e9pendante. Il prospecte des terrains, g\u00e8re les accidents de puits, les familles endeuill\u00e9es, et se coltine une ex d\u00e9jant\u00e9e encore plus st\u00e9r\u00e9otyp\u00e9e qu\u2019une Miss Univers.<\/p>\n<p>\u00c0 voir, ne serait-ce que pour le la\u00efus anti-\u00e9oliennes de Tommy devant des monstres de 120\u00a0m\u00e8tres de hauteur qui alimentent <i>\u00ab<small class=\"fine d-inline\">\u00a0<\/small>proprement<small class=\"fine d-inline\">\u00a0<\/small>\u00bb<\/i> les puits qui vont cracher de l\u2019or noir. <i>\u00ab<small class=\"fine d-inline\">\u00a0<\/small>Toute notre vie d\u00e9pend du p\u00e9trole, cela fait 120\u00a0ans que notre pays est structur\u00e9 avec, vous en trouvez partout, dans votre rouge \u00e0 l\u00e8vres, vos pneus, votre raquette de tennis, vos sacs-poubelle&#8230; Vous n\u2019y pouvez rien. Et ce qui nous fera crever, c\u2019est d\u2019en manquer avant d\u2019avoir trouv\u00e9 de vraies alternatives.<small class=\"fine d-inline\">\u00a0<\/small>\u00bb<\/i> \u00c9difiant pour sortir de sa bulle \u00e9colo. <strong>L.N.<\/strong><\/p>\n<p><iframe loading=\"lazy\" title=\"LANDMAN Bande Annonce VF (2024) Taylor Sheridan\" width=\"1110\" height=\"624\" src=\"https:\/\/www.youtube.com\/embed\/2SgIultgIS4?feature=oembed\" frameborder=\"0\" allow=\"accelerometer; autoplay; clipboard-write; encrypted-media; gyroscope; picture-in-picture; web-share\" referrerpolicy=\"strict-origin-when-cross-origin\" allowfullscreen><\/iframe><\/p>\n<p><i> <strong>Landman<\/strong> <\/i>, une s\u00e9rie de Taylor Sheridan et Christian Wallace, avec Billy Bob Thornton, Ali Larter et Jacob Lofland. Disponible sur Canal+.<\/p>\n<h2 class=\"spip\"><span class=\"caps\">TH<\/span>\u00c9\u00c2<span class=\"caps\">TRE<\/span><\/h2>\n<h2 class=\"spip\">\u2022 <i>After Show<\/i> <\/h2>\n<p>C\u2019est surprenant, dr\u00f4le, caustique, d\u00e9lirant, intelligent, \u00e7a parle d\u2019aujourd\u2019hui et \u00e7a fait r\u00e9fl\u00e9chir. On rit jusqu\u2019\u00e0 ce que la mort vienne faucher les sourires, avant qu\u2019ils reviennent en pleine humanit\u00e9 \u2014 cette m\u00eame humanit\u00e9 qu\u2019interroge l\u2019entr\u00e9e tonitruante de la pi\u00e8ce, lorsqu\u2019un singe devenu homme est interview\u00e9 en <i>talk-show<\/i>. Et voil\u00e0 que surgit <a target=\"_blank\" href=\"https:\/\/reporterre.net\/Bruno-Latour-le-chamboule-tout-malicieux\">Bruno Latour<\/a>, plus vrai que nature. Il vient nous expliquer comment l\u2019\u00e9poque revient \u00e0 la cosmogonie aristot\u00e9licienne\u00a0: sa th\u00e8se est le pivot de la pi\u00e8ce et lui donne son sens, ainsi que des raisons d\u2019esp\u00e9rer. Car dans le monde foutraque et chaotique d\u2019aujourd\u2019hui, une nouvelle conception vient au jour \u2014 et bien s\u00fbr, c\u2019est douloureux. Mais ce fort spectacle nous aide \u00e0 le vivre dans la joie. <strong>H.K.<\/strong><\/p>\n<div class=\"spip_document_87150 spip_document spip_documents spip_document_image spip_documents_center spip_document_center\">\n<figure class=\"spip_doc_inner\">\n      <picture><source type=\"image\/webp\" srcset=\"https:\/\/reporterre.net\/local\/cache-vignettes\/L1024xH726\/after-show-b94ac-fa00f.jpg@.webp?1734088964\"><img decoding=\"async\" src=\"https:\/\/reporterre.net\/IMG\/jpg\/after-show-b94ac.jpg\" width=\"1024\" height=\"726\" loading=\"lazy\" alt=\"\"\/><br \/>\n    <\/source><\/picture>\n  <\/figure>\n<\/p><\/div>\n<p><i> <strong>After Show<\/strong> <\/i>, du Collectif L\u2019Avantage du doute, au <a target=\"_blank\" href=\"https:\/\/www.theatredurondpoint.fr\/spectacle\/after-show\/\" class=\"spip_out\" rel=\"external\">th\u00e9\u00e2tre du Rond-Point<\/a> (Paris) jusqu\u2019au 21\u00a0d\u00e9cembre 2024, puis en tourn\u00e9e.<\/p>\n<h2 class=\"spip\"><span class=\"caps\">EXPOSITION<\/span><\/h2>\n<h2 class=\"spip\">\u2022 <i>Surr\u00e9alisme<\/i> <\/h2>\n<p>Les artistes surr\u00e9alistes tent\u00e8rent d\u2019associer Marx et Rimbaud pour <i>\u00ab<small class=\"fine d-inline\">\u00a0<\/small>changer la vie<small class=\"fine d-inline\">\u00a0<\/small>\u00bb<\/i>. R\u00e9volt\u00e9s par la boucherie de la Premi\u00e8re Guerre mondiale, ils firent de l\u2019inconscient et de l\u2019imaginaire des armes de lib\u00e9ration contre la raison d\u2019\u00c9tat \u00e9triqu\u00e9e qui l\u2019avait permise.<\/p>\n<p>C\u00e9l\u00e9bration du cosmos, de la nuit, de la nature, de la femme, anticolonialisme et int\u00e9r\u00eat pour les arts dits premiers, satire d\u2019un progr\u00e8s purement machinique\u2026 Le merveilleux d\u00e9dale de l\u2019exposition, avec ses quelque 400\u00a0\u0153uvres et documents d\u2019archives, r\u00e9v\u00e8le des th\u00e9matiques en r\u00e9sonance avec l\u2019\u00e9cologie politique, et l\u2019int\u00e9r\u00eat de penser ensemble le politique et l\u2019imaginaire. <strong>C.M.<\/strong><\/p>\n<p><iframe loading=\"lazy\" title=\"Surr\u00e9alisme | Exposition | Centre Pompidou\" width=\"1110\" height=\"624\" src=\"https:\/\/www.youtube.com\/embed\/xpsFy6hQJPw?feature=oembed\" frameborder=\"0\" allow=\"accelerometer; autoplay; clipboard-write; encrypted-media; gyroscope; picture-in-picture; web-share\" referrerpolicy=\"strict-origin-when-cross-origin\" allowfullscreen><\/iframe><\/p>\n<p><i> <strong>Surr\u00e9alisme<\/strong> <\/i>, <a target=\"_blank\" href=\"https:\/\/www.centrepompidou.fr\/fr\/programme\/agenda\/evenement\/gGUudFS\" class=\"spip_out\" rel=\"external\">au Centre Pompidou<\/a> (Paris), jusqu\u2019au 13\u00a0janvier 2025.<\/p>\n<aside class=\"boite_encarts\">\n<div class=\"encart encart_gris noprint\">\n<p><strong>Il est de retour.<\/strong><\/p>\n<p>Dans quelques semaines, Donald Trump se r\u00e9-installera \u00e0 la Maison Blanche.<\/p>\n<p>Un milliardaire, pour qui le r\u00e9chauffement climatique est \u00ab<small class=\"fine d-inline\">\u00a0<\/small>un canular<small class=\"fine d-inline\">\u00a0<\/small>\u00bb, sera \u00e0 la t\u00eate de la plus grande puissance mondiale.<\/p>\n<p>Dans une d\u00e9cennie cruciale pour l\u2019\u00e9cologie, nous ne pouvons pas nous permettre de perdre plus de temps.<\/p>\n<p>La soci\u00e9t\u00e9 civile doit continuer de se soulever, de se mobiliser et de faire pression sur les puissants.<\/p>\n<p>Mais pour agir, il faut savoir.<\/p>\n<p><strong>Depuis 11 ans, nous publions des articles de qualit\u00e9 sur l\u2019\u00e9cologie, en acc\u00e8s libre et sans publicit\u00e9, pour tous.<\/strong><\/p>\n<p>Nous avons la conviction que l\u2019urgence \u00e9cologique est l\u2019enjeu majeur de notre \u00e9poque.<br class=\"autobr\"\/><br \/>\n Et comme plus de 2 millions de lectrices et lecteurs chaque mois, vous partagez sans doute cette conviction&#8230;<\/p>\n<p>Alors si vous en avez les moyens, sachez qu\u2019un don, m\u00eame d\u20191\u20ac, est un acte de soutien fort pour l\u2019\u00e9cologie et le journalisme ind\u00e9pendant.<br class=\"autobr\"\/><br \/>\n (Et \u00e7a vous prendra moins de temps que la lecture de ce texte).<\/p>\n<p><strong>Si vous le pouvez, choisissez un soutien mensuel. Merci.<\/strong><\/p>\n<p><a target=\"_blank\" href=\"https:\/\/reporterre.net\/dons\" class=\"bt_soutenir\">Je soutiens <i>Reporterre<\/i><\/a><\/p>\n<\/p><\/div>\n<div class=\"encart encart_vert noprint montre_1023\">\n<div class=\"infolettre-form-container noprint\">\n<p>Abonnez-vous \u00e0 la lettre d\u2019info de Reporterre<\/p>\n<\/div><\/div>\n<\/aside>\n<aside class=\"boite_apresarticle encart_note\">\n<h4>Apr\u00e8s cet article<\/h4>\n<p>      <a target=\"_blank\" href=\"https:\/\/reporterre.net\/Que-lire-ce-mois-ci-Notre-selection-de-novembre\" class=\"lien_article\">\n      <picture class=\"vignette_gauche\"><source type=\"image\/webp\" srcset=\"https:\/\/reporterre.net\/https:\/\/reporterre.net\/local\/cache-gd2\/69\/76d0b6756f2a90423aa7cdecabc0e0.jpg@.webp?1732349174\"><img decoding=\"async\" src=\"https:\/\/reporterre.net\/local\/cache-gd2\/69\/76d0b6756f2a90423aa7cdecabc0e0.jpg?1732349173\" width=\"450\" height=\"300\" alt=\"\" class=\"marge12\" loading=\"lazy\"\/><br \/>\n<\/source><\/picture>\n<p class=\"libelle\">\n<p>      S\u00e9lection culturelle\n    <\/p>\n<p class=\"titre pol20\">Que lire ce mois-ci<small class=\"fine d-inline\">\u00a0<\/small>? Notre s\u00e9lection de novembre<small class=\"fine d-inline\">\u00a0<\/small>!<\/p>\n<p>      <\/a><br \/>\n    <\/aside>\n<aside class=\"boite_complement texte\">\n<p>      <!-- zone_forum --><br \/>\n          <\/aside>\n<aside class=\"boite_lireaussi noprint\">\n<div class=\"bloc\">\n<h3 class=\"h3_sousligne\">Sur le m\u00eame th\u00e8me<\/h3>\n<div class=\"divblock\" style=\"margin:0 auto;padding:0;\">\n<p>        <a target=\"_blank\" href=\"https:\/\/reporterre.net\/Le-mystere-de-la-beaute-activisme-en-SF-campagne-remembree-a-lire-et-a-voir-en-decembre\" class=\"lien_article article_12 marge_article_lireaussi\">\n          <picture class=\"vignette_gauche\"><source type=\"image\/webp\" srcset=\"https:\/\/reporterre.net\/https:\/\/reporterre.net\/local\/cache-gd2\/ce\/c6314060ea6fb16e8e569548c33bf8.jpg@.webp?1734100760\"><img decoding=\"async\" src=\"https:\/\/reporterre.net\/local\/cache-gd2\/ce\/c6314060ea6fb16e8e569548c33bf8.jpg?1734100760\" width=\"450\" height=\"300\" alt=\"\" class=\"marge12\" loading=\"lazy\"\/><br \/>\n<\/source><\/picture>\n<p class=\"libelle\">\n<p>      S\u00e9lection culturelle\n    <\/p>\n<p class=\"titre titre_lire_aussi pol20\">Le myst\u00e8re de la beaut\u00e9, activisme en <span class=\"caps\">SF<\/span>, campagne remembr\u00e9e&#8230; \u00e0 lire et \u00e0 voir en d\u00e9cembre<\/p>\n<p>        <\/a><br \/>\n        <a target=\"_blank\" href=\"https:\/\/reporterre.net\/Que-lire-ce-mois-ci-Notre-selection-de-novembre\" class=\"lien_article article_12 marge_article_lireaussi\">\n          <picture class=\"vignette_gauche\"><source type=\"image\/webp\" srcset=\"https:\/\/reporterre.net\/https:\/\/reporterre.net\/local\/cache-gd2\/69\/76d0b6756f2a90423aa7cdecabc0e0.jpg@.webp?1732349174\"><img decoding=\"async\" src=\"https:\/\/reporterre.net\/local\/cache-gd2\/69\/76d0b6756f2a90423aa7cdecabc0e0.jpg?1732349173\" width=\"450\" height=\"300\" alt=\"\" class=\"marge12\" loading=\"lazy\"\/><br \/>\n<\/source><\/picture>\n<p class=\"libelle\">\n<p>      S\u00e9lection culturelle\n    <\/p>\n<p class=\"titre titre_lire_aussi pol20\">Que lire ce mois-ci<small class=\"fine d-inline\">\u00a0<\/small>? Notre s\u00e9lection de novembre<small class=\"fine d-inline\">\u00a0<\/small>!<\/p>\n<p>        <\/a><br \/>\n        <a target=\"_blank\" href=\"https:\/\/reporterre.net\/Navigatrice-vie-de-chouette-et-speculum-Notre-selection-culturelle-de-l-automne\" class=\"lien_article article_12 marge_article_lireaussi\">\n          <picture class=\"vignette_gauche\"><source type=\"image\/webp\" srcset=\"https:\/\/reporterre.net\/local\/cache-gd2\/d6\/711c5c9a2a354d7d8a9568ab5e8a00.jpg@.webp?1730133557\"><img decoding=\"async\" src=\"https:\/\/reporterre.net\/local\/cache-gd2\/d6\/711c5c9a2a354d7d8a9568ab5e8a00.jpg?1730133557\" width=\"450\" height=\"300\" alt=\"\" class=\"marge12\" loading=\"lazy\"\/><br \/>\n<\/source><\/picture>\n<p class=\"libelle\">\n<p>      S\u00e9lection culturelle\n    <\/p>\n<p class=\"titre titre_lire_aussi pol20\">Notre s\u00e9lection culturelle de l\u2019automne\u00a0: navigatrice, vie de chouette et sp\u00e9culum<\/p>\n<p>        <\/a><br \/>\n        <a target=\"_blank\" href=\"https:\/\/reporterre.net\/Livres-films-et-expos-notre-selection-ecolo-du-printemps\" class=\"lien_article article_12 marge_article_lireaussi\">\n          <picture class=\"vignette_gauche\"><source type=\"image\/webp\" srcset=\"https:\/\/reporterre.net\/local\/cache-gd2\/8c\/bb906ede5a7a600180bca7efb2da93.jpg@.webp?1730133662\"><img decoding=\"async\" src=\"https:\/\/reporterre.net\/local\/cache-gd2\/8c\/bb906ede5a7a600180bca7efb2da93.jpg?1730133662\" width=\"450\" height=\"300\" alt=\"\" class=\"marge12\" loading=\"lazy\"\/><br \/>\n<\/source><\/picture>\n<p class=\"libelle\">\n<p>      S\u00e9lection culturelle\n    <\/p>\n<p class=\"titre titre_lire_aussi pol20\">Livres, films et expos\u00a0: notre s\u00e9lection \u00e9colo du printemps<\/p>\n<p>        <\/a><br \/>\n        <a target=\"_blank\" href=\"https:\/\/reporterre.net\/BD-romans-podcasts-Notre-selection-feministe-pour-le-8-mars\" class=\"lien_article article_12 marge_article_lireaussi\">\n          <picture class=\"vignette_gauche\"><source type=\"image\/webp\" srcset=\"https:\/\/reporterre.net\/local\/cache-gd2\/f4\/da214ce0c0fd8af7578735c3e2a526.jpg@.webp?1730134201\"><img decoding=\"async\" src=\"https:\/\/reporterre.net\/local\/cache-gd2\/f4\/da214ce0c0fd8af7578735c3e2a526.jpg?1730134200\" width=\"450\" height=\"300\" alt=\"\" class=\"marge12\" loading=\"lazy\"\/><br \/>\n<\/source><\/picture>\n<p class=\"libelle\">\n<p>      S\u00e9lection culturelle\n    <\/p>\n<p class=\"titre titre_lire_aussi pol20\"><span class=\"caps\">BD<\/span>, romans, podcasts&#8230; Notre s\u00e9lection f\u00e9ministe pour le 8\u00a0mars<\/p>\n<p>        <\/a><br \/>\n        <a target=\"_blank\" href=\"https:\/\/reporterre.net\/Ultrariches-vents-fous-femmes-en-greve-A-lire-cet-automne\" class=\"lien_article article_12 marge_article_lireaussi\">\n          <picture class=\"vignette_gauche\"><source type=\"image\/webp\" srcset=\"https:\/\/reporterre.net\/local\/cache-gd2\/fb\/e725542bb618790d9c41bfa54f90c9.jpg@.webp?1730134201\"><img decoding=\"async\" src=\"https:\/\/reporterre.net\/local\/cache-gd2\/fb\/e725542bb618790d9c41bfa54f90c9.jpg?1730134201\" width=\"450\" height=\"300\" alt=\"\" class=\"marge12\" loading=\"lazy\"\/><br \/>\n<\/source><\/picture>\n<p class=\"libelle\">\n<p>      S\u00e9lection culturelle\n    <\/p>\n<p class=\"titre titre_lire_aussi pol20\">Ultrariches, vents fous, femmes en gr\u00e8ve&#8230; \u00c0 lire cet automne<\/p>\n<p>        <\/a><br \/>\n        <a target=\"_blank\" href=\"https:\/\/reporterre.net\/Boulangerie-solaire-desertion-jardiner-sans-se-fatiguer-A-lire-ce-printemps\" class=\"lien_article article_12 marge_article_lireaussi\">\n          <picture class=\"vignette_gauche\"><source type=\"image\/webp\" srcset=\"https:\/\/reporterre.net\/local\/cache-gd2\/e3\/0a0973dd387bed5e0bc25b971eea50.jpg@.webp?1730134201\"><img decoding=\"async\" src=\"https:\/\/reporterre.net\/local\/cache-gd2\/e3\/0a0973dd387bed5e0bc25b971eea50.jpg?1730134201\" width=\"450\" height=\"300\" alt=\"\" class=\"marge12\" loading=\"lazy\"\/><br \/>\n<\/source><\/picture>\n<p class=\"libelle\">\n<p>      S\u00e9lection culturelle\n    <\/p>\n<p class=\"titre titre_lire_aussi pol20\">Boulangerie solaire, d\u00e9sertion, jardiner sans se fatiguer&#8230; \u00c0 lire ce printemps<\/p>\n<p>        <\/a><br \/>\n        <a target=\"_blank\" href=\"https:\/\/reporterre.net\/Punk-eco-hameau-Guillaume-Meurice-A-lire-a-voir-cet-hiver\" class=\"lien_article article_12 marge_article_lireaussi\">\n          <picture class=\"vignette_gauche\"><source type=\"image\/webp\" srcset=\"https:\/\/reporterre.net\/local\/cache-gd2\/5b\/7327f4f24d9c339499e4d3dea54497.jpg@.webp?1730134201\"><img decoding=\"async\" src=\"https:\/\/reporterre.net\/local\/cache-gd2\/5b\/7327f4f24d9c339499e4d3dea54497.jpg?1730134201\" width=\"450\" height=\"300\" alt=\"\" class=\"marge12\" loading=\"lazy\"\/><br \/>\n<\/source><\/picture>\n<p class=\"libelle\">\n<p>      S\u00e9lection culturelle\n    <\/p>\n<p class=\"titre titre_lire_aussi pol20\">Punk, \u00e9co-hameau, Guillaume Meurice&#8230; \u00c0 lire, \u00e0 voir cet hiver<\/p>\n<p>        <\/a>\n    <\/div>\n<\/p><\/div>\n<\/aside>\n<aside class=\"colonne\">\n<div class=\"article_info cache_1023 noprint\">\n<p>    <span class=\"date\">14 d\u00e9cembre 2024  \u00e0 08h45<\/span><\/p>\n<p>    <span class=\"date_modif\">Mis \u00e0 jour le 14 d\u00e9cembre 2024 \u00e0 12h30<\/span>      <\/p>\n<p class=\"duree_lecture\">\n        Dur\u00e9e de lecture : 11 minutes\n      <\/p>\n<\/p><\/div>\n<div class=\"bloc_infolettre\">\n<div class=\"infolettre-form-container noprint\">\n<p>Abonnez-vous \u00e0 la lettre d\u2019info de Reporterre<\/p>\n<\/div><\/div>\n<\/aside>\n<div id=\"galerie\">\n  <img decoding=\"async\" src=\"\" class=\"principale\" id=\"principale\"\/><\/p>\n<p id=\"legende\">legende<\/p>\n<\/div>\n<footer class=\"noprint\">\n<\/footer>\n<\/div>\n<p><br \/>\n<br \/><a href=\"https:\/\/reporterre.net\/Le-mystere-de-la-beaute-activisme-en-SF-campagne-remembree-a-lire-et-a-voir-en-decembre\" target=\"_blank\"\">Source link <\/a><\/p>\n","protected":false},"excerpt":{"rendered":"<p>LIVRES \u2022 La Beaut\u00e9 du vivant On connaissait le sp\u00e9cialiste de la for\u00eat tropicale, on d\u00e9couvre un dessinateur naturaliste hors pair\u00a0: le trait pr\u00e9cis et color\u00e9 de Francis Hall\u00e9 nous&hellip; <\/p>\n","protected":false},"author":1,"featured_media":2171,"comment_status":"open","ping_status":"open","sticky":false,"template":"","format":"standard","meta":{"footnotes":""},"categories":[1],"tags":[],"class_list":["post-2186","post","type-post","status-publish","format-standard","has-post-thumbnail","hentry","category-non-classe"],"_links":{"self":[{"href":"https:\/\/monde25.info\/index.php\/wp-json\/wp\/v2\/posts\/2186","targetHints":{"allow":["GET"]}}],"collection":[{"href":"https:\/\/monde25.info\/index.php\/wp-json\/wp\/v2\/posts"}],"about":[{"href":"https:\/\/monde25.info\/index.php\/wp-json\/wp\/v2\/types\/post"}],"author":[{"embeddable":true,"href":"https:\/\/monde25.info\/index.php\/wp-json\/wp\/v2\/users\/1"}],"replies":[{"embeddable":true,"href":"https:\/\/monde25.info\/index.php\/wp-json\/wp\/v2\/comments?post=2186"}],"version-history":[{"count":0,"href":"https:\/\/monde25.info\/index.php\/wp-json\/wp\/v2\/posts\/2186\/revisions"}],"wp:featuredmedia":[{"embeddable":true,"href":"https:\/\/monde25.info\/index.php\/wp-json\/wp\/v2\/media\/2171"}],"wp:attachment":[{"href":"https:\/\/monde25.info\/index.php\/wp-json\/wp\/v2\/media?parent=2186"}],"wp:term":[{"taxonomy":"category","embeddable":true,"href":"https:\/\/monde25.info\/index.php\/wp-json\/wp\/v2\/categories?post=2186"},{"taxonomy":"post_tag","embeddable":true,"href":"https:\/\/monde25.info\/index.php\/wp-json\/wp\/v2\/tags?post=2186"}],"curies":[{"name":"wp","href":"https:\/\/api.w.org\/{rel}","templated":true}]}}