{"id":21860,"date":"2026-01-04T00:38:36","date_gmt":"2026-01-03T23:38:36","guid":{"rendered":"https:\/\/monde25.info\/index.php\/2026\/01\/04\/bilan-nunez-du-nouvel-an-plus-de-1-000-vehicules-brules\/"},"modified":"2026-01-04T00:38:36","modified_gmt":"2026-01-03T23:38:36","slug":"bilan-nunez-du-nouvel-an-plus-de-1-000-vehicules-brules","status":"publish","type":"post","link":"https:\/\/monde25.info\/index.php\/2026\/01\/04\/bilan-nunez-du-nouvel-an-plus-de-1-000-vehicules-brules\/","title":{"rendered":"Bilan \u00ab\u00a0Nunez\u00a0\u00bb du Nouvel An : plus de 1 000 v\u00e9hicules br\u00fbl\u00e9s"},"content":{"rendered":"<p> <br \/>\n<\/p>\n<div>\n<p>Plus de 1\u00a0000\u00a0v\u00e9hicules ont \u00e9t\u00e9 incendi\u00e9s et plus de 500 personnes interpell\u00e9es en France lors de la nuit de la Saint-Sylvestre, marqu\u00e9e par ailleurs par des \u00ab\u00a0violences urbaines l\u00e9g\u00e8rement plus limit\u00e9es\u00a0\u00bb.<\/p>\n<p>Au total, quelque \u00ab\u00a0505 personnes ont \u00e9t\u00e9 interpell\u00e9es\u00a0\u00bb et \u00ab\u00a0403 plac\u00e9es en garde \u00e0 vue\u00a0\u00bb, d\u00e9taille le minist\u00e8re dans un communiqu\u00e9 qui \u00e9voque une nuit plus calme\u00a0\u00bb que l&rsquo;ann\u00e9e derni\u00e8re.<\/p>\n<p>L&rsquo;ann\u00e9e derni\u00e8re, dans toute la France, il y avait eu 420 interpellations et 310 gardes \u00e0 vue.<\/p>\n<p>Le nombre de v\u00e9hicules incendi\u00e9s est \u00e9galement en hausse avec 1\u00a0173\u00a0v\u00e9hicules en 2025 (984 en 2024), selon le minist\u00e8re.<\/p>\n<p>\u00ab\u00a0L&rsquo;ensemble des pr\u00e9fets de zone ont fait remonter une nuit moins agit\u00e9e dans les quartiers que l&rsquo;ann\u00e9e derni\u00e8re et des violences urbaines plus limit\u00e9es\u00a0\u00bb, assure cependant la place Beauvau, notant \u00ab\u00a0des prises \u00e0 partie des forces de l&rsquo;ordre moins importantes\u00a0\u00bb.<\/p>\n<p>Les policiers ont ainsi \u00e9t\u00e9 cibl\u00e9s par des tirs de mortiers d&rsquo;artifice dans diverses villes, notamment \u00e0 Nice, \u00e0 Lyon, \u00e0 Strasbourg ou \u00e0 Rennes, a appris l&rsquo;AFP de source polici\u00e8re.<\/p>\n<p>Environ 90\u00a0000\u00a0policiers et gendarmes, dont 10\u00a0000 pour Paris et la petite couronne, \u00e9taient mobilis\u00e9s lors des festivit\u00e9s du 31 d\u00e9cembre, soit le m\u00eame nombre qu&rsquo;en 2024.<\/p>\n<p>Dans la capitale, selon le parquet de Paris, 125 personnes, \u00e2g\u00e9es de 17 \u00e0 53 ans, ont \u00e9t\u00e9 plac\u00e9es en garde \u00e0 vue. Une seule femme figure parmi elles tandis que quinze sont mineures (dont au moins trois ne rel\u00e8vent pas du parquet de Paris en raison de leur commune de r\u00e9sidence).<\/p>\n<p>Soixante-quinze gardes \u00e0 vue ont \u00e9t\u00e9 prises avant minuit, tandis que les autres ont eu lieu essentiellement autour de 02H00 du matin.<\/p>\n<p>Parmi les 125 personnes en garde \u00e0 vue, 33 le sont pour violences volontaires, 15 pour participation \u00e0 groupement en vue de commettre des violences ou d\u00e9gradations, dix pour d\u00e9tention de produits psychotropes (notamment d\u00e9tention de bombonnes de protoxyde d&rsquo;azote) et huit pour usage de stup\u00e9fiants, a d\u00e9taill\u00e9 le parquet.<\/p>\n<p>Le ministre de l&rsquo;Int\u00e9rieur Laurent Nu\u00f1ez avait assur\u00e9 mercredi qu'\u00a0\u00bbaucun d\u00e9bordement\u00a0\u00bb ne serait tol\u00e9r\u00e9 pendant ce r\u00e9veillon, promettant des \u00ab\u00a0interpellations syst\u00e9matiques\u00a0\u00bb en cas de trouble.<\/p>\n<p>Mardi, dans une circulaire adress\u00e9e aux procureurs g\u00e9n\u00e9raux et aux procureurs de la R\u00e9publique, le ministre de la Justice G\u00e9rald Darmanin a r\u00e9clam\u00e9 pour sa part \u00ab\u00a0la plus grande fermet\u00e9\u00a0\u00bb, demandant aux parquets \u00ab\u00a0de requ\u00e9rir de la prison ferme\u00a0\u00bb en cas de violence contre les forces de l&rsquo;ordre ainsi que \u00ab\u00a0contre les femmes et les enfants\u00a0\u00bb.<\/p>\n<\/div>\n<p><script>(function(d, s, id) {  var js, fjs = d.getElementsByTagName(s)[0];  if (d.getElementById(id)) return;  js = d.createElement(s); js.id = id;  js.src = \"\/\/connect.facebook.net\/fr_FR\/sdk.js#xfbml=1&version=v2.3\";  fjs.parentNode.insertBefore(js, fjs);}(document, \"script\", \"facebook-jssdk\"));<\/script><br \/>\n<br \/><br \/>\n<br \/><a href=\"https:\/\/www.francesoir.fr\/societe-faits-divers\/bilan-nunez-du-nouvel-plus-de-1000-vehicules-brules\" target=\"_blank\"\">Source link <\/a><\/p>\n","protected":false},"excerpt":{"rendered":"<p>Plus de 1\u00a0000\u00a0v\u00e9hicules ont \u00e9t\u00e9 incendi\u00e9s et plus de 500 personnes interpell\u00e9es en France lors de la nuit de la Saint-Sylvestre, marqu\u00e9e par ailleurs par des \u00ab\u00a0violences urbaines l\u00e9g\u00e8rement plus&hellip; <\/p>\n","protected":false},"author":1,"featured_media":21861,"comment_status":"open","ping_status":"open","sticky":false,"template":"","format":"standard","meta":{"footnotes":""},"categories":[1],"tags":[],"class_list":["post-21860","post","type-post","status-publish","format-standard","has-post-thumbnail","hentry","category-non-classe"],"_links":{"self":[{"href":"https:\/\/monde25.info\/index.php\/wp-json\/wp\/v2\/posts\/21860","targetHints":{"allow":["GET"]}}],"collection":[{"href":"https:\/\/monde25.info\/index.php\/wp-json\/wp\/v2\/posts"}],"about":[{"href":"https:\/\/monde25.info\/index.php\/wp-json\/wp\/v2\/types\/post"}],"author":[{"embeddable":true,"href":"https:\/\/monde25.info\/index.php\/wp-json\/wp\/v2\/users\/1"}],"replies":[{"embeddable":true,"href":"https:\/\/monde25.info\/index.php\/wp-json\/wp\/v2\/comments?post=21860"}],"version-history":[{"count":0,"href":"https:\/\/monde25.info\/index.php\/wp-json\/wp\/v2\/posts\/21860\/revisions"}],"wp:featuredmedia":[{"embeddable":true,"href":"https:\/\/monde25.info\/index.php\/wp-json\/wp\/v2\/media\/21861"}],"wp:attachment":[{"href":"https:\/\/monde25.info\/index.php\/wp-json\/wp\/v2\/media?parent=21860"}],"wp:term":[{"taxonomy":"category","embeddable":true,"href":"https:\/\/monde25.info\/index.php\/wp-json\/wp\/v2\/categories?post=21860"},{"taxonomy":"post_tag","embeddable":true,"href":"https:\/\/monde25.info\/index.php\/wp-json\/wp\/v2\/tags?post=21860"}],"curies":[{"name":"wp","href":"https:\/\/api.w.org\/{rel}","templated":true}]}}