{"id":21862,"date":"2026-01-04T01:11:42","date_gmt":"2026-01-04T00:11:42","guid":{"rendered":"https:\/\/monde25.info\/index.php\/2026\/01\/04\/prive-de-vehicule-avec-chauffeur-un-ancien-ministre-francais-doit-reapprendre-a-marcher-rt-en-francais\/"},"modified":"2026-01-04T01:11:42","modified_gmt":"2026-01-04T00:11:42","slug":"prive-de-vehicule-avec-chauffeur-un-ancien-ministre-francais-doit-reapprendre-a-marcher-rt-en-francais","status":"publish","type":"post","link":"https:\/\/monde25.info\/index.php\/2026\/01\/04\/prive-de-vehicule-avec-chauffeur-un-ancien-ministre-francais-doit-reapprendre-a-marcher-rt-en-francais\/","title":{"rendered":"priv\u00e9 de v\u00e9hicule avec chauffeur, un ancien ministre fran\u00e7ais doit \u00abr\u00e9apprendre \u00e0 marcher\u00bb \u2014 RT en fran\u00e7ais"},"content":{"rendered":"<p> <br \/>\n<br \/><img decoding=\"async\" src=\"https:\/\/mf.b37mrtl.ru\/french\/images\/2026.01\/thumbnail\/6959498087f3ec433c205d48.jpg\" \/><\/p>\n<div>\n<p class=\"text__summary\">\n                                        L\u2019ancien ministre fran\u00e7ais de l\u2019Int\u00e9rieur Daniel Vaillant a suscit\u00e9 une vague de moqueries sur les r\u00e9seaux sociaux apr\u00e8s ses propos sur la fin de ses privil\u00e8ges \u00e0 76 ans, \u00abpas en bonne sant\u00e9\u00bb et sans avoir conduit lui-m\u00eame depuis 25 ans.\n                                    <\/p>\n<p>De l\u2019indignation \u00e0 la moquerie, les r\u00e9actions ont fus\u00e9 sur les r\u00e9seaux sociaux apr\u00e8s les d\u00e9clarations de l&rsquo;ancien ministre de l&rsquo;Int\u00e9rieur (2000-2002) sous Lionel Jospin, Daniel Vaillant, au micro de RTL le 31 d\u00e9cembre. En affirmant vouloir \u00e9viter la pol\u00e9mique sur la fin des \u00ab\u00a0avantages \u00e0 vie\u00a0\u00bb, il a finalement fini par la susciter\u00a0lors d&rsquo;une interview o\u00f9 il a \u00e9voqu\u00e9 le fait qu\u2019il ne disposait d\u00e9sormais plus de protection polici\u00e8re, de v\u00e9hicule avec chauffeur ou de secr\u00e9tariat.<\/p>\n<p>L\u2019ancien locataire de la place Beauvau a fait part de ses efforts d&rsquo;adaptation \u00e0 un moment o\u00f9 il n\u2019a plus le privil\u00e8ge d\u2019une voiture avec chauffeur, lui qui affirme ne pas avoir conduit depuis son d\u00e9part du minist\u00e8re de l\u2019Int\u00e9rieur il y a 25 ans. \u00ab\u00a0J\u2019ai 76 ans, je ne suis pas hyper vieux, mais je ne suis pas en bonne sant\u00e9. Bon, ma femme, pour \u00eatre tr\u00e8s clair, me dit : \u00ab\u00a0Je ne veux pas que tu reconduises\u00a0\u00bb. Ah bah oui, mais alors comment je fais, moi ?\u00a0\u00bb, s\u2019est-il interrog\u00e9.<\/p>\n<h2>Les r\u00e9seaux sociaux s\u2019emballent<\/h2>\n<p>Les d\u00e9clarations de Daniel Vaillant ont provoqu\u00e9 les moqueries des internautes sur les r\u00e9seaux sociaux. Ils ont propos\u00e9, chacun \u00e0 sa mani\u00e8re, des conseils ironiques \u00e0 l\u2019adresse de l\u2019ancien ministre. Les commentaires les moins virulents lui conseillaient d&rsquo;utiliser les transports publics, le v\u00e9lo, voire une \u00ab\u00a0trottinette \u00e9lectrique\u00a0\u00bb. Sur X, un internaute a \u00e9crit\u00a0: \u00ab\u00a0Blablacar, le bus, le train, le v\u00e9lo, du stop, la marche, Uber, un taxi, un ami sympa, tes jambes. De rien. \u00bb D\u2019autres, plus indign\u00e9s,\u00a0ont remerci\u00e9 le Premier ministre, S\u00e9bastien Lecornu, d\u2019avoir mis fin \u00e0 cette \u00ab\u00a0gabegie\u00a0\u00bb, rapporte <em>Le Figaro.<\/em><\/p>\n<h2>En bon socialiste,\u00a0Vaillant accepte la fin des privil\u00e8ges&#8230; sauf si c\u2019est un\u00a0\u00ab\u00a0choix politique\u00a0\u00bb<\/h2>\n<p>Affirmant qu\u2019il n\u2019avait \u00ab\u00a0jamais \u00e9t\u00e9 pour les privil\u00e8ges\u00a0\u00bb, Daniel Vaillant a ajout\u00e9\u00a0: \u00ab\u00a0Je suis socialiste, je le reste.\u00a0\u00bb\u00a0Il a cependant exprim\u00e9 ses doutes sur la mani\u00e8re dont la d\u00e9cision du gouvernement avait \u00e9t\u00e9 prise. \u00ab\u00a0Si c\u2019est pour tout le monde pareil, je n\u2019ai rien \u00e0 dire. Si c\u2019est un choix politique, l\u00e0, \u00e7a pourrait poser un petit probl\u00e8me\u00a0\u00bb, a-t-il pr\u00e9venu.<\/p>\n<p>Pour rappel, S\u00e9bastien Lecornu\u00a0a justifi\u00e9 la d\u00e9cision de la fin des privil\u00e8ges \u00e0 vie des ministres devant la presse par le fait qu\u2019\u00ab\u00a0on ne peut pas demander aux Fran\u00e7ais des efforts si ceux qui sont \u00e0 la t\u00eate de l\u2019\u00c9tat n\u2019en font pas\u00a0\u00bb. Mais pour certains d&rsquo;entre eux, les dispositifs s\u00e9curitaires seront maintenus, \u00e0 l\u2019instar des anciens Premiers ministres Manuel Valls et Bernard Cazeneuve.<\/p>\n<\/div>\n<p><br \/>\n<br \/><a href=\"https:\/\/francais.rt.com\/france\/129035-changement-vie-prive-vehicule-avec-chauffeur-un-ancien-ministre-fran%C3%A7ais-doit-reapprendre-a-marcher\" target=\"_blank\"\">Source link <\/a><\/p>\n","protected":false},"excerpt":{"rendered":"<p>L\u2019ancien ministre fran\u00e7ais de l\u2019Int\u00e9rieur Daniel Vaillant a suscit\u00e9 une vague de moqueries sur les r\u00e9seaux sociaux apr\u00e8s ses propos sur la fin de ses privil\u00e8ges \u00e0 76 ans, \u00abpas&hellip; <\/p>\n","protected":false},"author":1,"featured_media":21863,"comment_status":"open","ping_status":"open","sticky":false,"template":"","format":"standard","meta":{"footnotes":""},"categories":[1],"tags":[],"class_list":["post-21862","post","type-post","status-publish","format-standard","has-post-thumbnail","hentry","category-non-classe"],"_links":{"self":[{"href":"https:\/\/monde25.info\/index.php\/wp-json\/wp\/v2\/posts\/21862","targetHints":{"allow":["GET"]}}],"collection":[{"href":"https:\/\/monde25.info\/index.php\/wp-json\/wp\/v2\/posts"}],"about":[{"href":"https:\/\/monde25.info\/index.php\/wp-json\/wp\/v2\/types\/post"}],"author":[{"embeddable":true,"href":"https:\/\/monde25.info\/index.php\/wp-json\/wp\/v2\/users\/1"}],"replies":[{"embeddable":true,"href":"https:\/\/monde25.info\/index.php\/wp-json\/wp\/v2\/comments?post=21862"}],"version-history":[{"count":0,"href":"https:\/\/monde25.info\/index.php\/wp-json\/wp\/v2\/posts\/21862\/revisions"}],"wp:featuredmedia":[{"embeddable":true,"href":"https:\/\/monde25.info\/index.php\/wp-json\/wp\/v2\/media\/21863"}],"wp:attachment":[{"href":"https:\/\/monde25.info\/index.php\/wp-json\/wp\/v2\/media?parent=21862"}],"wp:term":[{"taxonomy":"category","embeddable":true,"href":"https:\/\/monde25.info\/index.php\/wp-json\/wp\/v2\/categories?post=21862"},{"taxonomy":"post_tag","embeddable":true,"href":"https:\/\/monde25.info\/index.php\/wp-json\/wp\/v2\/tags?post=21862"}],"curies":[{"name":"wp","href":"https:\/\/api.w.org\/{rel}","templated":true}]}}