{"id":21866,"date":"2026-01-04T04:29:34","date_gmt":"2026-01-04T03:29:34","guid":{"rendered":"https:\/\/monde25.info\/index.php\/2026\/01\/04\/au-marche-de-bergerac-les-clients-choisissent-le-prix-de-leurs-legumes\/"},"modified":"2026-01-04T04:29:34","modified_gmt":"2026-01-04T03:29:34","slug":"au-marche-de-bergerac-les-clients-choisissent-le-prix-de-leurs-legumes","status":"publish","type":"post","link":"https:\/\/monde25.info\/index.php\/2026\/01\/04\/au-marche-de-bergerac-les-clients-choisissent-le-prix-de-leurs-legumes\/","title":{"rendered":"Au march\u00e9 de Bergerac, les clients choisissent le prix de leurs l\u00e9gumes"},"content":{"rendered":"<p> <br \/>\n<br \/><img loading=\"lazy\" decoding=\"async\" src=\"https:\/\/reporterre.net\/local\/cache-vignettes\/L700xH467\/p1150992_1_-b87b8.jpg?1767337201\" class=\"spip_logo\" width=\"700\" height=\"467\" alt=\"\" \/><\/p>\n<p>Un quartier populaire de Bergerac exp\u00e9rimente un march\u00e9 \u00ab<small class=\"fine d-inline\">\u00a0<\/small>aux trois prix<small class=\"fine d-inline\">\u00a0<\/small>\u00bb. Le projet rend plus accessible une alimentation locale de qualit\u00e9 en r\u00e9mun\u00e9rant correctement les producteurs, mais son mod\u00e8le \u00e9conomique est fragile. <br class=\"autobr\" \/><br \/>\nBergerac (Dordogne), reportage <br class=\"autobr\" \/><br \/>\n\u00ab<small class=\"fine d-inline\">\u00a0<\/small>J&rsquo;ai mes l\u00e9gumes verts pour la semaine, du pain, un morceau de fromage aussi.<small class=\"fine d-inline\">\u00a0<\/small>\u00bb Myriam, 58\u00a0ans, fait l&rsquo;inventaire de ses courses, attabl\u00e9e au centre du march\u00e9\u00a0: du chou kale, des \u00e9pinards, quelques oignons nouveaux. Chaque jeudi,\u00a0(\u2026)<\/p>\n<p>                    <a target=\"_blank\" href=\"https:\/\/reporterre.net\/Dans-ce-marche-les-clients-choisissent-leur-prix?utm_source=RSS&amp;utm_medium=RSS\">Lire la suite<\/a><\/p>\n<p>                    &#8211;<br \/>\n                        <a target=\"_blank\" href=\"https:\/\/reporterre.net\/Reportage\" rel=\"directory\">Reportage<\/a><\/p>\n<p>                    \/<br \/>\n                        <a target=\"_blank\" href=\"https:\/\/reporterre.net\/Alimentation\" rel=\"tag\">Alimentation<\/a><br \/>\n                    ,<br \/>\n                        <a target=\"_blank\" href=\"https:\/\/reporterre.net\/Alternatives\" rel=\"tag\">Alternatives<\/a><br \/>\n<br \/><br \/>\n<br \/><a href=\"https:\/\/reporterre.net\/Dans-ce-marche-les-clients-choisissent-leur-prix\" target=\"_blank\"\">Source link <\/a><\/p>\n","protected":false},"excerpt":{"rendered":"<p>Un quartier populaire de Bergerac exp\u00e9rimente un march\u00e9 \u00ab\u00a0aux trois prix\u00a0\u00bb. Le projet rend plus accessible une alimentation locale de qualit\u00e9 en r\u00e9mun\u00e9rant correctement les producteurs, mais son mod\u00e8le \u00e9conomique&hellip; <\/p>\n","protected":false},"author":1,"featured_media":0,"comment_status":"open","ping_status":"open","sticky":false,"template":"","format":"standard","meta":{"footnotes":""},"categories":[1],"tags":[],"class_list":["post-21866","post","type-post","status-publish","format-standard","hentry","category-non-classe"],"_links":{"self":[{"href":"https:\/\/monde25.info\/index.php\/wp-json\/wp\/v2\/posts\/21866","targetHints":{"allow":["GET"]}}],"collection":[{"href":"https:\/\/monde25.info\/index.php\/wp-json\/wp\/v2\/posts"}],"about":[{"href":"https:\/\/monde25.info\/index.php\/wp-json\/wp\/v2\/types\/post"}],"author":[{"embeddable":true,"href":"https:\/\/monde25.info\/index.php\/wp-json\/wp\/v2\/users\/1"}],"replies":[{"embeddable":true,"href":"https:\/\/monde25.info\/index.php\/wp-json\/wp\/v2\/comments?post=21866"}],"version-history":[{"count":0,"href":"https:\/\/monde25.info\/index.php\/wp-json\/wp\/v2\/posts\/21866\/revisions"}],"wp:attachment":[{"href":"https:\/\/monde25.info\/index.php\/wp-json\/wp\/v2\/media?parent=21866"}],"wp:term":[{"taxonomy":"category","embeddable":true,"href":"https:\/\/monde25.info\/index.php\/wp-json\/wp\/v2\/categories?post=21866"},{"taxonomy":"post_tag","embeddable":true,"href":"https:\/\/monde25.info\/index.php\/wp-json\/wp\/v2\/tags?post=21866"}],"curies":[{"name":"wp","href":"https:\/\/api.w.org\/{rel}","templated":true}]}}