{"id":2187,"date":"2024-12-14T17:52:42","date_gmt":"2024-12-14T16:52:42","guid":{"rendered":"https:\/\/monde25.info\/index.php\/2024\/12\/14\/la-syrie-un-foyer-de-tensions-et-un-defi-pour-la-stabilite-regionale\/"},"modified":"2024-12-14T17:52:42","modified_gmt":"2024-12-14T16:52:42","slug":"la-syrie-un-foyer-de-tensions-et-un-defi-pour-la-stabilite-regionale","status":"publish","type":"post","link":"https:\/\/monde25.info\/index.php\/2024\/12\/14\/la-syrie-un-foyer-de-tensions-et-un-defi-pour-la-stabilite-regionale\/","title":{"rendered":"La Syrie, un foyer de tensions et un d\u00e9fi pour la stabilit\u00e9 r\u00e9gionale"},"content":{"rendered":"<p> <br \/>\n<\/p>\n<div>\n<ol class=\"campaign-loop campaign-list\">\n<li id=\"campaign-433393\" class=\"post-433393 campaign type-campaign status-publish hentry campaign-has-goal campaign-has-not-achieved-goal campaign-has-end-date campaign-has-not-ended\">\n\t<a target=\"_blank\" href=\"https:\/\/reseauinternational.net\/campaigns\/campagne-de-dons-decembre-2024\/\"><\/p>\n<h3>Campagne de dons D\u00e9cembre 2024<\/h3>\n<p>\t\t\t<\/a><\/p>\n<p>\n\tChers amis lecteurs, R\u00e9seau International a de nouveau besoin de vous. Gr\u00e2ce \u00e0 vous, nous avons pu nous doter d\u2019un serveur plus s\u00e9curis\u00e9, avec des capacit\u00e9s bien plus aptes \u00e0 g\u00e9rer la tr\u00e8s grosse taille des donn\u00e9es du site et son important trafic. C\u2019est gr\u00e2ce \u00e0 vos dons que nous pouvons garder notre ind\u00e9pendance et\u00a0 vous fournir le meilleur de l\u2019information internationale alternative. Votre soutien nous est indispensable; nous comptons sur vous.<\/p>\n<p>\n<span class=\"amount\">3 920,00\u00a0\u20ac<\/span> de l\u2019objectif de <span class=\"goal-amount\">25 000,00\u00a0\u20ac<\/span> atteint<\/p>\n<\/li>\n<\/ol>\n<p>par <strong>Mohamed Lamine Kaba<\/strong><\/p>\n<p><strong>La volont\u00e9 d\u2019obtenir la d\u00e9faite de la Russie dans le conflit ukrainien a incit\u00e9 les \u00c9tats-Unis, l\u2019OTAN et l\u2019Occident collectif \u00e0 d\u00e9ployer les outils de la terreur \u00e0 l\u2019\u00e9chelle mondiale, ce qui a conduit \u00e0 la chute de Bachar al-Assad en Syrie<\/strong> <strong>le 8 d\u00e9cembre 2024, \u00e0 la suite d\u2019un conflit d\u00e9cennal et multidimensionnel.<\/strong><\/p>\n<p>Depuis leurs salons feutr\u00e9s, les dirigeants occidentaux contemplent avec une certaine distance les ruines de la Syrie. Un spectacle qui, semble-t-il, les amuse autant qu\u2019il les intrigue. Car, apr\u00e8s tout, n\u2019est-ce pas l\u00e0 le r\u00e9sultat logique de leurs interventions bienveillantes ?<\/p>\n<p>Ce conflit complexe, loin de se limiter \u00e0 un simple enjeu local, s\u2019est mu\u00e9 en un v\u00e9ritable laboratoire du terrorisme international. L\u2019\u00c9tat islamique a su tirer parti des faiblesses du pouvoir central et des divisions internes pour s\u2019\u00e9tendre. Les r\u00e9percussions d\u00e9passent largement les fronti\u00e8res syriennes : flux massif de r\u00e9fugi\u00e9s, d\u00e9stabilisation r\u00e9gionale, prolif\u00e9ration des armes et mont\u00e9e en puissance des r\u00e9seaux terroristes. La r\u00e9cente <a target=\"_blank\" href=\"https:\/\/www.tunisiefocus.com\/politique\/lavrov-assure-que-la-russie-continuera-a-soutenir-larmee-syrienne-dans-sa-lutte-contre-les-terroristes-304109\/\" target=\"_blank\" rel=\"noopener\" title=\"\">d\u00e9claration<\/a> de Lavrov \u00e0 Doha met en lumi\u00e8re l\u2019urgence d\u2019une solution politique n\u00e9goci\u00e9e pour freiner ce cycle de violence et pr\u00e9venir de futures escalades. La Syrie est d\u00e9sormais un sanctuaire pour des groupes terroristes aux ambitions mondiales, qui exploitent le chaos pour recruter, planifier des attaques et diffuser leur id\u00e9ologie. Empir\u00e9e par la chute de Bachar, la menace terroriste appelle une coop\u00e9ration internationale intensifi\u00e9e pour d\u00e9samorcer les r\u00e9seaux extr\u00e9mistes. En parall\u00e8le, la guerre red\u00e9fini les \u00e9quilibres g\u00e9opolitiques r\u00e9gionaux, compliqu\u00e9s par les interventions \u00e9trang\u00e8res, notamment des \u00c9tats-Unis et de l\u2019OTAN. La reconstruction du pays, un d\u00e9fi colossal, exigera des investissements cons\u00e9quents et une \u00e9troite coordination internationale. Bien que le dialogue entre grandes puissances semble s\u2019ouvrir, les int\u00e9r\u00eats divergents et la m\u00e9fiance persistent. C\u2019est pourquoi, lors de la 22\u00e8me session du <a target=\"_blank\" href=\"https:\/\/francais.news-pravda.com\/russia\/2024\/12\/07\/303190.html\" target=\"_blank\" rel=\"noopener\" title=\"\">Forum<\/a> de Doha le 7 d\u00e9cembre 2024, le ministre des Affaires \u00e9trang\u00e8res de la f\u00e9d\u00e9ration de Russie, Lavrov a fermement soulign\u00e9 l\u2019importance de pr\u00e9server la souverainet\u00e9, l\u2019int\u00e9grit\u00e9 territoriale et l\u2019unit\u00e9 de la Syrie, conform\u00e9ment \u00e0 la r\u00e9solution 2254 du Conseil de s\u00e9curit\u00e9 de l\u2019ONU. Il a condamn\u00e9 vigoureusement toute tentative des groupes terroristes, tels qu\u2019Hayat Tahrir al-Cham, de d\u00e9stabiliser le pays. Lavrov a \u00e9galement insist\u00e9 sur l\u2019inadmissibilit\u00e9 d\u2019utiliser ces groupes \u00e0 des fins g\u00e9opolitiques, notamment \u00e0 partir de la zone de d\u00e9sescalade d\u2019Idlib. Son engagement est clair : emp\u00eacher \u00e0 tout prix ces \u00e9l\u00e9ments de triompher, ind\u00e9pendamment de leurs d\u00e9clarations de renonciation au terrorisme.<\/p>\n<h5 class=\"wp-block-heading\"><strong>Un conflit complexe aux r\u00e9percussions durables<\/strong><\/h5>\n<p>La guerre en Syrie, loin d\u2019\u00eatre un simple conflit local, est devenue un maelstr\u00f6m o\u00f9 s\u2019entrecroisent les int\u00e9r\u00eats des puissances r\u00e9gionales et internationales, les aspirations de nombreux groupes arm\u00e9s, et les souffrances d\u2019une population civile prise en otage. Ce conflit multifacette a transform\u00e9 le paysage politique, social et g\u00e9ographique du pays, laissant des cicatrices profondes. <a target=\"_blank\" href=\"https:\/\/www.rfi.fr\/fr\/podcasts\/g%C3%A9opolitique\/20241208-cons%C3%A9quences-internes-et-g%C3%A9opolitiques-de-la-chute-de-bachar-al-assad-en-syrie\" target=\"_blank\" rel=\"noopener\" title=\"\">La chute de Bachar<\/a>, sponsoris\u00e9e par l\u2019Occident en complicit\u00e9 avec certains pays de la r\u00e9gion, a fait de la Syrie un v\u00e9ritable laboratoire du terrorisme, favorisant la prolif\u00e9ration de groupes extr\u00e9mistes comme l\u2019\u00c9tat islamique (interdit en Russie). Les r\u00e9percussions d\u00e9passent les fronti\u00e8res syriennes, mena\u00e7ant de d\u00e9stabiliser les r\u00e9gions voisines et r\u00e9arrangeant la g\u00e9opolitique mondiale. Dans ce contexte, l\u2019appel \u00e0 la raison de Lavrov \u00e0 Doha souligne l\u2019urgence d\u2019une solution politique globale. Ayant donc entrain\u00e9 la chute de Bachar, la guerre en Syrie devient de plus en plus une crise syst\u00e9mique aux implications profondes, n\u00e9cessitant une action urgente pour att\u00e9nuer les souffrances et pr\u00e9venir une escalade.<\/p>\n<h5 class=\"wp-block-heading\"><strong>La menace terroriste, un d\u00e9fi transfrontalier<\/strong><\/h5>\n<p>Facteur du retour de l\u2019\u00e9tat de guerre sur la sc\u00e8ne mondiale, la menace terroriste en Syrie repr\u00e9sente un d\u00e9fi transfrontalier d\u2019une complexit\u00e9 croissante, transformant le pays en un terreau fertile pour le radicalisme et en une \u00e9cole du terrorisme. Profitant du chaos g\u00e9n\u00e9r\u00e9 par la chute de Bachar al-Assad, les groupes terroristes exploitent le vide s\u00e9curitaire pour endoctriner et former une nouvelle g\u00e9n\u00e9ration de combattants. Leurs ambitions d\u00e9passent les fronti\u00e8res syriennes, mena\u00e7ant la r\u00e9gion enti\u00e8re et au-del\u00e0 gr\u00e2ce \u00e0 des r\u00e9seaux sophistiqu\u00e9s pour l\u2019approvisionnement en armes et la coordination d\u2019attentats spectaculaires. Face \u00e0 cette menace multiforme, la communaut\u00e9 internationale est confront\u00e9e \u00e0 un d\u00e9fi requ\u00e9rant une r\u00e9ponse globale et une coop\u00e9ration internationale exemplaire, malgr\u00e9 les divergences politiques. Il est crucial d\u2019adresser les liens entre terrorisme et <a target=\"_blank\" href=\"https:\/\/www.rtl.be\/actu\/monde\/international\/conflit-au-moyen-orient-la-chute-de-bachar-al-assad-est-elle-aussi-une-victoire\/2024-12-09\/article\/731271\" target=\"_blank\" rel=\"noopener\" title=\"\">criminalit\u00e9 transnationale<\/a>, de consid\u00e9rer l\u2019impact d\u00e9vastateur sur les populations civiles syriennes, et d\u2019analyser le r\u00f4le des nouvelles technologies dans la diffusion de l\u2019id\u00e9ologie extr\u00e9miste. Car, la lutte antiterroriste n\u00e9cessite une d\u00e9termination sans faille et une approche critique pour enrayer cette menace \u00e0 la s\u00e9curit\u00e9 internationale, comme le d\u00e9clare Lavrov lors de la r\u00e9union de Doha.<\/p>\n<h5 class=\"wp-block-heading\"><strong>Les enjeux g\u00e9opolitiques et les d\u00e9fis de la reconstruction<\/strong><\/h5>\n<p>Aujourd\u2019hui, les enjeux g\u00e9opolitiques et les d\u00e9fis de la reconstruction en Syrie sont au c\u0153ur de l\u2019\u00e9chiquier international. Apr\u00e8s des ann\u00e9es de conflit, la Syrie s\u2019ouvre comme un vaste chantier o\u00f9 la complexit\u00e9 technique et financi\u00e8re se m\u00eale \u00e0 un jeu strat\u00e9gique d\u2019influences, particuli\u00e8rement marqu\u00e9 par l\u2019implication constante de la Russie aux c\u00f4t\u00e9s du gouvernement syrien, et le soutien antinomique des \u00c9tats-Unis et ses alli\u00e9s aux groupes terroristes. La reconstruction repr\u00e9sente donc une opportunit\u00e9 \u00e9conomique colossale, estim\u00e9e \u00e0 plusieurs centaines de milliards de dollars, attirant les regards des voisins proches (dont certains ont d\u00e9j\u00e0 lanc\u00e9 des man\u0153uvres dilatoires) et des puissances occidentales d\u00e9sireuses de relancer leurs \u00e9conomies et de renforcer leurs relations commerciales. Cette entreprise ne peut toutefois r\u00e9ussir sans une strat\u00e9gie de financement transparente et \u00e9quitable. Politiquement, les diverses visions du futur syrien alimentent des enjeux complexes, chaque acteur ext\u00e9rieur cherchant \u00e0 imposer son mod\u00e8le et \u00e0 d\u00e9fendre ses int\u00e9r\u00eats, dans un contexte de r\u00e9conciliation nationale difficile et de tissu social d\u00e9chir\u00e9. Enfin, sur le plan humanitaire, le r\u00e9tablissement des services essentiels et la cr\u00e9ation d\u2019emplois restent des priorit\u00e9s pour redonner espoir \u00e0 une population durement \u00e9prouv\u00e9e, tout en abordant des d\u00e9fis cruciaux tels que le d\u00e9minage et la pr\u00e9servation de l\u2019environnement syrien. C\u2019est pourquoi, la reconstruction de la Syrie apr\u00e8s la <a target=\"_blank\" href=\"https:\/\/www.lefigaro.fr\/international\/syrie-la-chute-de-bachar-el-assad-un-bouleversement-majeur-au-moyen-orient-20241208?msockid=357090bfa286699b1c148491a30568ef\" target=\"_blank\" rel=\"noopener\" title=\"\">chute<\/a> de Bachar requiert une approche globale et coordonn\u00e9e, mettant en exergue la n\u00e9cessit\u00e9 de coop\u00e9ration internationale pour r\u00e9ussir ce processus long et ardu vers la paix et la stabilit\u00e9, comme le souligne bien Lavrov \u00e0 la r\u00e9union de Doha. La Syrie, un pays en suspens.<\/p>\n<p>De ce qui pr\u00e9c\u00e8de, nous pouvons d\u00e9duire que les dirigeants occidentaux, prompts \u00e0 d\u00e9noncer les violations des droits de l\u2019homme, se montrent bien plus discrets lorsqu\u2019il s\u2019agit de leurs propres responsabilit\u00e9s dans le conflit syrien. Une double morale qui laisse un go\u00fbt amer.<\/p>\n<p>On peut dire que les sables de Syrie abritent bien plus que des ruines. Ils sont devenus le terreau fertile d\u2019un terrorisme tentaculaire, mena\u00e7ant la stabilit\u00e9 r\u00e9gionale et internationale. Un triste spectacle qui en dit long sur les valeurs de notre monde.<\/p>\n<p>source\u00a0: <a target=\"_blank\" href=\"https:\/\/journal-neo.su\/fr\/2024\/12\/13\/la-syrie-un-foyer-de-tensions-et-un-defi-pour-la-stabilite-regionale\/\" target=\"_blank\" rel=\"noopener\" title=\"\">New Eastern Outlook<\/a><\/p>\n<div class=\"sharedaddy sd-block sd-like jetpack-likes-widget-wrapper jetpack-likes-widget-unloaded\" id=\"like-post-wrapper-237719536-435110-675daa773b113\" data-src=\"https:\/\/widgets.wp.com\/likes\/?ver=14.1#blog_id=237719536&amp;post_id=435110&amp;origin=reseauinternational.net&amp;obj_id=237719536-435110-675daa773b113&amp;n=1\" data-name=\"like-post-frame-237719536-435110-675daa773b113\" data-title=\"Aimer ou rebloguer\">\n<h3 class=\"sd-title\">J\u2019aime \u00e7a\u00a0:<\/h3>\n<p><span class=\"button\"><span>J\u2019aime<\/span><\/span> <span class=\"loading\">chargement\u2026<\/span><\/p>\n<p><span class=\"sd-text-color\"\/><a target=\"_blank\" class=\"sd-link-color\"\/><\/div>\n<p><meta itemscope=\"\" itemprop=\"mainEntityOfPage\" itemtype=\"https:\/\/schema.org\/WebPage\" itemid=\"https:\/\/reseauinternational.net\/la-syrie-un-foyer-de-tensions-et-un-defi-pour-la-stabilite-regionale\/\"\/><meta itemprop=\"headline\" content=\"La Syrie, un foyer de tensions et un d\u00e9fi pour la stabilit\u00e9 r\u00e9gionale\"\/><span style=\"display: none;\" itemprop=\"author\" itemscope=\"\" itemtype=\"https:\/\/schema.org\/Person\"><meta itemprop=\"name\" content=\"R\u00e9seau International\"\/><\/span><span style=\"display: none;\" itemprop=\"image\" itemscope=\"\" itemtype=\"https:\/\/schema.org\/ImageObject\"><meta itemprop=\"url\" content=\"https:\/\/i0.wp.com\/reseauinternational.net\/wp-content\/uploads\/2024\/12\/Sans-titre-17-8.png?fit=800%2C467&amp;quality=100&amp;ssl=1\"\/><meta itemprop=\"width\" content=\"800\"\/><meta itemprop=\"height\" content=\"467\"\/><\/span><span style=\"display: none;\" itemprop=\"publisher\" itemscope=\"\" itemtype=\"https:\/\/schema.org\/Organization\"><span style=\"display: none;\" itemprop=\"logo\" itemscope=\"\" itemtype=\"https:\/\/schema.org\/ImageObject\"><meta itemprop=\"url\" content=\"https:\/\/reseauinternational.net\/wp-content\/uploads\/2022\/06\/Capture-de\u0301cran-2022-06-14-a\u0300-16.51.07.png\"\/><\/span><meta itemprop=\"name\" content=\"R\u00e9seau International\"\/><\/span><meta itemprop=\"datePublished\" content=\"2024-12-14T06:40:27+00:00\"\/><meta itemprop=\"dateModified\" content=\"2024-12-14T11:28:21+00:00\"\/><\/div>\n<p><br \/>\n<br \/><a href=\"https:\/\/reseauinternational.net\/la-syrie-un-foyer-de-tensions-et-un-defi-pour-la-stabilite-regionale\/\" target=\"_blank\"\">Source link <\/a><\/p>\n","protected":false},"excerpt":{"rendered":"<p>Campagne de dons D\u00e9cembre 2024 Chers amis lecteurs, R\u00e9seau International a de nouveau besoin de vous. Gr\u00e2ce \u00e0 vous, nous avons pu nous doter d\u2019un serveur plus s\u00e9curis\u00e9, avec des&hellip; <\/p>\n","protected":false},"author":1,"featured_media":2188,"comment_status":"open","ping_status":"open","sticky":false,"template":"","format":"standard","meta":{"footnotes":""},"categories":[1],"tags":[],"class_list":["post-2187","post","type-post","status-publish","format-standard","has-post-thumbnail","hentry","category-non-classe"],"_links":{"self":[{"href":"https:\/\/monde25.info\/index.php\/wp-json\/wp\/v2\/posts\/2187","targetHints":{"allow":["GET"]}}],"collection":[{"href":"https:\/\/monde25.info\/index.php\/wp-json\/wp\/v2\/posts"}],"about":[{"href":"https:\/\/monde25.info\/index.php\/wp-json\/wp\/v2\/types\/post"}],"author":[{"embeddable":true,"href":"https:\/\/monde25.info\/index.php\/wp-json\/wp\/v2\/users\/1"}],"replies":[{"embeddable":true,"href":"https:\/\/monde25.info\/index.php\/wp-json\/wp\/v2\/comments?post=2187"}],"version-history":[{"count":0,"href":"https:\/\/monde25.info\/index.php\/wp-json\/wp\/v2\/posts\/2187\/revisions"}],"wp:featuredmedia":[{"embeddable":true,"href":"https:\/\/monde25.info\/index.php\/wp-json\/wp\/v2\/media\/2188"}],"wp:attachment":[{"href":"https:\/\/monde25.info\/index.php\/wp-json\/wp\/v2\/media?parent=2187"}],"wp:term":[{"taxonomy":"category","embeddable":true,"href":"https:\/\/monde25.info\/index.php\/wp-json\/wp\/v2\/categories?post=2187"},{"taxonomy":"post_tag","embeddable":true,"href":"https:\/\/monde25.info\/index.php\/wp-json\/wp\/v2\/tags?post=2187"}],"curies":[{"name":"wp","href":"https:\/\/api.w.org\/{rel}","templated":true}]}}