{"id":21881,"date":"2026-01-04T12:44:39","date_gmt":"2026-01-04T11:44:39","guid":{"rendered":"https:\/\/monde25.info\/index.php\/2026\/01\/04\/intervention-militaire-dun-autre-age-basculement-geopolitique-majeur-la-classe-politique-francaise-reagit-au-coup-de-force-de-trump-au-venezuela\/"},"modified":"2026-01-04T12:44:39","modified_gmt":"2026-01-04T11:44:39","slug":"intervention-militaire-dun-autre-age-basculement-geopolitique-majeur-la-classe-politique-francaise-reagit-au-coup-de-force-de-trump-au-venezuela","status":"publish","type":"post","link":"https:\/\/monde25.info\/index.php\/2026\/01\/04\/intervention-militaire-dun-autre-age-basculement-geopolitique-majeur-la-classe-politique-francaise-reagit-au-coup-de-force-de-trump-au-venezuela\/","title":{"rendered":"\u00abIntervention militaire d\u2019un autre \u00e2ge\u00bb, \u00abbasculement g\u00e9opolitique majeur\u00bb : la classe politique fran\u00e7aise r\u00e9agit au coup de force de Trump au Venezuela"},"content":{"rendered":"<p> <br \/>\n<\/p>\n<div>\n<ol class=\"campaign-loop campaign-list\">\n<li id=\"campaign-482494\" class=\"post-482494 campaign type-campaign status-publish hentry campaign-has-goal campaign-has-achieved-goal campaign-has-end-date campaign-has-not-ended\">\n\t<a target=\"_blank\" href=\"https:\/\/reseauinternational.net\/campaigns\/campagne-de-dons-septembre-octobre-2025\/\"><\/p>\n<h3>Soutenez-nous<\/h3>\n<p>\t\t\t<\/a><\/p>\n<p>\n\tVotre soutien nous est indispensable pour continuer \u00e0 vous fournir le meilleur de l\u2019information internationale alternative. C\u2019est gr\u00e2ce \u00e0 vos dons que nous pourrons maintenir le cap pour une information plurielle et r\u00e9ellement alternative. Nous comptons sur vous.<\/p>\n<\/li>\n<\/ol>\n<p>par <strong>RT France<\/strong><\/p>\n<p><strong>Apr\u00e8s l\u2019op\u00e9ration militaire am\u00e9ricaine men\u00e9e contre le Venezu\u00e9la, s\u2019\u00e9tant sold\u00e9e par l\u2019enl\u00e8vement de son pr\u00e9sident et de sa femme ce 3 janvier, de nombreux politiques fran\u00e7ais ont r\u00e9agi sur les r\u00e9seaux sociaux. Des r\u00e9actions disparates, allant de l\u2019appel \u00e0 condamner un \u00abacte de guerre\u00bb \u00e0 des condamnations plus\u2026 ambig\u00fces.<\/strong><\/p>\n<p>Les r\u00e9actions se sont multipli\u00e9es en France, tout au long de la journ\u00e9e du 3 janvier, apr\u00e8s l\u2019annonce par Donald Trump de l\u2019exfiltration de Nicol\u00e1s Maduro et de sa femme lors d\u2019une attaque am\u00e9ricaine men\u00e9e \u00e0 Caracas.<\/p>\n<p>\u00ab<em>Les \u00c9tats-Unis de Trump s\u2019emparent du p\u00e9trole du Venezuela en violant sa souverainet\u00e9 avec une intervention militaire d\u2019un autre \u00e2ge et l\u2019enl\u00e8vement odieux du pr\u00e9sident Maduro et de son \u00e9pouse<\/em>\u00bb, a d\u00e9nonc\u00e9 en fin de matin\u00e9e le leader de la France insoumise Jean-Luc M\u00e9lenchon, fustigeant le \u00ab<em>pr\u00e9texte<\/em>\u00bb de la lutte contre le narcotrafic.<\/p>\n<p>\u00ab<em>L\u2019agression militaire des \u00c9tats-Unis de Donald Trump contre le Venezuela marque le retour du pire des imp\u00e9rialismes vis-\u00e0-vis de l\u2019Am\u00e9rique latine<\/em>\u00bb, a condamn\u00e9 le d\u00e9put\u00e9 de Seine-Saint-Denis LFI \u00c9ric Coquerel, pr\u00e9sident de la Commission des finances de l\u2019Assembl\u00e9e nationale.<\/p>\n<figure class=\"wp-block-embed is-type-rich is-provider-twitter wp-block-embed-twitter\">\n<div class=\"wp-block-embed__wrapper\">\n<div class=\"embed-twitter\">\n<blockquote class=\"twitter-tweet\" data-width=\"550\" data-dnt=\"true\">\n<p lang=\"fr\" dir=\"ltr\">L\u2019agression militaire des Etats-Unis de Donald Trump contre le V\u00e9n\u00e9zu\u00e9la marque le retour du pire des imp\u00e9rialismes vis-\u00e0-vis de l\u2019Am\u00e9rique Latine. C\u2019est la poursuite du pi\u00e9tinement du droit international qui met toujours plus en danger la paix dans le monde. La France doit\u2026<\/p>\n<p>\u2014 Eric Coquerel (@ericcoquerel) <a target=\"_blank\" href=\"https:\/\/twitter.com\/ericcoquerel\/status\/2007367154656559304?ref_src=twsrc%5Etfw\">January 3, 2026<\/a><\/p><\/blockquote>\n<\/div>\n<\/div>\n<\/figure>\n<p>\u00ab<em>C\u2019est la poursuite du pi\u00e9tinement du droit international qui met toujours plus en danger la paix dans le monde<\/em>\u00bb, a-t-il ajout\u00e9 appelant la France \u00e0 \u00ab<em>condamner au plus vite et sans ambigu\u00eft\u00e9 cet acte de guerre<\/em>\u00bb. M\u00eame son de cloche du c\u00f4t\u00e9 du coordinateur du parti, Manuel Bompard, qui a point\u00e9 du doigt \u00ab<em>une agression qui viole toutes les r\u00e8gles du droit international et menace la paix dans toute la r\u00e9gion<\/em>\u00bb.<\/p>\n<p>\u00ab<em>Trump annonce <a target=\"_blank\" href=\"https:\/\/x.com\/faureolivier\/status\/2007392593210954190\" target=\"_blank\" rel=\"noopener\" title=\"\">l\u2019enl\u00e8vement du pr\u00e9sident<\/a> v\u00e9n\u00e9zu\u00e9lien. Quoique l\u2019on pense de Maduro, cet acte doit \u00eatre unanimement condamn\u00e9. La force ne peut remplacer le droit<\/em>\u00bb, a \u00e9galement d\u00e9nonc\u00e9 \u00e0 gauche, le Premier secr\u00e9taire du Parti socialiste, Olivier Faure.<\/p>\n<p>Du c\u00f4t\u00e9 des souverainistes, Fran\u00e7ois Asselineau, pr\u00e9sident de l\u2019Union populaire r\u00e9publicaine (UPR) a d\u00e9nonc\u00e9 \u00ab<em>un <a target=\"_blank\" href=\"https:\/\/x.com\/f_asselineau\/status\/2007417892309184816\" target=\"_blank\" rel=\"noopener\" title=\"\">acte de piraterie<\/a> internationale<\/em>\u00bb, guettant un \u00e9ventuel \u00ab<a target=\"_blank\" href=\"https:\/\/x.com\/f_asselineau\/status\/2007424332713103384\" target=\"_blank\" rel=\"noopener\" title=\"\">deux poids deux mesures<\/a>\u00bb \u00e0 venir de la part de responsables politiques fran\u00e7ais et europ\u00e9ens ayant soutenu l\u2019armement de Kiev face \u00e0 la Russie. \u00ab<em>R\u00e9activation de la doctrine Monroe, mais <a target=\"_blank\" href=\"https:\/\/x.com\/f_philippot\/status\/2007390673717334174\" target=\"_blank\" rel=\"noopener\" title=\"\">la base MAGA a-t-elle vot\u00e9 pour \u00e7a ?<\/a>\u2026<\/em>\u00bb a r\u00e9agi dans un court post le pr\u00e9sident des Partriotes, Florian Philippot.<\/p>\n<p>\u00ab<em>Si chaque \u00c9tat d\u00e9cidait d\u00e9sormais de capturer les dirigeants qu\u2019il juge ill\u00e9gitimes, il n\u2019y aurait plus ni droit international, ni souverainet\u00e9, ni ordre mondial, seulement la loi du plus fort<\/em>\u00bb, a quant \u00e0 lui mis en garde Nicolas Dupont-Aignan, pr\u00e9sident de Debout la France, \u00e9voquant dans un \u00ab<em><a target=\"_blank\" href=\"https:\/\/x.com\/dupontaignan\/status\/2007447784169799878\" target=\"_blank\" rel=\"noopener\" title=\"\">basculement grave<\/a><\/em>\u00bb.<\/p>\n<h5 class=\"wp-block-heading\"><strong>Coups d\u2019\u00c9tat occidentaux :\u00a0De Villepin renvoie aux pr\u00e9c\u00e9dents<\/strong><\/h5>\n<p>Dans un message similaire, \u00e9voquant un \u00ab<em>basculement\u00a0g\u00e9opolitique majeur<\/em>\u00bb, Dominique de Villepin a regrett\u00e9 une \u00ab<em>l\u00e9gitimation des changements de r\u00e9gime par la force<\/em>\u00bb. \u00ab<em>D\u00e8s lors que les \u00c9tats-Unis s\u2019affranchissent de la l\u00e9galit\u00e9, que dirons-nous \u00e0 la Chine si elle renverse un r\u00e9gime qui lui d\u00e9plait, en Cor\u00e9e, au Vietnam ou \u00e0 plus forte raison \u00e0 Taiwan ? Quels arguments aurons-nous \u00e0 opposer \u00e0 la Russie si elle renverse un gouvernement qui lui d\u00e9plait en Moldavie, voire dans les pays Baltes ?<\/em>\u00bb, a d\u00e9velopp\u00e9 cet ancien (2002 \u2013 2004) chef de la diplomatie fran\u00e7aise.<\/p>\n<figure class=\"wp-block-embed is-type-rich is-provider-twitter wp-block-embed-twitter\">\n<div class=\"wp-block-embed__wrapper\">\n<div class=\"embed-twitter\">\n<blockquote class=\"twitter-tweet\" data-width=\"550\" data-dnt=\"true\">\n<p lang=\"fr\" dir=\"ltr\">L\u2019op\u00e9ration militaire am\u00e9ricaine en cours contre le Venezuela est un basculement g\u00e9opolitique majeur. Les Etats Unis se mettent volontairement et indiscutablement hors du droit international en violant la charte et l\u2019esprit des Nations Unies. C\u2019est un acte lourd de cons\u00e9quences\u2026 <a target=\"_blank\" href=\"https:\/\/t.co\/pMFLyhFgCh\">pic.twitter.com\/pMFLyhFgCh<\/a><\/p>\n<p>\u2014 Dominique de Villepin (@Villepin) <a target=\"_blank\" href=\"https:\/\/twitter.com\/Villepin\/status\/2007434865755439338?ref_src=twsrc%5Etfw\">January 3, 2026<\/a><\/p><\/blockquote>\n<\/div>\n<\/div>\n<\/figure>\n<p>\u00ab<em>Aussi d\u00e9testables soient les gouvernements renvers\u00e9s, les pr\u00e9c\u00e9dents montrent que les changements de r\u00e9gime ne m\u00e8nent ni \u00e0 la d\u00e9mocratie, ni \u00e0 la paix, mais au chaos, \u00e0 la guerre civile et \u00e0 la dictature<\/em>\u00bb, a-t-il mis en garde renvoyant aux cas irakien et libyen.<\/p>\n<p>\u00c0 droite, le Rassemblement national (RN) s\u2019est montr\u00e9 critique tant \u00e0 l\u2019encontre de Maduro que de l\u2019op\u00e9ration am\u00e9ricaine. \u00ab<em>Le respect du droit international et de la souverainet\u00e9 des \u00c9tats ne peut \u00eatre \u00e0 g\u00e9om\u00e9trie variable<\/em>\u00bb, <a target=\"_blank\" href=\"https:\/\/x.com\/J_Bardella\/status\/2007411109666472266\" target=\"_blank\" rel=\"noopener\" title=\"\">a d\u00e9clar\u00e9<\/a> Jordan Bardella, tout en \u00e9voquant une \u00ab<em>dictature sanguinaire et sans piti\u00e9<\/em>\u00bb selon lui de rigueur au Venezuela. \u00ab<em>Le renversement ext\u00e9rieur d\u2019un gouvernement, par la force, ne saurait constituer une r\u00e9ponse acceptable, ne faisant qu\u2019aggraver l\u2019instabilit\u00e9 g\u00e9opolitique de notre temps<\/em>\u00bb, a poursuivi le pr\u00e9sident du Rassemblement national (RN).<\/p>\n<figure class=\"wp-block-embed is-type-rich is-provider-twitter wp-block-embed-twitter\">\n<div class=\"wp-block-embed__wrapper\">\n<div class=\"embed-twitter\">\n<blockquote class=\"twitter-tweet\" data-width=\"550\" data-dnt=\"true\">\n<p lang=\"fr\" dir=\"ltr\">Le r\u00e9gime rouge de Nicol\u00e1s Maduro appelle de nombreuses critiques l\u00e9gitimes sur le plan d\u00e9mocratique. Des millions de V\u00e9n\u00e9zu\u00e9liens ont souffert de cette dictature sanguinaire et sans piti\u00e9, qui a priv\u00e9 de droits politiques l\u2019opposition et entretenu le pays dans une interminable\u2026<\/p>\n<p>\u2014 Jordan Bardella (@J_Bardella) <a target=\"_blank\" href=\"https:\/\/twitter.com\/J_Bardella\/status\/2007411109666472266?ref_src=twsrc%5Etfw\">January 3, 2026<\/a><\/p><\/blockquote>\n<\/div>\n<\/div>\n<\/figure>\n<p>Tonalit\u00e9 similaire du c\u00f4t\u00e9 de l\u2019ex-patronne du parti, Marine Le Pen. \u00ab<em>La souverainet\u00e9 des \u00c9tats n\u2019est jamais n\u00e9gociable, quelle que soit leur taille, quelle que soit leur puissance, quel que soit leur continent. Elle est inviolable et sacr\u00e9e<\/em>\u00bb a insist\u00e9 la d\u00e9put\u00e9e RN du Pas-de-Calais \u00e9voquant le \u00ab<em><a target=\"_blank\" href=\"https:\/\/x.com\/MLP_officiel\/status\/2007439876484989196\" target=\"_blank\" rel=\"noopener\" title=\"\">changement de r\u00e9gime<\/a><\/em>\u00bb op\u00e9r\u00e9 par Washington \u00e0 Caracas.<\/p>\n<p>De son c\u00f4t\u00e9, l\u2019ancien ministre de l\u2019Int\u00e9rieur (2024 \u2013 2025) Bruno Retailleau et pr\u00e9sident du parti Les R\u00e9publicains a\u00a0\u00e9voqu\u00e9 <a target=\"_blank\" href=\"https:\/\/x.com\/BrunoRetailleau\/status\/2007490288458305569\" target=\"_blank\" rel=\"noopener\" title=\"\">p\u00eale-m\u00eale<\/a> \u00ab<em>le r\u00e9gime narco-socialiste autoritaire de Maduro<\/em>\u00bb,\u00a0la \u00ab<em>guerre hybride silencieuse, qui ne dit pas son nom<\/em>\u00bb contre le narcotrafic et le fait que \u00ab<em>la souverainet\u00e9 du peuple v\u00e9n\u00e9zu\u00e9lien demeure sacr\u00e9e<\/em>\u00bb.<\/p>\n<h5 class=\"wp-block-heading\"><strong>Le Quai d\u2019Orsay \u00e9vite de citer les \u00c9tats-Unis<\/strong><\/h5>\n<p>Les r\u00e9actions se sont faites bien plus timor\u00e9es du c\u00f4t\u00e9 des officiels fran\u00e7ais et de certaines figures atlantistes. \u00ab<em>L\u2019op\u00e9ration militaire ayant conduit \u00e0 la capture de Nicol\u00e1s Maduro contrevient au principe de non-recours \u00e0 la force qui fonde le droit international<\/em>\u00bb, a mollement <a target=\"_blank\" href=\"https:\/\/x.com\/jnbarrot\/status\/2007463353631809684\" target=\"_blank\" rel=\"noopener\" title=\"\">d\u00e9clar\u00e9<\/a> Jean-No\u00ebl Barrot, sans m\u00eame nomm\u00e9 les \u00c9tats-Unis et apr\u00e8s tout un paragraphe d\u00e9di\u00e9 \u00e0 la \u00ab<em>confiscation<\/em>\u00bb du pouvoir par Nicol\u00e1s Maduro et de conclure sur la r\u00e9it\u00e9ration de \u00ab<em>l\u2019attachement<\/em>\u00bb de la France \u00ab<em>\u00e0 la Charte des Nations unies, qui doit continuer de guider l\u2019action internationale des \u00c9tats, toujours et partout<\/em>\u00bb.<\/p>\n<figure class=\"wp-block-embed is-type-rich is-provider-twitter wp-block-embed-twitter\">\n<div class=\"wp-block-embed__wrapper\">\n<div class=\"embed-twitter\">\n<blockquote class=\"twitter-tweet\" data-width=\"550\" data-dnt=\"true\">\n<p lang=\"fr\" dir=\"ltr\">En confisquant le pouvoir au peuple v\u00e9n\u00e9zu\u00e9lien, en le privant de ses libert\u00e9s fondamentales, Nicol\u00e1s Maduro a port\u00e9 une atteinte grave \u00e0 sa dignit\u00e9 et \u00e0 son droit \u00e0 l&rsquo;auto-d\u00e9termination. La France s&rsquo;est engag\u00e9e avec constance, notamment par ses actions de m\u00e9diation, en faveur du\u2026<\/p>\n<p>\u2014 Jean-No\u00ebl Barrot (@jnbarrot) <a target=\"_blank\" href=\"https:\/\/twitter.com\/jnbarrot\/status\/2007463353631809684?ref_src=twsrc%5Etfw\">January 3, 2026<\/a><\/p><\/blockquote>\n<\/div>\n<\/div>\n<\/figure>\n<p>M\u00eame d\u00e9veloppement, un peu plus t\u00f4t, du c\u00f4t\u00e9 de Rapha\u00ebl Glucksmann. \u00ab<em>La voie de Trump n\u2019est pas la n\u00f4tre, Fran\u00e7ais et Europ\u00e9ens<\/em>\u00bb, a notamment d\u00e9clar\u00e9 cet eurod\u00e9put\u00e9 et ex-mari d\u2019Eka Zgouladz\u00e9, ministre g\u00e9orgienne des Affaires int\u00e9rieures par int\u00e9rim (2012), de Mikheil Saakashvil, pass\u00e9e par Kiev (2014 \u2013 2016) sous l\u2019\u00e8re Porochenko \u2013 apr\u00e8s avoir lanc\u00e9 : \u00ab<em>pas une larme pour le dictateur ploutocrate Maduro<\/em>\u00bb.<\/p>\n<p>\u00ab<em>Il faut avoir conscience que nous entrons dans un monde sans droit international o\u00f9 pr\u00e9vaut la loi du plus fort<\/em>\u00bb, a ajout\u00e9 le copr\u00e9sident de Place publique.\u00a0Rappeler le droit tout en condamnant Maduro : un \u00ab<em><a target=\"_blank\" href=\"https:\/\/x.com\/DariusRochebin\/status\/2007409394267324767\" target=\"_blank\" rel=\"noopener\" title=\"\">exercice de contorsion<\/a><\/em>\u00bb qu\u2019a m\u00eame soulign\u00e9 le journaliste Darius Rochebin, animateur sur <em>LCI<\/em> d\u2019une \u00e9mission \u00e0 l\u2019orientation pro-Kiev.<\/p>\n<p>source : <a target=\"_blank\" href=\"https:\/\/francais.rt.com\/france\/129032-intervention-americaine-reactions-politiques-francaises\" target=\"_blank\" rel=\"noopener\" title=\"\">RT France<\/a><\/p>\n<div class=\"sharedaddy sd-block sd-like jetpack-likes-widget-wrapper jetpack-likes-widget-unloaded\" id=\"like-post-wrapper-237719536-503862-695a51a474034\" data-src=\"https:\/\/widgets.wp.com\/likes\/?ver=15.2#blog_id=237719536&amp;post_id=503862&amp;origin=reseauinternational.net&amp;obj_id=237719536-503862-695a51a474034\" data-name=\"like-post-frame-237719536-503862-695a51a474034\" data-title=\"Aimer ou rebloguer\">\n<h3 class=\"sd-title\">J\u2019aime \u00e7a\u00a0:<\/h3>\n<p><span class=\"button\"><span>J\u2019aime<\/span><\/span> <span class=\"loading\">chargement\u2026<\/span><\/p>\n<p><span class=\"sd-text-color\"\/><a target=\"_blank\" class=\"sd-link-color\"\/><\/div>\n<p><meta itemscope=\"\" itemprop=\"mainEntityOfPage\" itemtype=\"https:\/\/schema.org\/WebPage\" itemid=\"https:\/\/reseauinternational.net\/intervention-militaire-dun-autre-age-basculement-geopolitique-majeur-la-classe-politique-francaise-reagit-au-coup-de-force-de-trump-au-venezuela\/\"\/><meta itemprop=\"headline\" content=\"\u00abIntervention militaire d\u2019un autre \u00e2ge\u00bb, \u00abbasculement g\u00e9opolitique majeur\u00bb : la classe politique fran\u00e7aise r\u00e9agit au coup de force de Trump au Venezuela\"\/><span style=\"display: none;\" itemprop=\"author\" itemscope=\"\" itemtype=\"https:\/\/schema.org\/Person\"><meta itemprop=\"name\" content=\"R\u00e9seau International\"\/><\/span><span style=\"display: none;\" itemprop=\"image\" itemscope=\"\" itemtype=\"https:\/\/schema.org\/ImageObject\"><meta itemprop=\"url\" content=\"https:\/\/i0.wp.com\/reseauinternational.net\/wp-content\/uploads\/2026\/01\/Sans-titre-20-2.png?fit=800%2C467&amp;ssl=1\"\/><meta itemprop=\"width\" content=\"800\"\/><meta itemprop=\"height\" content=\"467\"\/><\/span><span style=\"display: none;\" itemprop=\"publisher\" itemscope=\"\" itemtype=\"https:\/\/schema.org\/Organization\"><span style=\"display: none;\" itemprop=\"logo\" itemscope=\"\" itemtype=\"https:\/\/schema.org\/ImageObject\"><meta itemprop=\"url\" content=\"https:\/\/reseauinternational.net\/wp-content\/uploads\/2022\/06\/Capture-de\u0301cran-2022-06-14-a\u0300-16.51.07.png\"\/><\/span><meta itemprop=\"name\" content=\"R\u00e9seau International\"\/><\/span><meta itemprop=\"datePublished\" content=\"2026-01-04T12:39:38+00:00\"\/><meta itemprop=\"dateModified\" content=\"2026-01-04T12:39:56+00:00\"\/><\/div>\n<p><script async src=\"\/\/platform.twitter.com\/widgets.js\" charset=\"utf-8\"><\/script><br \/>\n<br \/><br \/>\n<br \/><a href=\"https:\/\/reseauinternational.net\/intervention-militaire-dun-autre-age-basculement-geopolitique-majeur-la-classe-politique-francaise-reagit-au-coup-de-force-de-trump-au-venezuela\/\" target=\"_blank\"\">Source link <\/a><\/p>\n","protected":false},"excerpt":{"rendered":"<p>Soutenez-nous Votre soutien nous est indispensable pour continuer \u00e0 vous fournir le meilleur de l\u2019information internationale alternative. C\u2019est gr\u00e2ce \u00e0 vos dons que nous pourrons maintenir le cap pour une&hellip; <\/p>\n","protected":false},"author":1,"featured_media":21882,"comment_status":"open","ping_status":"open","sticky":false,"template":"","format":"standard","meta":{"footnotes":""},"categories":[1],"tags":[],"class_list":["post-21881","post","type-post","status-publish","format-standard","has-post-thumbnail","hentry","category-non-classe"],"_links":{"self":[{"href":"https:\/\/monde25.info\/index.php\/wp-json\/wp\/v2\/posts\/21881","targetHints":{"allow":["GET"]}}],"collection":[{"href":"https:\/\/monde25.info\/index.php\/wp-json\/wp\/v2\/posts"}],"about":[{"href":"https:\/\/monde25.info\/index.php\/wp-json\/wp\/v2\/types\/post"}],"author":[{"embeddable":true,"href":"https:\/\/monde25.info\/index.php\/wp-json\/wp\/v2\/users\/1"}],"replies":[{"embeddable":true,"href":"https:\/\/monde25.info\/index.php\/wp-json\/wp\/v2\/comments?post=21881"}],"version-history":[{"count":0,"href":"https:\/\/monde25.info\/index.php\/wp-json\/wp\/v2\/posts\/21881\/revisions"}],"wp:featuredmedia":[{"embeddable":true,"href":"https:\/\/monde25.info\/index.php\/wp-json\/wp\/v2\/media\/21882"}],"wp:attachment":[{"href":"https:\/\/monde25.info\/index.php\/wp-json\/wp\/v2\/media?parent=21881"}],"wp:term":[{"taxonomy":"category","embeddable":true,"href":"https:\/\/monde25.info\/index.php\/wp-json\/wp\/v2\/categories?post=21881"},{"taxonomy":"post_tag","embeddable":true,"href":"https:\/\/monde25.info\/index.php\/wp-json\/wp\/v2\/tags?post=21881"}],"curies":[{"name":"wp","href":"https:\/\/api.w.org\/{rel}","templated":true}]}}