{"id":21885,"date":"2026-01-04T13:50:53","date_gmt":"2026-01-04T12:50:53","guid":{"rendered":"https:\/\/monde25.info\/index.php\/2026\/01\/04\/indignation-en-france-apres-la-reaction-de-macron-a-loperation-militaire-americaine-au-venezuela-rt-en-francais\/"},"modified":"2026-01-04T13:50:53","modified_gmt":"2026-01-04T12:50:53","slug":"indignation-en-france-apres-la-reaction-de-macron-a-loperation-militaire-americaine-au-venezuela-rt-en-francais","status":"publish","type":"post","link":"https:\/\/monde25.info\/index.php\/2026\/01\/04\/indignation-en-france-apres-la-reaction-de-macron-a-loperation-militaire-americaine-au-venezuela-rt-en-francais\/","title":{"rendered":"indignation en France apr\u00e8s la r\u00e9action de Macron \u00e0 l\u2019op\u00e9ration militaire am\u00e9ricaine au Venezuela \u2014 RT en fran\u00e7ais"},"content":{"rendered":"<p> <br \/>\n<br \/><img decoding=\"async\" src=\"https:\/\/mf.b37mrtl.ru\/french\/images\/2026.01\/thumbnail\/695a524a87f3ec09c03795b8.jpg\" \/><\/p>\n<div>\n<p class=\"text__summary\">\n                                        Alors que depuis des ann\u00e9es Emmanuel Macron rebat les oreilles d\u2019une partie de la plan\u00e8te sur le \u00abrespect\u00bb du \u00abdroit international\u00bb concernant la crise ukrainienne, le pr\u00e9sident fran\u00e7ais a salu\u00e9 l\u2019op\u00e9ration men\u00e9e par l\u2019arm\u00e9e am\u00e9ricaine au Venezuela. Un positionnement qui a fait r\u00e9agir une bonne partie de la classe politique fran\u00e7aise.\n                                    <\/p>\n<p>\u00ab\u00a0La prise de position de Macron n&rsquo;est pas la voix de la France. <a target=\"_blank\" href=\"https:\/\/x.com\/JLMelenchon\/status\/2007523222279852484\">Il nous fait honte<\/a>. Il abandonne le droit international. Jour sombre pour notre pays\u00a0\u00bb, a fustig\u00e9 le 3 janvier au soir Jean-Luc M\u00e9lenchon dans un message post\u00e9 sur X.<\/p>\n<p>Quelques minutes plus t\u00f4t, Emmanuel Macron avait fini par r\u00e9agir \u00e0 l\u2019attaque men\u00e9e par les \u00c9tats-Unis contre le Venezuela, qui a abouti \u00e0 l\u2019enl\u00e8vement de son pr\u00e9sident et de sa femme. Dans un message \u00e9galement post\u00e9 sur la plateforme am\u00e9ricaine, le pr\u00e9sident fran\u00e7ais a estim\u00e9 que \u00ab\u00a0d\u00e9barrass\u00e9 de la dictature de Nicol\u00e1s Maduro\u00bb, le peuple v\u00e9n\u00e9zu\u00e9lien \u00ab\u00a0<a target=\"_blank\" href=\"https:\/\/x.com\/EmmanuelMacron\/status\/2007520035766509829\">ne peut que s\u2019en r\u00e9jouir<\/a>\u00a0\u00bb. Une d\u00e9claration, \u00e9galement publi\u00e9e en anglais, qui a <a target=\"_blank\" href=\"https:\/\/truthsocial.com\/@realDonaldTrump\/posts\/115832848249691689\">\u00e9t\u00e9 repost\u00e9e dans l\u2019heure<\/a> par Donald Trump sur son r\u00e9seau Truth Social.<\/p>\n<p><iframe src=\"https:\/\/truthsocial.com\/@realDonaldTrump\/115832848249691689\/embed\" class=\"truthsocial-embed\" style=\"max-width: 100%; border: 0\" width=\"600\" allowfullscreen=\"allowfullscreen\"><\/iframe><\/p>\n<p>\u00ab\u00a0Il n&rsquo;y a pas de bonne invasion. Seulement des mauvaises. La parole de la France doit rester non align\u00e9e et constante sur les principes du droit international\u00a0\u00bb, avait lanc\u00e9 \u00e0 la mi-journ\u00e9e le leader de la France insoumise (LFI) \u2013 alors qu\u2019aucune r\u00e9action fran\u00e7aise n\u2019avait encore \u00e9t\u00e9 publi\u00e9e \u2013, appelant \u00e0 ce que \u00ab\u00a0<a target=\"_blank\" href=\"https:\/\/x.com\/JLMelenchon\/status\/2007409463930597538\">quelqu&rsquo;un r\u00e9veille le pr\u00e9sident<\/a> Macron\u00a0\u00bb.<\/p>\n<p>En milieu d\u2019apr\u00e8s-midi, le ministre fran\u00e7ais des Affaires \u00e9trang\u00e8res Jean-No\u00ebl Barrot avait post\u00e9 sur les r\u00e9seaux sociaux <a target=\"_blank\" href=\"https:\/\/x.com\/jnbarrot\/status\/2007463353631809684\">un message<\/a> condamnant Nicol\u00e1s Maduro, mais soulignant que l&rsquo;op\u00e9ration militaire ayant conduit \u00e0 sa capture \u00ab\u00a0contrevient au principe de non-recours \u00e0 la force qui fonde le droit international\u00a0\u00bb et qu\u2019\u00ab\u00a0aucune solution politique durable\u00a0\u00bb dans ce pays \u00ab\u00a0ne saurait \u00eatre impos\u00e9e de l&rsquo;ext\u00e9rieur\u00a0\u00bb.<\/p>\n<p>\u00ab\u00a0La France humili\u00e9e par un <a target=\"_blank\" href=\"https:\/\/x.com\/Clemence_Guette\/status\/2007533020102963257\">pr\u00e9sident soumis<\/a>. Il est temps de reprendre le contr\u00f4le\u00a0\u00bb, a \u00e9galement fustig\u00e9 la vice-pr\u00e9sidente LFI de l\u2019Assembl\u00e9e nationale Cl\u00e9mence Guett\u00e9. \u00ab\u00a0Cette d\u00e9claration rejoindra l\u2019histoire des renoncements qui ont <a target=\"_blank\" href=\"https:\/\/x.com\/chikirouparis\/status\/2007526086473638013\">ab\u00eem\u00e9 la R\u00e9publique<\/a>, terni l\u2019honneur de la France et compromis son ind\u00e9pendance politique\u00a0\u00bb, a d\u00e9clar\u00e9 la d\u00e9put\u00e9e LFI et candidate \u00e0 la mairie de Paris Sophia Chikirou. \u00ab\u00a0Cette <a target=\"_blank\" href=\"https:\/\/x.com\/MathildePanot\/status\/2007550885690568902\">attitude de vassal et de larbin<\/a> nous fait profond\u00e9ment honte\u00a0\u00bb, a d\u00e9nonc\u00e9 la\u00a0pr\u00e9sidente du groupe LFI \u00e0 l\u2019Assembl\u00e9e nationale, Mathilde Panot.<\/p>\n<div class=\"rtcode\">\n<blockquote class=\"twitter-tweet\">\n<p lang=\"fr\" dir=\"ltr\">Emmanuel Macron n\u2019est pas le gouverneur du 51\u00e8me \u00c9tat des \u00c9tats-Unis.<\/p>\n<p>Il est le Pr\u00e9sident de la R\u00e9publique Fran\u00e7aise.<\/p>\n<p>Qu\u2019il agisse et s\u2019exprime comme tel.<\/p>\n<p>Cette attitude de vassal et de larbin nous fait profond\u00e9ment honte.<\/p>\n<p>\u2014 Mathilde Panot (@MathildePanot) <a target=\"_blank\" href=\"https:\/\/twitter.com\/MathildePanot\/status\/2007550885690568902?ref_src=twsrc%5Etfw\">January 3, 2026<\/a><\/p><\/blockquote>\n<\/div>\n<p>M\u00eame tonalit\u00e9 du c\u00f4t\u00e9 du Parti communiste fran\u00e7ais. \u00ab\u00a0La France rabaiss\u00e9e au rang de <a target=\"_blank\" href=\"https:\/\/x.com\/Fabien_Roussel\/status\/2007526762239209682\">51e \u00c9tat des USA<\/a>. La honte ultime\u00a0\u00bb, a fustig\u00e9 son secr\u00e9taire national Fabien Roussel. \u00ab\u00a0Trump s\u2019est fait offrir <a target=\"_blank\" href=\"https:\/\/x.com\/IanBrossat\/status\/2007525468602572965\">un caniche<\/a> \u00e0 No\u00ebl. Il s\u2019appelle Emmanuel Macron\u00a0\u00bb, a comment\u00e9 le s\u00e9nateur communiste de Paris Ian Brossat.<\/p>\n<p>\u00ab\u00a0La France n\u2019est pas un \u00c9tat vassal des USA et notre pr\u00e9sident ne peut pas se comporter comme un simple porte-parole de la Maison Blanche\u00a0\u00bb, a \u00e9galement d\u00e9nonc\u00e9 le d\u00e9put\u00e9 de Seine-et-Marne et premier secr\u00e9taire du Parti socialiste (PS) Olivier Faure, estimant que \u00ab\u00a0cette strat\u00e9gie agressive des \u00c9tats Unis doit \u00eatre d\u00e9nonc\u00e9e\u00a0\u00bb. \u00ab\u00a0Cette d\u00e9claration du pr\u00e9sident de la R\u00e9publique fran\u00e7aise n\u2019est <a target=\"_blank\" href=\"https:\/\/x.com\/faureolivier\/status\/2007530646999097828\">pas \u00e0 la hauteur<\/a> de la voix que la France porte dans le monde et des valeurs qu\u2019elle doit continuer de d\u00e9fendre\u00a0\u00bb, a-t-il ajout\u00e9.<\/p>\n<div class=\"rtcode\">\n<blockquote class=\"twitter-tweet\">\n<p lang=\"fr\" dir=\"ltr\">\ud83e\udd2e EN LARBIN DE L&rsquo;\u00c9TAT PROFOND,<br \/>MACRON APPROUVE L&rsquo;OP\u00c9RATION DE PIRATAGE INTERNATIONAL DE TRUMP<br \/>Il \u00abse r\u00e9jouit\u00bb de cet acte qui viole le droit international et qui risque d&#8217;embraser la plan\u00e8te : que vont faire la Russie avec Zelensky, Isra\u00ebl avec l&rsquo;Iran, et la Chine avec Ta\u00efwan ? <a target=\"_blank\" href=\"https:\/\/t.co\/fVtTnuoCcQ\">https:\/\/t.co\/fVtTnuoCcQ<\/a><a target=\"_blank\" href=\"https:\/\/t.co\/iVBow1qP98\">pic.twitter.com\/iVBow1qP98<\/a><\/p>\n<p>\u2014 Fran\u00e7ois Asselineau \ud83c\uddeb\ud83c\uddf7 (@f_asselineau) <a target=\"_blank\" href=\"https:\/\/twitter.com\/f_asselineau\/status\/2007548479879688622?ref_src=twsrc%5Etfw\">January 3, 2026<\/a><\/p><\/blockquote>\n<\/div>\n<p>Une indignation \u00e9galement de mise du c\u00f4t\u00e9 de l\u2019Union populaire r\u00e9publicaine (UPR), dont le pr\u00e9sident Fran\u00e7ois Asselineau a qualifi\u00e9 Emmanuel Macron de \u00ab\u00a0<a target=\"_blank\" href=\"https:\/\/x.com\/f_asselineau\/status\/2007548479879688622\">larbin de l\u2019\u00c9tat profond<\/a>\u00a0\u00bb. \u00ab\u00a0Que vont faire la Russie avec Zelensky, Isra\u00ebl avec l&rsquo;Iran, et la Chine avec Ta\u00efwan ?\u00a0\u00bb, a-t-il encha\u00een\u00e9. \u00ab\u00a0On ne va pas pleurer ce r\u00e9gime bien entendu, mais malheureusement votre respect de la souverainet\u00e9 et du droit international \u00e0 <a target=\"_blank\" href=\"https:\/\/x.com\/CH_Gallois\/status\/2007524842334236945\">g\u00e9om\u00e9trie variable<\/a> d\u00e9cr\u00e9dibilise la voix de la France\u00a0\u00bb, a r\u00e9agi Charles-Henri Gallois, ancien proche de Fran\u00e7ois Asselineau devenu conseiller \u00e9conomique du pr\u00e9sident du Rassemblement national Jordan Bardella.<\/p>\n<p>\u00ab\u00a0<a target=\"_blank\" href=\"https:\/\/x.com\/dupontaignan\/status\/2007577260417835299\">La France ind\u00e9pendante \u00e9vanouie<\/a> ! Comment d\u00e9sormais sa parole peut-elle \u00eatre entendue dans le monde\u00a0? Plus que jamais besoin de retrouver une voix pr\u00e9sidentielle LIBRE\u00a0!\u00a0\u00bb, a r\u00e9agi Nicolas Dupont-Aignan, pr\u00e9sident de Debout la France. \u00ab\u00a0Macron soutient sans aucune r\u00e9serve l\u2019op\u00e9ration au Venezuela, je m\u2019en doutais. BHL aussi. Pas bon signe du tout ! Les boussoles qui <a target=\"_blank\" href=\"https:\/\/x.com\/f_philippot\/status\/2007526403915366517\">indiquent toujours le Sud\u00a0<\/a>!\u00a0\u00bb, a rench\u00e9ri Florian Philippot, pr\u00e9sident des Patriotes.<\/p>\n<p>Cette d\u00e9claration d\u2019Emmanuel Macron survient alors que depuis des ann\u00e9es, et le d\u00e9clenchement de l\u2019op\u00e9ration militaire sp\u00e9ciale russe en Ukraine, le pr\u00e9sident fran\u00e7ais n\u2019a pas l\u00e9sin\u00e9 sur les efforts afin de s\u2019afficher comme une figure de proue du soutien \u00e0 Kiev, le tout au nom du \u00ab\u00a0respect des principes fondamentaux du droit international\u00a0\u00bb.<\/p>\n<p>Fin f\u00e9vrier 2022, reprenant un verbiage plus flou venu tout droit des \u00c9tats-Unis, Emmanuel Macron estimait que \u00ab cette crise constitue une menace s\u00e9rieuse pour <a target=\"_blank\" href=\"https:\/\/www.ladepeche.fr\/2022\/02\/24\/crise-en-ukraine-emmanuel-macron-a-revetu-son-costume-de-chef-de-guerre-10132830.php\">l\u2019ordre international fond\u00e9 sur des r\u00e8gles<\/a>, avec des ramifications bien au-del\u00e0 de l\u2019Europe \u00bb. \u00abLaisser la Russie dicter sa loi porterait un coup fatal \u00e0 <a target=\"_blank\" href=\"https:\/\/onu.delegfrance.org\/personne-ici-n-a-voulu-faire-la-guerre-a-la-russie-et-certainement-pas-l\">l\u2019ordre international fond\u00e9 sur le droit<\/a> auquel nous souscrivons tous depuis 75 ans. Cela saperait les fondements m\u00eames de notre s\u00e9curit\u00e9 collective\u00bb, pouvait-on entendre, un an plus tard \u00e0 l\u2019ONU, de la bouche de la cheffe de la diplomatie fran\u00e7aise d\u2019alors, Catherine Colonna.<\/p>\n<\/div>\n<p><script async src=\"\/\/platform.twitter.com\/widgets.js\" charset=\"utf-8\"><\/script><br \/>\n<br \/><br \/>\n<br \/><a href=\"https:\/\/francais.rt.com\/france\/129046-caniche-larbin-president-soumis-indignation\" target=\"_blank\"\">Source link <\/a><\/p>\n","protected":false},"excerpt":{"rendered":"<p>Alors que depuis des ann\u00e9es Emmanuel Macron rebat les oreilles d\u2019une partie de la plan\u00e8te sur le \u00abrespect\u00bb du \u00abdroit international\u00bb concernant la crise ukrainienne, le pr\u00e9sident fran\u00e7ais a salu\u00e9&hellip; <\/p>\n","protected":false},"author":1,"featured_media":21886,"comment_status":"open","ping_status":"open","sticky":false,"template":"","format":"standard","meta":{"footnotes":""},"categories":[1],"tags":[],"class_list":["post-21885","post","type-post","status-publish","format-standard","has-post-thumbnail","hentry","category-non-classe"],"_links":{"self":[{"href":"https:\/\/monde25.info\/index.php\/wp-json\/wp\/v2\/posts\/21885","targetHints":{"allow":["GET"]}}],"collection":[{"href":"https:\/\/monde25.info\/index.php\/wp-json\/wp\/v2\/posts"}],"about":[{"href":"https:\/\/monde25.info\/index.php\/wp-json\/wp\/v2\/types\/post"}],"author":[{"embeddable":true,"href":"https:\/\/monde25.info\/index.php\/wp-json\/wp\/v2\/users\/1"}],"replies":[{"embeddable":true,"href":"https:\/\/monde25.info\/index.php\/wp-json\/wp\/v2\/comments?post=21885"}],"version-history":[{"count":0,"href":"https:\/\/monde25.info\/index.php\/wp-json\/wp\/v2\/posts\/21885\/revisions"}],"wp:featuredmedia":[{"embeddable":true,"href":"https:\/\/monde25.info\/index.php\/wp-json\/wp\/v2\/media\/21886"}],"wp:attachment":[{"href":"https:\/\/monde25.info\/index.php\/wp-json\/wp\/v2\/media?parent=21885"}],"wp:term":[{"taxonomy":"category","embeddable":true,"href":"https:\/\/monde25.info\/index.php\/wp-json\/wp\/v2\/categories?post=21885"},{"taxonomy":"post_tag","embeddable":true,"href":"https:\/\/monde25.info\/index.php\/wp-json\/wp\/v2\/tags?post=21885"}],"curies":[{"name":"wp","href":"https:\/\/api.w.org\/{rel}","templated":true}]}}