{"id":2189,"date":"2024-12-14T18:25:41","date_gmt":"2024-12-14T17:25:41","guid":{"rendered":"https:\/\/monde25.info\/index.php\/2024\/12\/14\/moodys-degrade-la-note-souveraine-de-la-france\/"},"modified":"2024-12-14T18:25:41","modified_gmt":"2024-12-14T17:25:41","slug":"moodys-degrade-la-note-souveraine-de-la-france","status":"publish","type":"post","link":"https:\/\/monde25.info\/index.php\/2024\/12\/14\/moodys-degrade-la-note-souveraine-de-la-france\/","title":{"rendered":"Moody&rsquo;s d\u00e9grade la note souveraine de la France"},"content":{"rendered":"<p> <br \/>\n<\/p>\n<div>\n<p><span data-contrast=\"auto\">L&rsquo;agence Moody&rsquo;s n&rsquo;aura gu\u00e8re laiss\u00e9 \u00e0 Fran\u00e7ois Bayrou le temps de s&rsquo;installer \u00e0 Matignon, d\u00e9gradant dans les heures suivantes la note souveraine de la France, au vu de la \u00ab\u00a0fragmentation politique\u00a0\u00bb du pays, peu propice selon elle au r\u00e9tablissement rapide des finances publiques. Est-ce un message de d\u00e9fiance face aux capacit\u00e9s du nouveau venu ?<\/span><span data-ccp-props=\"{&quot;134233117&quot;:false,&quot;134233118&quot;:false,&quot;335559738&quot;:300,&quot;335559739&quot;:300}\">\u00a0<\/span><\/p>\n<p><span data-contrast=\"auto\">\u00c0 peine un mois et demi apr\u00e8s sa pr\u00e9c\u00e9dente d\u00e9gradation de la note fran\u00e7aise, Moody&rsquo;s abaisse sa note Aa2, qui \u00e9tait assortie d&rsquo;une \u00ab\u00a0perspective n\u00e9gative\u00a0\u00bb signalant une d\u00e9gradation probable \u00e0 plus ou moins br\u00e8ve \u00e9ch\u00e9ance, \u00e0 Aa3, avec perspective stable. Tout semble s&rsquo;acc\u00e9l\u00e9rer<\/span><span data-ccp-props=\"{&quot;134233117&quot;:false,&quot;134233118&quot;:false,&quot;335559738&quot;:300,&quot;335559739&quot;:300}\">\u00a0<\/span><\/p>\n<p><span data-contrast=\"auto\">L&rsquo;agence, qui classait la France jusque-l\u00e0 l\u00e9g\u00e8rement au-dessus de ses concurrentes, les rejoint : S&amp;P classe la France AA- avec perspective stable, et Fitch AA- avec perspective n\u00e9gative.<\/span><span data-ccp-props=\"{&quot;134233117&quot;:false,&quot;134233118&quot;:false,&quot;335559738&quot;:300,&quot;335559739&quot;:300}\">\u00a0<\/span><\/p>\n<p><span data-contrast=\"auto\">L&rsquo;agence s&rsquo;est inqui\u00e9t\u00e9e \u00e0 plusieurs reprises de la situation d&rsquo;incertitude dans laquelle est plong\u00e9e la France depuis la dissolution de l&rsquo;Assembl\u00e9e nationale annonc\u00e9e le 9 juin par le pr\u00e9sident Emmanuel Macron.<\/span><span data-ccp-props=\"{&quot;134233117&quot;:false,&quot;134233118&quot;:false,&quot;335559738&quot;:300,&quot;335559739&quot;:300}\">\u00a0<\/span><\/p>\n<p><span data-contrast=\"auto\">La mise sous perspective n\u00e9gative de la pr\u00e9c\u00e9dente note date de fin octobre seulement, et Moody&rsquo;s avait fait savoir le jour-m\u00eame de la censure du gouvernement de Michel Barnier, le 4 d\u00e9cembre, que cet \u00e9v\u00e8nement ne pouvait \u00eatre que \u00ab\u00a0n\u00e9gatif\u00a0\u00bb pour la note de cr\u00e9dit de la France.<\/span><span data-ccp-props=\"{&quot;134233117&quot;:false,&quot;134233118&quot;:false,&quot;335559738&quot;:300,&quot;335559739&quot;:300}\">\u00a0<\/span><\/p>\n<p><span data-contrast=\"auto\">Bercy semblait n\u00e9anmoins comme d&rsquo;habitude ne pas s&rsquo;attendre \u00e0 une nouvelle action aussi rapide, dont le ministre de l&rsquo;Economie et des Finances Antoine Armand a aussit\u00f4t \u00ab\u00a0pris acte\u00a0\u00bb.<\/span><span data-ccp-props=\"{&quot;134233117&quot;:false,&quot;134233118&quot;:false,&quot;335559738&quot;:300,&quot;335559739&quot;:300}\">\u00a0<\/span><\/p>\n<p><span data-contrast=\"auto\">Pour Moody&rsquo;s, les finances publiques de la France seront \u00ab\u00a0consid\u00e9rablement plus faibles\u00a0\u00bb dans les trois prochaines ann\u00e9es que ce qu&rsquo;elle pr\u00e9voyait auparavant, en raison d&rsquo;une \u00ab\u00a0fragmentation politique plus susceptible d&#8217;emp\u00eacher une consolidation budg\u00e9taire significative\u00a0\u00bb.<\/span><span data-ccp-props=\"{&quot;134233117&quot;:false,&quot;134233118&quot;:false,&quot;335559738&quot;:300,&quot;335559739&quot;:300}\">\u00a0<\/span><\/p>\n<p><span data-contrast=\"auto\">Elle juge la probabilit\u00e9 \u00ab\u00a0faible\u00a0\u00bb de voir le prochain gouvernement \u00ab\u00a0r\u00e9duire durablement l&rsquo;\u00e9tendue du d\u00e9ficit budg\u00e9taire au-del\u00e0 de l&rsquo;ann\u00e9e prochaine\u00a0\u00bb.<\/span><span data-ccp-props=\"{&quot;134233117&quot;:false,&quot;134233118&quot;:false,&quot;335559738&quot;:300,&quot;335559739&quot;:300}\">\u00a0<\/span><\/p>\n<p><span data-contrast=\"none\" data-ccp-parastyle=\"heading 2\"><strong>&#8211; \u00ab\u00a0D\u00e9cennies enti\u00e8res\u00a0\u00bb &#8211;<\/strong><\/span><span data-ccp-props=\"{&quot;134233117&quot;:false,&quot;134233118&quot;:false,&quot;134245418&quot;:true,&quot;134245529&quot;:true,&quot;201341983&quot;:0,&quot;335559738&quot;:600,&quot;335559739&quot;:360,&quot;335559740&quot;:450}\">\u00a0<\/span><\/p>\n<p><span data-contrast=\"auto\">Alors que le gouvernement Barnier misait sur un d\u00e9ficit public de 6,1% du PIB cette ann\u00e9e, et avait construit ses textes budg\u00e9taires sur la base d&rsquo;un d\u00e9ficit public de 5% en 2025, pour revenir sous la limite des 3% tol\u00e9r\u00e9e par Bruxelles en 2029, Moody&rsquo;s n&rsquo;y croit pas, \u00e9chaud\u00e9 par les tergiversations et mensonges des pr\u00e9c\u00e9dents gouvernement.<\/span><span data-ccp-props=\"{&quot;134233117&quot;:false,&quot;134233118&quot;:false,&quot;335559738&quot;:300,&quot;335559739&quot;:300}\">\u00a0<\/span><\/p>\n<p><span data-contrast=\"auto\">L&rsquo;agence de notation anticipe un d\u00e9ficit public stagnant \u00e0 6,3% du PIB en 2025, et toujours \u00e0 5,2% en 2027. Ainsi, au lieu de se r\u00e9duire, la dette publique passerait de 113,3% du PIB en 2024 \u00e0 environ 120% en 2027.<\/span><span data-ccp-props=\"{&quot;134233117&quot;:false,&quot;134233118&quot;:false,&quot;335559738&quot;:300,&quot;335559739&quot;:300}\">\u00a0<\/span><\/p>\n<p><span data-contrast=\"auto\">\u00ab\u00a0Si la capacit\u00e9 d\u2019endettement est depuis longtemps un atout relatif de la France en mati\u00e8re de cr\u00e9dit, cet atout s\u2019\u00e9rode par rapport \u00e0 ses pairs b\u00e9n\u00e9ficiant d\u2019une note similaire\u00a0\u00bb, observe Moody&rsquo;s.<\/span><span data-ccp-props=\"{&quot;134233117&quot;:false,&quot;134233118&quot;:false,&quot;335559738&quot;:300,&quot;335559739&quot;:300}\">\u00a0<\/span><\/p>\n<p><span data-contrast=\"auto\">Antoine Armand a estim\u00e9 dans son communiqu\u00e9 que la nomination de Fran\u00e7ois Bayrou apportait \u00ab\u00a0une r\u00e9ponse explicite\u00a0\u00bb aux inqui\u00e9tudes de l&rsquo;agence de notation.<\/span><span data-ccp-props=\"{&quot;134233117&quot;:false,&quot;134233118&quot;:false,&quot;335559738&quot;:300,&quot;335559739&quot;:300}\">\u00a0<\/span><\/p>\n<p><span data-contrast=\"auto\">Michel Barnier et Fran\u00e7ois Bayrou ont en effet montr\u00e9 une forte attention \u00e0 ces questions lors de leur tr\u00e8s courtoise passation de pouvoir, vendredi apr\u00e8s-midi.<\/span><span data-ccp-props=\"{&quot;134233117&quot;:false,&quot;134233118&quot;:false,&quot;335559738&quot;:300,&quot;335559739&quot;:300}\">\u00a0<\/span><\/p>\n<p><span data-contrast=\"auto\">Barnier a voulu laisser un message solennel : \u00ab\u00a0On aurait tort d&rsquo;oublier le d\u00e9ficit et la dette (&#8230;) faute de quoi ils se rappelleront brutalement \u00e0 nous tous\u00a0\u00bb.<\/span><\/p>\n<p><span data-contrast=\"auto\">\u00ab\u00a0Nul plus que moi ne conna\u00eet la difficult\u00e9 de la situation\u00a0\u00bb, lui a r\u00e9pondu M. Bayrou, rappelant avoir \u00ab\u00a0pris des risques inconsid\u00e9r\u00e9s dans (sa) vie politique pour poser (lors d&rsquo;\u00e9lections, y compris pr\u00e9sidentielles, auxquelles il se pr\u00e9sentait) la question de la dette et des d\u00e9ficits\u00a0\u00bb.<\/span><span data-ccp-props=\"{&quot;134233117&quot;:false,&quot;134233118&quot;:false,&quot;335559738&quot;:300,&quot;335559739&quot;:300}\">\u00a0<\/span><\/p>\n<p><span data-contrast=\"auto\">\u00ab\u00a0Et tout le monde disait \u201cil est compl\u00e8tement fou, on ne fait pas une campagne sur la dette\u201d, a-t-il rappel\u00e9 en souriant.<\/span><span data-ccp-props=\"{&quot;134233117&quot;:false,&quot;134233118&quot;:false,&quot;335559738&quot;:300,&quot;335559739&quot;:300}\">\u00a0<\/span><\/p>\n<p><span data-contrast=\"auto\">Jugeant qu&rsquo;il s&rsquo;agit d&rsquo;un probl\u00e8me \u00e0 la fois financier mais aussi \u00ab\u00a0moral\u00a0\u00bb, avec le poids que la dette fait peser sur les enfants, le nouveau locataire de Matignon a promis que devant cette situation \u00ab\u00a0h\u00e9rit\u00e9e de d\u00e9cennies enti\u00e8res\u00a0\u00bb, il aurait pour \u00ab\u00a0ligne de conduite\u00a0\u00bb de \u00ab\u00a0ne rien cacher, de ne rien n\u00e9gliger et de ne rien laisser de c\u00f4t\u00e9\u00a0\u00bb.<\/span><span data-ccp-props=\"{&quot;134233117&quot;:false,&quot;134233118&quot;:false,&quot;335559738&quot;:300,&quot;335559739&quot;:300}\">\u00a0<\/span><\/p>\n<p><span data-ccp-props=\"{}\">\u00a0<\/span><\/p>\n<\/div>\n<p><script>(function(d, s, id) {  var js, fjs = d.getElementsByTagName(s)[0];  if (d.getElementById(id)) return;  js = d.createElement(s); js.id = id;  js.src = \"\/\/connect.facebook.net\/fr_FR\/sdk.js#xfbml=1&version=v2.3\";  fjs.parentNode.insertBefore(js, fjs);}(document, \"script\", \"facebook-jssdk\"));<\/script><br \/>\n<br \/><br \/>\n<br \/><a href=\"https:\/\/www.francesoir.fr\/politique-france\/moody-s-degrade-la-note-souveraine-de-la-france\" target=\"_blank\"\">Source link <\/a><\/p>\n","protected":false},"excerpt":{"rendered":"<p>L&rsquo;agence Moody&rsquo;s n&rsquo;aura gu\u00e8re laiss\u00e9 \u00e0 Fran\u00e7ois Bayrou le temps de s&rsquo;installer \u00e0 Matignon, d\u00e9gradant dans les heures suivantes la note souveraine de la France, au vu de la \u00ab\u00a0fragmentation&hellip; <\/p>\n","protected":false},"author":1,"featured_media":2190,"comment_status":"open","ping_status":"open","sticky":false,"template":"","format":"standard","meta":{"footnotes":""},"categories":[1],"tags":[],"class_list":["post-2189","post","type-post","status-publish","format-standard","has-post-thumbnail","hentry","category-non-classe"],"_links":{"self":[{"href":"https:\/\/monde25.info\/index.php\/wp-json\/wp\/v2\/posts\/2189","targetHints":{"allow":["GET"]}}],"collection":[{"href":"https:\/\/monde25.info\/index.php\/wp-json\/wp\/v2\/posts"}],"about":[{"href":"https:\/\/monde25.info\/index.php\/wp-json\/wp\/v2\/types\/post"}],"author":[{"embeddable":true,"href":"https:\/\/monde25.info\/index.php\/wp-json\/wp\/v2\/users\/1"}],"replies":[{"embeddable":true,"href":"https:\/\/monde25.info\/index.php\/wp-json\/wp\/v2\/comments?post=2189"}],"version-history":[{"count":0,"href":"https:\/\/monde25.info\/index.php\/wp-json\/wp\/v2\/posts\/2189\/revisions"}],"wp:featuredmedia":[{"embeddable":true,"href":"https:\/\/monde25.info\/index.php\/wp-json\/wp\/v2\/media\/2190"}],"wp:attachment":[{"href":"https:\/\/monde25.info\/index.php\/wp-json\/wp\/v2\/media?parent=2189"}],"wp:term":[{"taxonomy":"category","embeddable":true,"href":"https:\/\/monde25.info\/index.php\/wp-json\/wp\/v2\/categories?post=2189"},{"taxonomy":"post_tag","embeddable":true,"href":"https:\/\/monde25.info\/index.php\/wp-json\/wp\/v2\/tags?post=2189"}],"curies":[{"name":"wp","href":"https:\/\/api.w.org\/{rel}","templated":true}]}}