{"id":21895,"date":"2026-01-04T21:33:42","date_gmt":"2026-01-04T20:33:42","guid":{"rendered":"https:\/\/monde25.info\/index.php\/2026\/01\/04\/tot-ou-tard-ils-vous-accuseront-de-trafic-de-drogue-vous-chavez-personnellement-cette-video-darchive-dune-declaration-de-lex-dirigeant-venezuelien-hugo-chav\/"},"modified":"2026-01-04T21:33:42","modified_gmt":"2026-01-04T20:33:42","slug":"tot-ou-tard-ils-vous-accuseront-de-trafic-de-drogue-vous-chavez-personnellement-cette-video-darchive-dune-declaration-de-lex-dirigeant-venezuelien-hugo-chav","status":"publish","type":"post","link":"https:\/\/monde25.info\/index.php\/2026\/01\/04\/tot-ou-tard-ils-vous-accuseront-de-trafic-de-drogue-vous-chavez-personnellement-cette-video-darchive-dune-declaration-de-lex-dirigeant-venezuelien-hugo-chav\/","title":{"rendered":"\u00abT\u00f4t ou tard, ils vous accuseront de trafic de drogue, vous, Ch\u00e1vez personnellement\u00bb : cette vid\u00e9o d\u2019archive d\u2019une d\u00e9claration de l\u2019ex-dirigeant v\u00e9n\u00e9zu\u00e9lien Hugo Ch\u00e1vez circule sur les r\u00e9seaux sociaux"},"content":{"rendered":"<p> <br \/>\n<\/p>\n<div id=\"main-content\">\n<div class=\"single-style1-wrap\">\n<div class=\"single-style1-content single-content clearfix\">\n<div class=\"thumb-wrap\"><img width=\"740\" height=\"431\" src=\"https:\/\/i0.wp.com\/reseauinternational.net\/wp-content\/uploads\/2026\/01\/Chavez-20260104.jpg?resize=740%2C431&amp;ssl=1\" class=\"attachment-blog_classic_thumb size-blog_classic_thumb wp-post-image\" alt=\"\" decoding=\"async\" fetchpriority=\"high\" srcset=\"https:\/\/i0.wp.com\/reseauinternational.net\/wp-content\/uploads\/2026\/01\/Chavez-20260104.jpg?w=800&amp;ssl=1 800w, https:\/\/i0.wp.com\/reseauinternational.net\/wp-content\/uploads\/2026\/01\/Chavez-20260104.jpg?resize=300%2C174&amp;ssl=1 300w, https:\/\/i0.wp.com\/reseauinternational.net\/wp-content\/uploads\/2026\/01\/Chavez-20260104.jpg?resize=768%2C446&amp;ssl=1 768w, https:\/\/i0.wp.com\/reseauinternational.net\/wp-content\/uploads\/2026\/01\/Chavez-20260104.jpg?resize=740%2C431&amp;ssl=1 740w\" sizes=\"(max-width: 740px) 100vw, 740px\"\/><\/div>\n<div class=\"post-content-wrap\">\n[campaigns columns=1}<\/p>\n<p>Cette vid\u00e9o d\u2019archive d\u2019une d\u00e9claration de l\u2019ex-dirigeant v\u00e9n\u00e9zu\u00e9lien Hugo Ch\u00e1vez circule sur les r\u00e9seaux sociaux<\/p>\n<p>Sur les images, il se souvient d\u2019un avertissement qui lui avait \u00e9t\u00e9 fait quelques ann\u00e9es plus t\u00f4t: \u00abIls essaieront de vous appliquer\u00a0<a target=\"_blank\" href=\"https:\/\/t.me\/sputnik_afrique\/67467\" target=\"_blank\" rel=\"noreferrer noopener\">la m\u00e9thode Noriega<\/a>\u00bb.<\/p>\n<p><em>\u00abls cherchent un moyen de lier directement Ch\u00e1vez au trafic de drogue. Et ensuite, tout est bon \u00e0 prendre contre le \u00ab\u00a0Pr\u00e9sident trafiquant de drogue\u00a0\u00bb,<\/em>\u00a0n\u2019est-ce pas?\u00bb<\/p>\n<p><center><\/p>\n<p><iframe loading=\"lazy\" src=\"https:\/\/vk.com\/video_ext.php?oid=-221416054&amp;id=456408552&amp;hash=ac8383caadb83fc5\" width=\"640\" height=\"360\" frameborder=\"0\" allowfullscreen=\"1\" allow=\"autoplay; encrypted-media; fullscreen; picture-in-picture\"><\/iframe><\/p>\n<p><\/center><\/p>\n<p>source : <a target=\"_blank\" href=\"https:\/\/francais.news-pravda.com\/ue\/2026\/01\/04\/675754.html\" target=\"_blank\" rel=\"noopener\" title=\"Pravda\">Pravda<\/a><\/p>\n<div class=\"sharedaddy sd-block sd-like jetpack-likes-widget-wrapper jetpack-likes-widget-unloaded\" id=\"like-post-wrapper-237719536-503924-695acd78776bd\" data-src=\"https:\/\/widgets.wp.com\/likes\/?ver=15.2#blog_id=237719536&amp;post_id=503924&amp;origin=reseauinternational.net&amp;obj_id=237719536-503924-695acd78776bd\" data-name=\"like-post-frame-237719536-503924-695acd78776bd\" data-title=\"Aimer ou rebloguer\">\n<h3 class=\"sd-title\">J\u2019aime \u00e7a\u00a0:<\/h3>\n<p><span class=\"button\"><span>J\u2019aime<\/span><\/span> <span class=\"loading\">chargement\u2026<\/span><\/p>\n<p><span class=\"sd-text-color\"\/><a target=\"_blank\" class=\"sd-link-color\"\/><\/div>\n<p><meta itemscope=\"\" itemprop=\"mainEntityOfPage\" itemtype=\"https:\/\/schema.org\/WebPage\" itemid=\"https:\/\/reseauinternational.net\/tot-ou-tard-ils-vous-accuseront-de-trafic-de-drogue-vous-chavez-personnellement-cette-video-darchive-dune-declaration-de-lex-dirigeant-venezuelien-hugo-chavez-circule-sur-les-re\/\"\/><meta itemprop=\"headline\" content=\"\u00abT\u00f4t ou tard, ils vous accuseront de trafic de drogue, vous, Ch\u00e1vez personnellement\u00bb : cette vid\u00e9o d\u2019archive d\u2019une d\u00e9claration de l\u2019ex-dirigeant v\u00e9n\u00e9zu\u00e9lien Hugo Ch\u00e1vez circule sur les r\u00e9seaux sociaux\"\/><span style=\"display: none;\" itemprop=\"author\" itemscope=\"\" itemtype=\"https:\/\/schema.org\/Person\"><meta itemprop=\"name\" content=\"R\u00e9seau International\"\/><\/span><span style=\"display: none;\" itemprop=\"image\" itemscope=\"\" itemtype=\"https:\/\/schema.org\/ImageObject\"><meta itemprop=\"url\" content=\"https:\/\/i0.wp.com\/reseauinternational.net\/wp-content\/uploads\/2026\/01\/Chavez-20260104.jpg?fit=800%2C465&amp;ssl=1\"\/><meta itemprop=\"width\" content=\"800\"\/><meta itemprop=\"height\" content=\"465\"\/><\/span><span style=\"display: none;\" itemprop=\"publisher\" itemscope=\"\" itemtype=\"https:\/\/schema.org\/Organization\"><span style=\"display: none;\" itemprop=\"logo\" itemscope=\"\" itemtype=\"https:\/\/schema.org\/ImageObject\"><meta itemprop=\"url\" content=\"https:\/\/reseauinternational.net\/wp-content\/uploads\/2022\/06\/Capture-de\u0301cran-2022-06-14-a\u0300-16.51.07.png\"\/><\/span><meta itemprop=\"name\" content=\"R\u00e9seau International\"\/><\/span><meta itemprop=\"datePublished\" content=\"2026-01-04T21:28:18+00:00\"\/><meta itemprop=\"dateModified\" content=\"2026-01-04T21:28:28+00:00\"\/><\/div>\n<p><!-- #post content --><\/div>\n<\/div>\n<p>\t\t    &#13;<br \/>\n    &#13;<br \/>\n    &#13;<br \/>\n    &#13;\n    <\/p><\/div>\n<p><br \/>\n<br \/><a href=\"https:\/\/reseauinternational.net\/tot-ou-tard-ils-vous-accuseront-de-trafic-de-drogue-vous-chavez-personnellement-cette-video-darchive-dune-declaration-de-lex-dirigeant-venezuelien-hugo-chavez-circule-sur-les-re\/\" target=\"_blank\"\">Source link <\/a><\/p>\n","protected":false},"excerpt":{"rendered":"<p>[campaigns columns=1} Cette vid\u00e9o d\u2019archive d\u2019une d\u00e9claration de l\u2019ex-dirigeant v\u00e9n\u00e9zu\u00e9lien Hugo Ch\u00e1vez circule sur les r\u00e9seaux sociaux Sur les images, il se souvient d\u2019un avertissement qui lui avait \u00e9t\u00e9 fait&hellip; <\/p>\n","protected":false},"author":1,"featured_media":21896,"comment_status":"open","ping_status":"open","sticky":false,"template":"","format":"standard","meta":{"footnotes":""},"categories":[1],"tags":[],"class_list":["post-21895","post","type-post","status-publish","format-standard","has-post-thumbnail","hentry","category-non-classe"],"_links":{"self":[{"href":"https:\/\/monde25.info\/index.php\/wp-json\/wp\/v2\/posts\/21895","targetHints":{"allow":["GET"]}}],"collection":[{"href":"https:\/\/monde25.info\/index.php\/wp-json\/wp\/v2\/posts"}],"about":[{"href":"https:\/\/monde25.info\/index.php\/wp-json\/wp\/v2\/types\/post"}],"author":[{"embeddable":true,"href":"https:\/\/monde25.info\/index.php\/wp-json\/wp\/v2\/users\/1"}],"replies":[{"embeddable":true,"href":"https:\/\/monde25.info\/index.php\/wp-json\/wp\/v2\/comments?post=21895"}],"version-history":[{"count":0,"href":"https:\/\/monde25.info\/index.php\/wp-json\/wp\/v2\/posts\/21895\/revisions"}],"wp:featuredmedia":[{"embeddable":true,"href":"https:\/\/monde25.info\/index.php\/wp-json\/wp\/v2\/media\/21896"}],"wp:attachment":[{"href":"https:\/\/monde25.info\/index.php\/wp-json\/wp\/v2\/media?parent=21895"}],"wp:term":[{"taxonomy":"category","embeddable":true,"href":"https:\/\/monde25.info\/index.php\/wp-json\/wp\/v2\/categories?post=21895"},{"taxonomy":"post_tag","embeddable":true,"href":"https:\/\/monde25.info\/index.php\/wp-json\/wp\/v2\/tags?post=21895"}],"curies":[{"name":"wp","href":"https:\/\/api.w.org\/{rel}","templated":true}]}}