{"id":21897,"date":"2026-01-04T22:06:36","date_gmt":"2026-01-04T21:06:36","guid":{"rendered":"https:\/\/monde25.info\/index.php\/2026\/01\/04\/rodriguez-paiera-plus-cher-que-maduro-si-elle-ne-fait-pas-ce-quil-faut-menace-trump-rt-en-francais\/"},"modified":"2026-01-04T22:06:36","modified_gmt":"2026-01-04T21:06:36","slug":"rodriguez-paiera-plus-cher-que-maduro-si-elle-ne-fait-pas-ce-quil-faut-menace-trump-rt-en-francais","status":"publish","type":"post","link":"https:\/\/monde25.info\/index.php\/2026\/01\/04\/rodriguez-paiera-plus-cher-que-maduro-si-elle-ne-fait-pas-ce-quil-faut-menace-trump-rt-en-francais\/","title":{"rendered":"Rodr\u00edguez paiera \u00abplus cher que Maduro\u00bb, si elle \u00abne fait pas ce qu\u2019il faut\u00bb, menace Trump \u2014 RT en fran\u00e7ais"},"content":{"rendered":"<p> <br \/>\n<br \/><img decoding=\"async\" src=\"https:\/\/mf.b37mrtl.ru\/french\/images\/2026.01\/thumbnail\/695ac10a6f7ccc33c636f94b.jpg\" \/><\/p>\n<div>\n<p class=\"text__summary\">\n                                        Quelques heures apr\u00e8s l\u2019investiture de Delcy Rodr\u00edguez comme pr\u00e9sidente par int\u00e9rim du Venezuela, le pr\u00e9sident des \u00c9tats-Unis a mis en garde que celle-ci pourrait \u00abpayer [\u2026] plus cher\u00bb que Nicol\u00e1s Maduro, enlev\u00e9 avec sa femme la veille par les forces am\u00e9ricaines, si elle \u00abne fait pas ce qu\u2019il faut\u00bb.\n                                    <\/p>\n<p>\u00c0 peine institu\u00e9e, d\u00e9j\u00e0 menac\u00e9e. Dans <a target=\"_blank\" href=\"https:\/\/www.theatlantic.com\/national-security\/2026\/01\/trump-venezuela-maduro-delcy-rodriguez\/685497\/\">une interview<\/a> t\u00e9l\u00e9phonique accord\u00e9e ce 4 janvier\u00a0\u00e0\u00a0<em>The Atlantic<\/em>, Donald Trump a d\u00e9clar\u00e9 que la pr\u00e9sidente par int\u00e9rim du Venezuela, Delcy Rodr\u00edguez, paiera \u00ab plus cher que Maduro\u00a0\u00bb si elle \u00ab\u00a0ne fait pas ce qu\u2019il faut\u00a0\u00bb.<\/p>\n<p>Il a affirm\u00e9 que si le comportement de la pr\u00e9sidente par int\u00e9rim ne lui convenait pas, elle en paierait \u00ab le prix fort, probablement plus cher que Maduro\u00a0\u00bb, ceci au lendemain de l\u2019enl\u00e8vement par les forces am\u00e9ricaines du pr\u00e9sident v\u00e9n\u00e9zu\u00e9lien et de sa femme en vue de les traduire devant \u00ab\u00a0la justice am\u00e9ricaine \u00bb.<\/p>\n<p>\u00ab\u00a0Reconstruire le pays n\u2019est pas une mauvaise chose\u00a0\u00bb, a continu\u00e9 le pr\u00e9sident des \u00c9tats-Unis. Le Venezuela est \u00ab\u00a0en faillite. Ce pays est une catastrophe dans tous les domaines\u00a0\u00bb, a ajout\u00e9 Donald Trump au sujet de l&rsquo;\u00c9tat sud-am\u00e9ricain sous embargo p\u00e9trolier depuis plusieurs ann\u00e9es.<\/p>\n<h3>\u00ab\u00a0Nous ne serons plus jamais une colonie d&rsquo;aucun empire\u00a0\u00bb, affirme Rodriguez<\/h3>\n<p>Dans la foul\u00e9e de ce coup de force de Washington, le chef d\u2019\u00c9tat nord-am\u00e9ricain avait assur\u00e9 que Delcy Rodr\u00edguez \u00e9tait \u00ab\u00a0fondamentalement dispos\u00e9e \u00e0 faire ce que nous [les \u00c9tats-Unis] jugeons n\u00e9cessaire pour que le Venezuela retrouve sa grandeur\u00a0\u00bb.<\/p>\n<p>Vice-pr\u00e9sidente depuis 2018, Delcy Rodr\u00edguez a \u00e9t\u00e9 d\u00e9sign\u00e9e le 3 janvier par la Cour supr\u00eame du\u00a0Venezuela afin d&rsquo;assurer l&rsquo;int\u00e9rim du pouvoir apr\u00e8s l&rsquo;enl\u00e8vement du pr\u00e9sident du pays.<\/p>\n<p>\u00ab\u00a0Nous ne serons plus jamais une colonie d&rsquo;aucun empire \u00bb, a de son c\u00f4t\u00e9 d\u00e9clar\u00e9 Rodr\u00edguez, affirmant que le pays \u00e9tait \u00ab pr\u00eat \u00bb \u00e0 se \u00ab\u00a0d\u00e9fendre\u00a0\u00bb ainsi que ses \u00ab\u00a0ressources naturelles qui doivent servir au d\u00e9veloppement national\u00a0\u00bb. \u00ab\u00a0L\u2019unique pr\u00e9sident du Venezuela, c\u2019est le pr\u00e9sident Nicol\u00e1s Maduro\u00a0\u00bb, a-t-elle \u00e9galement lanc\u00e9, exigeant sa lib\u00e9ration et celle de sa femme.<\/p>\n<p>\u00ab\u00a0Nous avons besoin du Groenland, absolument\u00a0\u00bb, a par ult\u00e9rieurement d\u00e9clar\u00e9 Donald Trump \u00e0 <em>The Atlantic<\/em>, r\u00e9pondant \u00e0 la question de savoir si le Venezuela serait le dernier pays \u00e0 subir une intervention am\u00e9ricaine.<\/p>\n<\/div>\n<p><br \/>\n<br \/><a href=\"https:\/\/francais.rt.com\/international\/129061-venezuela-rodriguez-payer-plus-maduro\" target=\"_blank\"\">Source link <\/a><\/p>\n","protected":false},"excerpt":{"rendered":"<p>Quelques heures apr\u00e8s l\u2019investiture de Delcy Rodr\u00edguez comme pr\u00e9sidente par int\u00e9rim du Venezuela, le pr\u00e9sident des \u00c9tats-Unis a mis en garde que celle-ci pourrait \u00abpayer [\u2026] plus cher\u00bb que Nicol\u00e1s&hellip; <\/p>\n","protected":false},"author":1,"featured_media":21898,"comment_status":"open","ping_status":"open","sticky":false,"template":"","format":"standard","meta":{"footnotes":""},"categories":[1],"tags":[],"class_list":["post-21897","post","type-post","status-publish","format-standard","has-post-thumbnail","hentry","category-non-classe"],"_links":{"self":[{"href":"https:\/\/monde25.info\/index.php\/wp-json\/wp\/v2\/posts\/21897","targetHints":{"allow":["GET"]}}],"collection":[{"href":"https:\/\/monde25.info\/index.php\/wp-json\/wp\/v2\/posts"}],"about":[{"href":"https:\/\/monde25.info\/index.php\/wp-json\/wp\/v2\/types\/post"}],"author":[{"embeddable":true,"href":"https:\/\/monde25.info\/index.php\/wp-json\/wp\/v2\/users\/1"}],"replies":[{"embeddable":true,"href":"https:\/\/monde25.info\/index.php\/wp-json\/wp\/v2\/comments?post=21897"}],"version-history":[{"count":0,"href":"https:\/\/monde25.info\/index.php\/wp-json\/wp\/v2\/posts\/21897\/revisions"}],"wp:featuredmedia":[{"embeddable":true,"href":"https:\/\/monde25.info\/index.php\/wp-json\/wp\/v2\/media\/21898"}],"wp:attachment":[{"href":"https:\/\/monde25.info\/index.php\/wp-json\/wp\/v2\/media?parent=21897"}],"wp:term":[{"taxonomy":"category","embeddable":true,"href":"https:\/\/monde25.info\/index.php\/wp-json\/wp\/v2\/categories?post=21897"},{"taxonomy":"post_tag","embeddable":true,"href":"https:\/\/monde25.info\/index.php\/wp-json\/wp\/v2\/tags?post=21897"}],"curies":[{"name":"wp","href":"https:\/\/api.w.org\/{rel}","templated":true}]}}