{"id":219,"date":"2024-11-16T02:13:10","date_gmt":"2024-11-16T01:13:10","guid":{"rendered":"https:\/\/monde25.info\/index.php\/2024\/11\/16\/les-accusations-de-genocide-a-gaza-se-multiplient-contre-israel-alertes-sur-la-famine-et-les-deplacements-forces-au-nord-de-lenclave\/"},"modified":"2024-11-16T02:13:10","modified_gmt":"2024-11-16T01:13:10","slug":"les-accusations-de-genocide-a-gaza-se-multiplient-contre-israel-alertes-sur-la-famine-et-les-deplacements-forces-au-nord-de-lenclave","status":"publish","type":"post","link":"https:\/\/monde25.info\/index.php\/2024\/11\/16\/les-accusations-de-genocide-a-gaza-se-multiplient-contre-israel-alertes-sur-la-famine-et-les-deplacements-forces-au-nord-de-lenclave\/","title":{"rendered":"Les accusations de g\u00e9nocide \u00e0 Gaza se multiplient contre Isra\u00ebl, alertes sur la famine et les d\u00e9placements forc\u00e9s au nord de l\u2019enclave"},"content":{"rendered":"<p> <br \/>\n<\/p>\n<div>\n<p><span data-contrast=\"auto\">Les m\u00e9thodes de guerre employ\u00e9es lors d&rsquo;op\u00e9rations isra\u00e9liennes \u00e0 Gaza, particuli\u00e8rement au nord ces derni\u00e8res semaines, \u201ccorrespondent aux caract\u00e9ristiques d\u2019un g\u00e9nocide\u201d, affirme le Comit\u00e9 sp\u00e9cial de l\u2019ONU. Au moins 220 Palestiniens ont \u00e9t\u00e9 tu\u00e9s depuis vendredi dernier \u00e0 Gaza, o\u00f9 Tsahal poursuit aussi bien ses incursions terrestres que ses bombardements. Tel Aviv, qui pilonne aussi le Liban, \u00e9carte tout cessez-le-feu avec le Hezbollah tandis que les n\u00e9gociations avec le Hamas sont au point mort apr\u00e8s le retrait du m\u00e9diateur qatari. L\u2019ONU r\u00e9it\u00e8re ses alertes sur la famine et la situation humanitaire tandis que les accusations de g\u00e9nocide contre Isra\u00ebl s\u2019accentuent.<\/span><span data-ccp-props=\"{&quot;134233117&quot;:false,&quot;134233118&quot;:false,&quot;201341983&quot;:0,&quot;335559738&quot;:270,&quot;335559739&quot;:270,&quot;335559740&quot;:324}\">\u00a0<\/span><\/p>\n<p><span data-contrast=\"auto\">Le weekend dernier, au moins 51 personnes ont \u00e9t\u00e9 tu\u00e9es \u00e0 Gaza. Dans le nord de ce territoire palestinien, th\u00e9\u00e2tre d\u2019une op\u00e9ration terrestre et de bombardements de l\u2019arm\u00e9e isra\u00e9lienne, le bilan des morts se chiffre en centaines de personnes. La d\u00e9fense civile palestinienne avance un chiffre de 1 300 morts en un mois, pr\u00e9cisant que beaucoup de corps restent encore sous les d\u00e9combres.<\/span><span data-ccp-props=\"{&quot;134233117&quot;:false,&quot;134233118&quot;:false,&quot;201341983&quot;:0,&quot;335559738&quot;:270,&quot;335559739&quot;:270,&quot;335559740&quot;:324}\">\u00a0<\/span><\/p>\n<p><span data-contrast=\"auto\"><strong>Plus de 220 morts en une semaine, 100 000 Palestiniens d\u00e9plac\u00e9s dans le nord<\/strong><\/span><span data-ccp-props=\"{&quot;134233117&quot;:false,&quot;134233118&quot;:false,&quot;201341983&quot;:0,&quot;335559738&quot;:150,&quot;335559739&quot;:270,&quot;335559740&quot;:288}\"><strong>\u00a0<\/strong><\/span><\/p>\n<p><span data-contrast=\"auto\">Les forces de Tsahal intensifient leur incursion dans la ville de Beit Hanoun (Nord) et la D\u00e9fense civile a annonc\u00e9 mercredi un bilan d\u2019au moins 14 personnes ayant p\u00e9ri dans plusieurs frappes isra\u00e9liennes. Pr\u00e8s de Beit Lahiya, cinq personnes ont \u00e9t\u00e9 tu\u00e9es dans un bombardement qui a cibl\u00e9 un groupe de personnes situ\u00e9 aux abords de l\u2019h\u00f4pital Kamal Adwan. Cinq autres personnes ont \u00e9t\u00e9 tu\u00e9es dans deux attaques s\u00e9par\u00e9es \u00e0 Nousseirat (Centre de Gaza) o\u00f9 l\u2019arm\u00e9e isra\u00e9lienne a lanc\u00e9 un raid cette semaine.\u00a0<\/span><span data-ccp-props=\"{&quot;134233117&quot;:false,&quot;134233118&quot;:false,&quot;201341983&quot;:0,&quot;335559738&quot;:270,&quot;335559739&quot;:270,&quot;335559740&quot;:324}\">\u00a0<\/span><\/p>\n<p><span data-contrast=\"auto\">Jeudi, le minist\u00e8re de la Sant\u00e9 du gouvernement du Hamas \u00e0 Gaza a annonc\u00e9 un nouveau bilan de 43 736 morts dans le territoire palestinien depuis le d\u00e9but de la guerre avec Isra\u00ebl il y a plus d&rsquo;un an, soit au moins 228 autres morts depuis vendredi dernier. Au cours des derni\u00e8res 24 heures, au moins 24 personnes sont mortes. Le nombre de bless\u00e9s est de 103 370, selon la m\u00eame source. Un rapport du Haut-Commissariat de l&rsquo;ONU aux droits de l&rsquo;Homme, publi\u00e9 vendredi dernier, affirme que les femmes et les enfants ont repr\u00e9sent\u00e9 \u00ab\u00a0pr\u00e8s de 70%\u00a0\u00bb des morts dans la bande de Gaza sur la p\u00e9riode entre novembre 2023 et avril 2024.\u00a0<\/span><span data-ccp-props=\"{&quot;134233117&quot;:false,&quot;134233118&quot;:false,&quot;201341983&quot;:0,&quot;335559738&quot;:270,&quot;335559739&quot;:270,&quot;335559740&quot;:324}\">\u00a0<\/span><\/p>\n<p><span data-contrast=\"auto\">Les op\u00e9rations isra\u00e9liennes dans le nord provoquent \u00e9galement des d\u00e9placements forc\u00e9s et selon l\u2019ONU, quelque 100 000 Palestiniens ont \u00e9t\u00e9 forc\u00e9s de fuir le gouvernorat, l\u2019arm\u00e9e isra\u00e9lienne laissant entendre qu\u2019ils ne seraient pas autoris\u00e9s \u00e0 y revenir. Il ne resterait qu\u2019environ 75 000 personnes dans le triangle Beit Hanoun-Beit Lahya-Jabaliya. Selon les t\u00e9moignages d\u2019habitants \u00e0 Reuters, \u00ab\u00a0la catastrophe de 1948 se r\u00e9p\u00e8te\u201d et \u201cle nord de Gaza est en train de devenir une grande zone tampon, o\u00f9 Isra\u00ebl m\u00e8ne un nettoyage ethnique sous les yeux d\u2019un monde impuissant\u00a0\u00bb.<\/span><span data-ccp-props=\"{&quot;134233117&quot;:false,&quot;134233118&quot;:false,&quot;201341983&quot;:0,&quot;335559738&quot;:270,&quot;335559739&quot;:270,&quot;335559740&quot;:324}\">\u00a0<\/span><\/p>\n<p><span data-contrast=\"auto\">Le m\u00eame rapport du Haut-Commissariat de l&rsquo;ONU alerte sur la famine, mettant en garde contre \u201cune probabilit\u00e9 imminente et substantielle de famine, en raison de la d\u00e9t\u00e9rioration rapide de la situation dans la bande de Gaza. Les seuils de famine ont peut-\u00eatre d\u00e9j\u00e0 \u00e9t\u00e9 franchis ou le seront dans un avenir proche\u201d, affirme-t-on.<\/span><span data-ccp-props=\"{&quot;134233117&quot;:false,&quot;134233118&quot;:false,&quot;201341983&quot;:0,&quot;335559738&quot;:270,&quot;335559739&quot;:270,&quot;335559740&quot;:324}\">\u00a0<\/span><\/p>\n<p><span data-contrast=\"auto\">Isra\u00ebl, qui a \u00e9t\u00e9 somm\u00e9 par Washington de faciliter l\u2019entr\u00e9e de l\u2019aide humanitaire, a annonc\u00e9 l&rsquo;ouverture mardi d&rsquo;un nouveau point de passage. Washington a affirm\u00e9 qu&rsquo;Isra\u00ebl \u201cn&rsquo;enfreignait pas le droit am\u00e9ricain concernant l&rsquo;aide humanitaire\u201d entrant dans le territoire mais a appel\u00e9 \u00e0 des progr\u00e8s suppl\u00e9mentaires. Le mouvement palestinien Hamas a critiqu\u00e9 ces d\u00e9clarations, accusant les \u00c9tats-Unis d&rsquo;\u00eatre complices d&rsquo;une \u00ab\u00a0guerre g\u00e9nocidaire\u00a0\u00bb.\u00a0<\/span><span data-ccp-props=\"{&quot;134233117&quot;:false,&quot;134233118&quot;:false,&quot;201341983&quot;:0,&quot;335559738&quot;:270,&quot;335559739&quot;:270,&quot;335559740&quot;:324}\"><strong>\u00a0<\/strong><\/span><\/p>\n<p><span data-contrast=\"auto\"><strong>Les accusations de g\u00e9nocide se multiplient<\/strong><\/span><span data-ccp-props=\"{&quot;134233117&quot;:false,&quot;134233118&quot;:false,&quot;201341983&quot;:0,&quot;335559738&quot;:150,&quot;335559739&quot;:270,&quot;335559740&quot;:288}\"><strong>\u00a0<\/strong><\/span><\/p>\n<p><span data-contrast=\"auto\">Mais ce blocage de l\u2019aide humanitaire, ces bombardements, ces incursions terrestres et les autres m\u00e9thodes de guerre employ\u00e9es valent de plus en plus \u00e0 Tel Aviv des accusations de g\u00e9nocide. Le Comit\u00e9 sp\u00e9cial de l\u2019ONU, charg\u00e9 d&rsquo;enqu\u00eater sur les pratiques isra\u00e9liennes, a affirm\u00e9 que les m\u00e9thodes de Tsahal \u201ccorrespondent aux caract\u00e9ristiques d&rsquo;un g\u00e9nocide\u201d, compte tenu des \u00ab\u00a0pertes civiles massives et des conditions impos\u00e9es aux Palestiniens sur place mettant leur vie en danger intentionnellement\u00a0\u00bb.<\/span><span data-ccp-props=\"{&quot;134233117&quot;:false,&quot;134233118&quot;:false,&quot;201341983&quot;:0,&quot;335559738&quot;:270,&quot;335559739&quot;:270,&quot;335559740&quot;:324}\">\u00a0<\/span><\/p>\n<p><span data-contrast=\"auto\">Jeudi, Human Rights Watch accusait Tel Aviv de crimes contre l\u2019humanit\u00e9 \u00e0 Gaza. \u201cDepuis octobre 2023, les autorit\u00e9s isra\u00e9liennes ont provoqu\u00e9 le d\u00e9placement forc\u00e9 massif et d\u00e9lib\u00e9r\u00e9 de civils palestiniens \u00e0 Gaza, ce qui les rend responsables de crimes de guerre et de crimes contre l\u2019humanit\u00e9\u201d.<\/span><span data-ccp-props=\"{&quot;134233117&quot;:false,&quot;134233118&quot;:false,&quot;201341983&quot;:0,&quot;335559738&quot;:270,&quot;335559739&quot;:270,&quot;335559740&quot;:324}\">\u00a0<\/span><\/p>\n<p><span data-contrast=\"auto\">Lundi dernier, r\u00e9unis en Arabie saoudite lors d\u2019un sommet consacr\u00e9 \u00e0 la situation au Moyen-Orient, les dirigeants des pays arabes et musulmans ont d\u00e9nonc\u00e9 un \u00ab\u00a0nettoyage ethnique\u00a0\u00bb et un \u201cg\u00e9nocide\u201d men\u00e9 par Isra\u00ebl \u00e0 Gaza.<\/span><span data-ccp-props=\"{&quot;134233117&quot;:false,&quot;134233118&quot;:false,&quot;201341983&quot;:0,&quot;335559738&quot;:270,&quot;335559739&quot;:270,&quot;335559740&quot;:324}\">\u00a0<\/span><\/p>\n<p><span data-contrast=\"auto\">Mardi, Washington a affirm\u00e9 n\u2019avoir pas \u201cperdu espoir\u201d de parvenir \u00e0 un cessez-le-feu \u00e0 Gaza, malgr\u00e9 le retrait du Qatar de la m\u00e9diation. La diplomatie am\u00e9ricaine reproche \u00e0 Tel Aviv et au Hamas de ne pas faire preuve de \u201cvolont\u00e9 et de s\u00e9rieux\u201d. \u00ab\u00a0Nous poursuivons un certain nombre d&rsquo;initiatives pour obtenir la lib\u00e9ration des otages. C&rsquo;est en cours. Nous n&rsquo;avons pas perdu espoir\u00a0\u00bb, a d\u00e9clar\u00e9 Vedant Patel, porte-parole du d\u00e9partement d&rsquo;Etat de l&rsquo;administration sortante de Joe Biden.<\/span><span data-ccp-props=\"{&quot;134233117&quot;:false,&quot;134233118&quot;:false,&quot;201341983&quot;:0,&quot;335559738&quot;:270,&quot;335559739&quot;:270,&quot;335559740&quot;:324}\">\u00a0<\/span><\/p>\n<p><span data-contrast=\"auto\">Aucun bellig\u00e9rant, aussi bien \u00e0 Gaza qu\u2019au Liban, ne se montre dispos\u00e9 \u00e0 accepter les conditions de l\u2019autre. Dans ce pays frontalier \u00e0 Isra\u00ebl, o\u00f9 Tsahal poursuit ses bombardements, faisant quotidiennement des dizaines de morts, six soldats ont \u00e9t\u00e9 tu\u00e9s, a annonc\u00e9 le nouveau ministre isra\u00e9lien de la D\u00e9fense, Isra\u00ebl Katz. Ce dernier a rejet\u00e9 l&rsquo;id\u00e9e d&rsquo;un cessez-le-feu, promettant de ne \u00ab\u00a0pas lever le pied\u00a0\u00bb face au Hezbollah libanais.<\/span><span data-ccp-props=\"{&quot;134233117&quot;:false,&quot;134233118&quot;:false,&quot;201341983&quot;:0,&quot;335559738&quot;:270,&quot;335559739&quot;:270,&quot;335559740&quot;:324}\">\u00a0<\/span><\/p>\n<p><span data-contrast=\"auto\">Mercredi, le minist\u00e8re libanais de la Sant\u00e9 a annonc\u00e9 un bilan de 3 365 morts et 14 344 bless\u00e9s depuis octobre 2023.<\/span><span data-ccp-props=\"{&quot;134233117&quot;:false,&quot;134233118&quot;:false,&quot;201341983&quot;:0,&quot;335559738&quot;:270,&quot;335559739&quot;:270,&quot;335559740&quot;:324}\">\u00a0<\/span><\/p>\n<\/div>\n<p><script>(function(d, s, id) {  var js, fjs = d.getElementsByTagName(s)[0];  if (d.getElementById(id)) return;  js = d.createElement(s); js.id = id;  js.src = \"\/\/connect.facebook.net\/fr_FR\/sdk.js#xfbml=1&version=v2.3\";  fjs.parentNode.insertBefore(js, fjs);}(document, \"script\", \"facebook-jssdk\"));<\/script><br \/>\n<br \/><br \/>\n<br \/><a href=\"https:\/\/www.francesoir.fr\/politique-monde\/les-accusations-de-genocide-gaza-se-multiplient-contre-israel-alertes-sur-la-famine\" target=\"_blank\"\">Source link <\/a><\/p>\n","protected":false},"excerpt":{"rendered":"<p>Les m\u00e9thodes de guerre employ\u00e9es lors d&rsquo;op\u00e9rations isra\u00e9liennes \u00e0 Gaza, particuli\u00e8rement au nord ces derni\u00e8res semaines, \u201ccorrespondent aux caract\u00e9ristiques d\u2019un g\u00e9nocide\u201d, affirme le Comit\u00e9 sp\u00e9cial de l\u2019ONU. Au moins 220&hellip; <\/p>\n","protected":false},"author":1,"featured_media":220,"comment_status":"open","ping_status":"open","sticky":false,"template":"","format":"standard","meta":{"footnotes":""},"categories":[1],"tags":[],"class_list":["post-219","post","type-post","status-publish","format-standard","has-post-thumbnail","hentry","category-non-classe"],"_links":{"self":[{"href":"https:\/\/monde25.info\/index.php\/wp-json\/wp\/v2\/posts\/219","targetHints":{"allow":["GET"]}}],"collection":[{"href":"https:\/\/monde25.info\/index.php\/wp-json\/wp\/v2\/posts"}],"about":[{"href":"https:\/\/monde25.info\/index.php\/wp-json\/wp\/v2\/types\/post"}],"author":[{"embeddable":true,"href":"https:\/\/monde25.info\/index.php\/wp-json\/wp\/v2\/users\/1"}],"replies":[{"embeddable":true,"href":"https:\/\/monde25.info\/index.php\/wp-json\/wp\/v2\/comments?post=219"}],"version-history":[{"count":0,"href":"https:\/\/monde25.info\/index.php\/wp-json\/wp\/v2\/posts\/219\/revisions"}],"wp:featuredmedia":[{"embeddable":true,"href":"https:\/\/monde25.info\/index.php\/wp-json\/wp\/v2\/media\/220"}],"wp:attachment":[{"href":"https:\/\/monde25.info\/index.php\/wp-json\/wp\/v2\/media?parent=219"}],"wp:term":[{"taxonomy":"category","embeddable":true,"href":"https:\/\/monde25.info\/index.php\/wp-json\/wp\/v2\/categories?post=219"},{"taxonomy":"post_tag","embeddable":true,"href":"https:\/\/monde25.info\/index.php\/wp-json\/wp\/v2\/tags?post=219"}],"curies":[{"name":"wp","href":"https:\/\/api.w.org\/{rel}","templated":true}]}}