{"id":21907,"date":"2026-01-05T05:49:36","date_gmt":"2026-01-05T04:49:36","guid":{"rendered":"https:\/\/monde25.info\/index.php\/2026\/01\/05\/en-finir-avec-le-mythe-liberal-du-dirigeant-qui-dort-peu\/"},"modified":"2026-01-05T05:49:36","modified_gmt":"2026-01-05T04:49:36","slug":"en-finir-avec-le-mythe-liberal-du-dirigeant-qui-dort-peu","status":"publish","type":"post","link":"https:\/\/monde25.info\/index.php\/2026\/01\/05\/en-finir-avec-le-mythe-liberal-du-dirigeant-qui-dort-peu\/","title":{"rendered":"En finir avec le mythe lib\u00e9ral du dirigeant qui dort peu"},"content":{"rendered":"<p> <br \/>\n<\/p>\n<div>\n<h4><strong>Dans notre soci\u00e9t\u00e9 capitaliste, on entend r\u00e9guli\u00e8rement des dirigeants politiques ou de riches patrons assurer qu\u2019ils ne dorment que quelques heures par nuit. Une mani\u00e8re de mettre en sc\u00e8ne la l\u00e9gende du leader infatigable qui sacrifie son sommeil pour r\u00e9ussir. Par l\u00e0, ces derniers tentent de l\u00e9gitimer la m\u00e9ritocratie et les in\u00e9galit\u00e9s. Or, cette narration fait l\u2019apologie d\u2019une pratique sanitaire dangereuse.<\/strong><\/h4>\n<p>Construit \u00e0 grand renfort de r\u00e9cits m\u00e9diatiques, le mythe du dirigeant qui dort peu revient souvent \u00e0 la une. <strong>Bas\u00e9 sur l\u2019id\u00e9ologie de la performance et du travail glorifi\u00e9,<\/strong> ce mythe met <strong>en p\u00e9ril la sant\u00e9 de ceux qui y adh\u00e9reraient, mais il induit \u00e9galement qu\u2019un besoin vital comme le repos rel\u00e8verait d\u2019un choix personnel.<\/strong> Le tout pour faire accepter une comp\u00e9tition d\u00e9l\u00e9t\u00e8re et aiguiser un sens du sacrifice \u00e0 l\u2019autel du capitalisme.<\/p>\n<h2><strong>Petits dormeurs ou gros menteurs\u2009?<\/strong><\/h2>\n<p>Le mythe du leader qui dort peu, tr\u00e8s relay\u00e9 par les m\u00e9dias, ne date pas d\u2019hier. <a target=\"_blank\" href=\"https:\/\/www.marianne.net\/politique\/interview-de-macron-chez-delahousse-n-pas-besoin-de-sommeil-ce-mythe-malsain-pour-la-sante\" target=\"_blank\" rel=\"noopener\">Margaret Thatcher<\/a>, Joseph Staline, <a target=\"_blank\" href=\"https:\/\/www.bfmtv.com\/sante\/sommeil-ils-ne-dorment-que-4h-par-nuit_AV-201710110031.html\" target=\"_blank\" rel=\"noopener\">Napol\u00e9on Bonaparte ou encore Winston Churchill<\/a> s\u2019en vantaient d\u00e9j\u00e0 en leur temps. Plus r\u00e9cemment,<strong> <a target=\"_blank\" href=\"https:\/\/africa.businessinsider.com\/inside-trumps-daily-routine-which-includes-3-4-hours-of-sleep-executive-time-and-no\/f3zsb4x\" target=\"_blank\" rel=\"noopener\">Donald Trump<\/a> expliquait que dormir peu \u00e9tait sa <em>\u00ab\u2009tactique de succ\u00e8s\u2009\u00bb<\/em>, <a target=\"_blank\" href=\"https:\/\/www.marianne.net\/politique\/interview-de-macron-chez-delahousse-n-pas-besoin-de-sommeil-ce-mythe-malsain-pour-la-sante\" target=\"_blank\" rel=\"noopener\">Emmanuel Macron assurait<\/a>, lui, qu\u2019il <em>\u00ab\u2009dormait peu\u2009\u00bb<\/em>, tout comme <a target=\"_blank\" href=\"https:\/\/www.leparisien.fr\/societe\/sante\/pourquoi-les-nuits-de-4-heures-de-gabriel-attal-ne-sont-pas-franchement-recommandees-20-01-2024-77TUXBK66BCS3GHWRXBP6G2AMM.php\" target=\"_blank\" rel=\"noopener\">son ex-Premier ministre Gabriel Attal<\/a>.<\/strong><\/p>\n<p>Il y a peu, <strong>la cheffe de l\u2019ex\u00e9cutif japonais, Sanae Takaichi, a aussi d\u00e9clench\u00e9 la pol\u00e9mique en affirmant ne dormir que <a target=\"_blank\" href=\"https:\/\/www.radiofrance.fr\/franceculture\/podcasts\/la-revue-de-presse-internationale\/la-revue-de-presse-internationale-emission-du-vendredi-14-novembre-2025-5318378\" target=\"_blank\" rel=\"noopener\">deux heures par nuit<\/a>.<\/strong><\/p>\n<figure id=\"attachment_1345444\" aria-describedby=\"caption-attachment-1345444\" style=\"width: 1024px\" class=\"wp-caption alignnone\"><img fetchpriority=\"high\" decoding=\"async\" class=\"size-full wp-image-1345444\" src=\"https:\/\/mrmondialisation.org\/wp-content\/uploads\/2026\/01\/sanae-takaichi-holds-population-strategy-headquarters-meeting-000185859.jpg\" alt=\"\" width=\"1024\" height=\"683\" srcset=\"https:\/\/mrmondialisation.org\/wp-content\/uploads\/2026\/01\/sanae-takaichi-holds-population-strategy-headquarters-meeting-000185859.jpg 1024w, https:\/\/mrmondialisation.org\/wp-content\/uploads\/2026\/01\/sanae-takaichi-holds-population-strategy-headquarters-meeting-000185859-768x512.jpg 768w, https:\/\/mrmondialisation.org\/wp-content\/uploads\/2026\/01\/sanae-takaichi-holds-population-strategy-headquarters-meeting-000185859-696x464.jpg 696w, https:\/\/mrmondialisation.org\/wp-content\/uploads\/2026\/01\/sanae-takaichi-holds-population-strategy-headquarters-meeting-000185859-630x420.jpg 630w\" sizes=\"(max-width: 1024px) 100vw, 1024px\"\/><figcaption id=\"caption-attachment-1345444\" class=\"wp-caption-text\">Sanae Takaichi pr\u00e9side une r\u00e9union du Quartier g\u00e9n\u00e9ral de la strat\u00e9gie d\u00e9mographique pour discuter des mesures \u00e0 prendre pour lutter contre le d\u00e9clin d\u00e9mographique. Novembre 2025. <a target=\"_blank\" href=\"https:\/\/commons.wikimedia.org\/wiki\/File:Sanae_Takaichi_holds_Population_Strategy_Headquarters_meeting_000185859.jpg\">Wikimedia.<\/a><\/figcaption><\/figure>\n<p><a target=\"_blank\" href=\"https:\/\/www.slate.fr\/sante\/sommeil-court-dormeur-nuit-fatigue-cerveau-genetique\" target=\"_blank\" rel=\"noopener\">Selon certaines \u00e9tudes<\/a>, <strong>il pourrait bel et bien exister un g\u00e8ne qui permettrait \u00e0 quelques personnes de dormir assez peu, mais il serait extr\u00eamement rare.<\/strong> \u00c0 partir de l\u00e0, deux hypoth\u00e8ses sont sur la table : <strong>soit une large partie des dirigeants du monde serait touch\u00e9e par cette exception g\u00e9n\u00e9tique peu r\u00e9pandue, soit beaucoup d\u2019entre eux mentent.<\/strong><\/p>\n<h2><strong>Le mythe de la m\u00e9ritocratie<\/strong><\/h2>\n<p><em>\u00ab\u2009Le meilleur moyen de se payer un costard, c\u2019est de travailler\u2009\u00bb,<\/em> <a target=\"_blank\" href=\"https:\/\/www.radiofrance.fr\/franceculture\/podcasts\/journal-de-18h\/emmanuel-macron-que-revele-sa-phrase-la-meilleure-facon-de-se-payer-un-costard-c-est-de-travailler-9163188\" target=\"_blank\" rel=\"noopener\">disait d\u00e9j\u00e0 Emmanuel Macron<\/a> en 2016, alors qu\u2019il n\u2019\u00e9tait encore que ministre de l\u2019\u00c9conomie. Une phrase emplie de m\u00e9pris de classe, r\u00e9v\u00e9latrice de sa vision du monde, un an avant son acc\u00e8s \u00e0 la plus haute marche. Ainsi, <strong>selon lui, si quelqu\u2019un occupe une bonne place dans la soci\u00e9t\u00e9, c\u2019est n\u00e9cessairement qu\u2019il a mis du c\u0153ur \u00e0 l\u2019ouvrage plus que les autres.<\/strong><\/p>\n<p><iframe loading=\"lazy\" title=\"Chacun n&#039;aurait que ce qu&#039;il m\u00e9rite. Vraiment ?\" width=\"1110\" height=\"624\" src=\"https:\/\/www.youtube.com\/embed\/o58IrR6psBY?feature=oembed\" frameborder=\"0\" allow=\"accelerometer; autoplay; clipboard-write; encrypted-media; gyroscope; picture-in-picture; web-share\" referrerpolicy=\"strict-origin-when-cross-origin\" allowfullscreen><\/iframe><\/p>\n<p>Et <strong>le mythe du dirigeant qui dort peu s\u2019inscrit directement dans cette croyance.<\/strong> Il serait, de ce fait, impossible de \u00ab\u2009r\u00e9ussir\u2009\u00bb en se reposant comme une personne \u00ab\u2009normale\u2009\u00bb. <strong>Il faudrait sacrifier sa sant\u00e9 corps et \u00e2me pour parvenir \u00e0 gravir les \u00e9chelons.<\/strong><\/p>\n<p>Cette logique permet non seulement de justifier le fait que les plus ais\u00e9s d\u00e9tiennent leurs positions de pouvoir, mais <strong>elle favorise, de plus, la soumission des travailleurs en vue d\u2019une ascension sociale.<\/strong> Or, <strong>il existe bon nombre de gens qui se tuent \u00e0 la t\u00e2che sans faire fortune, quand il y a, par ailleurs, des riches qui n\u2019ont jamais vraiment travaill\u00e9 de leur existence.<\/strong> Une d\u00e9mystification \u00e0 laquelle proc\u00e9dait d\u2019ailleurs d\u00e9j\u00e0 Mr\u00a0Mondialisation <a target=\"_blank\" href=\"https:\/\/mrmondialisation.org\/meritocratie-illusion-existe-pas\/\" target=\"_blank\" rel=\"noopener\">dans un pr\u00e9c\u00e9dent article<\/a>.<\/p>\n<h2><strong>Un outil de soumission<\/strong><\/h2>\n<p>En parlant ainsi, les partisans du n\u00e9olib\u00e9ralisme \u00e9tablissent d\u2019abord leur sup\u00e9riorit\u00e9, mais <strong>ils incitent aussi les employ\u00e9s \u00e0 les imiter.<\/strong> Dans une entreprise, <strong>vouloir travailler \u00ab\u2009toujours plus\u2009\u00bb va d\u2019ailleurs souvent devenir un synonyme de loyaut\u00e9.<\/strong> Nombreux sont encore \u00e0 penser que quitter son poste \u00e0 l\u2019heure est <a target=\"_blank\" href=\"https:\/\/mrmondialisation.org\/meritocratie-illusion-existe-pas\/\" target=\"_blank\" rel=\"noopener\">mal vu<\/a>. Certains iront jusqu\u2019\u00e0 culpabiliser et <strong>consid\u00e9rer comme \u00ab faignants \u00bb ceux qui r\u00e9clameront simplement de se reposer.<\/strong><\/p>\n<p><strong>S\u2019\u00e9puiser pour son travail serait ainsi le symbole ultime du salari\u00e9 mod\u00e8le, capable de sacrifier sa propre sant\u00e9 pour le bien de l\u2019entreprise.<\/strong> En 2023, le milliardaire Elon Musk avait m\u00eame voulu <strong>faire dormir ses employ\u00e9s dans les locaux de son entreprise pour qu\u2019ils y consacrent encore plus de temps.<\/strong> L\u2019apoth\u00e9ose de l\u2019exploitation capitaliste.<\/p>\n<h2><strong>Un danger sanitaire<\/strong><\/h2>\n<p>Et pourtant, la privation de sommeil est extr\u00eamement dangereuse pour la sant\u00e9. Les besoins peuvent, en effet, varier selon les individus, mais ils se situent g\u00e9n\u00e9ralement<strong> <a target=\"_blank\" href=\"https:\/\/www.ouest-france.fr\/economie\/elon-musk\/twitter-elon-musk-vise-par-une-enquete-apres-avoir-voulu-inciter-des-salaries-a-dormir-au-siege-5e578e4e-f96b-11ed-a8fc-4a0ff0cb3ecb\" target=\"_blank\" rel=\"noopener\">entre sept et neuf heures<\/a> pour un adulte. <\/strong>Sauf exception, <strong>en dessous de ce seuil, la plupart des gens finiront par en <a target=\"_blank\" href=\"https:\/\/www.ouest-france.fr\/leditiondusoir\/2025-06-05\/pourquoi-le-manque-de-sommeil-est-il-dangereux-pour-la-sante-1a604934-01dd-4b0b-b7dd-b73cf050d7f7\" target=\"_blank\" rel=\"noopener\">payer les cons\u00e9quences<\/a> sur leur corps \u00e0 long terme.<\/strong> D\u2019un point de vue imm\u00e9diat, on peut d\u00e9j\u00e0 devenir plus irritable, mais \u00e9galement perdre en concentration ou en m\u00e9moire.<\/p>\n<p>Plus grave encore, sur la dur\u00e9e, <strong>le manque de repos peut favoriser l\u2019ob\u00e9sit\u00e9, le diab\u00e8te, la d\u00e9pression, l\u2019hypertension, la baisse du syst\u00e8me immunitaire et m\u00eame les troubles cardio-vasculaires.<\/strong> Pire, le risque de <strong>d\u00e9velopper certains cancers, comme celui du sein ou de la prostate, se trouve lui aussi augment\u00e9.<\/strong><\/p>\n<div class=\"td-a-rec td-a-rec-id-content_inline  tdi_1 td_block_template_1\">\n<center><a target=\"_blank\" href=\"https:\/\/fr.tipeee.com\/mr-mondialisation\" class=\"tipeee-project-small\">Je m&rsquo;abonne \u00e0 Mr Mondialisation<\/a>&#13;<br \/>\n<\/center>&amp;nbsp<\/div>\n<p><iframe loading=\"lazy\" title=\"Dormir 5h par Nuit Pendant 10 Ans : \u00c7A FAIT QUOI ?!\" width=\"1110\" height=\"624\" src=\"https:\/\/www.youtube.com\/embed\/Opajyl8tUlk?feature=oembed\" frameborder=\"0\" allow=\"accelerometer; autoplay; clipboard-write; encrypted-media; gyroscope; picture-in-picture; web-share\" referrerpolicy=\"strict-origin-when-cross-origin\" allowfullscreen><\/iframe><\/p>\n<h2><strong>Sommeil et classes sociales<\/strong><\/h2>\n<p>De m\u00eame, <strong>se vanter de peu dormir quand l\u2019on exerce une profession intellectuelle appara\u00eet \u00e9galement comme plut\u00f4t malhonn\u00eate.<\/strong> En effet, il est <strong>bien plus simple de passer des nuits plus courtes lorsque l\u2019on ne fait pas un m\u00e9tier physiquement p\u00e9nible qui n\u00e9cessite une plus grande r\u00e9cup\u00e9ration.<\/strong><\/p>\n<p>De la m\u00eame mani\u00e8re, <strong>faire partie des classes ais\u00e9es permet de se d\u00e9lester facilement de t\u00e2ches m\u00e9nag\u00e8res \u00e9reintantes, comme entretenir la maison, faire la cuisine, s\u2019occuper des enfants, g\u00e9rer les factures, faire les courses, etc.<\/strong><\/p>\n<h2><strong>Une stupidit\u00e9 \u00e9conomique<\/strong><\/h2>\n<p>Le pire, c\u2019est que, y compris d\u2019un point de vue \u00e9conomique, <strong>pousser ses employ\u00e9s \u00e0 dormir moins pour travailler plus, rel\u00e8ve d\u2019un contresens scientifique.<\/strong> Le constat est d\u2019ailleurs similaire pour la <a target=\"_blank\" href=\"https:\/\/mrmondialisation.org\/5-raisons-reduire-temps-travail\/\" target=\"_blank\" rel=\"noopener\">dur\u00e9e du temps de travail<\/a>\u00a0: plus on passe d\u2019heures \u00e0 la t\u00e2che, moins l\u2019on devient productif.<\/p>\n<p>Cette m\u00eame productivit\u00e9 sera d\u2019autant plus entam\u00e9e par les cons\u00e9quences d\u2019une insuffisance de sommeil\u00a0: <strong>explosion des burn-out, maladies plus fr\u00e9quentes, manque de lucidit\u00e9, perte de motivation ou de cr\u00e9ativit\u00e9, etc.<\/strong> Autant de facteurs qui sont tout l\u2019inverse que ce qu\u2019un employeur pourrait souhaiter d\u2019un salari\u00e9.<\/p>\n<figure id=\"attachment_1345446\" aria-describedby=\"caption-attachment-1345446\" style=\"width: 1024px\" class=\"wp-caption alignnone\"><img loading=\"lazy\" decoding=\"async\" class=\"wp-image-1345446 size-medium\" src=\"https:\/\/mrmondialisation.org\/wp-content\/uploads\/2026\/01\/vitaly-gariev-bpla-izs-7k-unsplash-1024x576.jpg\" alt=\"\" width=\"1024\" height=\"576\" srcset=\"https:\/\/mrmondialisation.org\/wp-content\/uploads\/2026\/01\/vitaly-gariev-bpla-izs-7k-unsplash-1024x576.jpg 1024w, https:\/\/mrmondialisation.org\/wp-content\/uploads\/2026\/01\/vitaly-gariev-bpla-izs-7k-unsplash-1524x857.jpg 1524w, https:\/\/mrmondialisation.org\/wp-content\/uploads\/2026\/01\/vitaly-gariev-bpla-izs-7k-unsplash-768x432.jpg 768w, https:\/\/mrmondialisation.org\/wp-content\/uploads\/2026\/01\/vitaly-gariev-bpla-izs-7k-unsplash-1536x864.jpg 1536w, https:\/\/mrmondialisation.org\/wp-content\/uploads\/2026\/01\/vitaly-gariev-bpla-izs-7k-unsplash-696x392.jpg 696w, https:\/\/mrmondialisation.org\/wp-content\/uploads\/2026\/01\/vitaly-gariev-bpla-izs-7k-unsplash-1068x601.jpg 1068w, https:\/\/mrmondialisation.org\/wp-content\/uploads\/2026\/01\/vitaly-gariev-bpla-izs-7k-unsplash-747x420.jpg 747w, https:\/\/mrmondialisation.org\/wp-content\/uploads\/2026\/01\/vitaly-gariev-bpla-izs-7k-unsplash.jpg 1920w\" sizes=\"auto, (max-width: 1024px) 100vw, 1024px\"\/><figcaption id=\"caption-attachment-1345446\" class=\"wp-caption-text\">Photo de <a target=\"_blank\" href=\"https:\/\/unsplash.com\/fr\/@silverkblack?utm_source=unsplash&amp;utm_medium=referral&amp;utm_content=creditCopyText\">Vitaly Gariev<\/a> sur <a target=\"_blank\" href=\"https:\/\/unsplash.com\/fr\/photos\/homme-dormant-a-un-bureau-avec-un-cafe-a-proximite-bpLa-iZs_7k?utm_source=unsplash&amp;utm_medium=referral&amp;utm_content=creditCopyText\">Unsplash<\/a><\/figcaption><\/figure>\n<h2><strong>Le monde a besoin de repos<\/strong><\/h2>\n<p>En d\u00e9finitive, l\u2019\u00eatre humain n\u2019est, en outre, pas le seul \u00e0 avoir besoin de repos. La plan\u00e8te, elle aussi, est \u00e0 bout de souffle. Par voie de cons\u00e9quence, laisser les gens respirer un peu plus longtemps, c\u2019est donc \u00e9galement <a target=\"_blank\" href=\"https:\/\/bonpote.com\/decroissance-et-prejuges\/\" target=\"_blank\" rel=\"noopener\">vertueux pour l\u2019environnement<\/a>.<\/p>\n<p><strong>Dormir n\u2019est, d\u2019autre part, pas une option, c\u2019est une n\u00e9cessit\u00e9 vitale, et par cons\u00e9quent, un droit humain, tout comme manger ou boire.<\/strong> La libert\u00e9 de se reposer a d\u2019ailleurs toujours \u00e9t\u00e9 l\u2019une des composantes majeures des <a target=\"_blank\" href=\"https:\/\/mrmondialisation.org\/1er-mai-droits-travailleurs-lutte\/\" target=\"_blank\" rel=\"noopener\">mouvements sociaux<\/a> de travailleurs \u00e0 travers l\u2019Histoire. Dans ce cadre, <strong>pouvoir passer suffisamment de temps au lit ne devrait pas repr\u00e9senter un luxe ;<\/strong> et le bien-\u00eatre devrait pr\u00e9valoir indubitablement sur l\u2019enrichissement \u00e9conomique de quelques-uns.<\/p>\n<p style=\"text-align: right;\"><em>\u2013 <\/em><strong><em>Simon Verdi\u00e8re<\/em><\/strong><\/p>\n<hr\/>\n<p>Photo de <a target=\"_blank\" href=\"https:\/\/unsplash.com\/fr\/@silverkblack?utm_source=unsplash&amp;utm_medium=referral&amp;utm_content=creditCopyText\">Vitaly Gariev<\/a> sur <a target=\"_blank\" href=\"https:\/\/unsplash.com\/fr\/photos\/homme-dormant-a-son-bureau-avec-du-cafe-et-une-tablette-N5Dpfl8qcRs?utm_source=unsplash&amp;utm_medium=referral&amp;utm_content=creditCopyText\">Unsplash<\/a><\/p>\n<div class=\"td-a-rec td-a-rec-id-content_bottom  tdi_2 td_block_template_1\">\n<span class=\"td-adspot-title\">&#8211; Cet article gratuit, ind\u00e9pendant et sans IA existe gr\u00e2ce aux abonn\u00e9s &#8211;<\/span><\/p>\n<div class=\"td-all-devices\">\n    <a target=\"_blank\" href=\"https:\/\/mrmondialisation.org\/donation\/\" title=\"Faire_un_don\"><img decoding=\"async\" class=\"donationArticle\" src=\"https:\/\/mrmondialisation.org\/wp-content\/uploads\/2022\/12\/220405-flikalicious-final.jpg\" alt=\"Donation\"\/><\/a>\n<\/div>\n<\/div><\/div>\n<p><br \/>\n<br \/><a href=\"https:\/\/mrmondialisation.org\/mythe-dirigeant-dormir-peu\/\" target=\"_blank\"\">Source link <\/a><\/p>\n","protected":false},"excerpt":{"rendered":"<p>Dans notre soci\u00e9t\u00e9 capitaliste, on entend r\u00e9guli\u00e8rement des dirigeants politiques ou de riches patrons assurer qu\u2019ils ne dorment que quelques heures par nuit. Une mani\u00e8re de mettre en sc\u00e8ne la&hellip; <\/p>\n","protected":false},"author":1,"featured_media":21908,"comment_status":"open","ping_status":"open","sticky":false,"template":"","format":"standard","meta":{"footnotes":""},"categories":[1],"tags":[],"class_list":["post-21907","post","type-post","status-publish","format-standard","has-post-thumbnail","hentry","category-non-classe"],"_links":{"self":[{"href":"https:\/\/monde25.info\/index.php\/wp-json\/wp\/v2\/posts\/21907","targetHints":{"allow":["GET"]}}],"collection":[{"href":"https:\/\/monde25.info\/index.php\/wp-json\/wp\/v2\/posts"}],"about":[{"href":"https:\/\/monde25.info\/index.php\/wp-json\/wp\/v2\/types\/post"}],"author":[{"embeddable":true,"href":"https:\/\/monde25.info\/index.php\/wp-json\/wp\/v2\/users\/1"}],"replies":[{"embeddable":true,"href":"https:\/\/monde25.info\/index.php\/wp-json\/wp\/v2\/comments?post=21907"}],"version-history":[{"count":0,"href":"https:\/\/monde25.info\/index.php\/wp-json\/wp\/v2\/posts\/21907\/revisions"}],"wp:featuredmedia":[{"embeddable":true,"href":"https:\/\/monde25.info\/index.php\/wp-json\/wp\/v2\/media\/21908"}],"wp:attachment":[{"href":"https:\/\/monde25.info\/index.php\/wp-json\/wp\/v2\/media?parent=21907"}],"wp:term":[{"taxonomy":"category","embeddable":true,"href":"https:\/\/monde25.info\/index.php\/wp-json\/wp\/v2\/categories?post=21907"},{"taxonomy":"post_tag","embeddable":true,"href":"https:\/\/monde25.info\/index.php\/wp-json\/wp\/v2\/tags?post=21907"}],"curies":[{"name":"wp","href":"https:\/\/api.w.org\/{rel}","templated":true}]}}