{"id":21911,"date":"2026-01-05T06:55:42","date_gmt":"2026-01-05T05:55:42","guid":{"rendered":"https:\/\/monde25.info\/index.php\/2026\/01\/05\/de-villepin-condamne-la-reaction-aveugle-et-inconsciente-de-macron-rt-en-francais\/"},"modified":"2026-01-05T06:55:42","modified_gmt":"2026-01-05T05:55:42","slug":"de-villepin-condamne-la-reaction-aveugle-et-inconsciente-de-macron-rt-en-francais","status":"publish","type":"post","link":"https:\/\/monde25.info\/index.php\/2026\/01\/05\/de-villepin-condamne-la-reaction-aveugle-et-inconsciente-de-macron-rt-en-francais\/","title":{"rendered":"de Villepin condamne la r\u00e9action \u00abaveugle et inconsciente\u00bb de Macron \u2014 RT en fran\u00e7ais"},"content":{"rendered":"<p> <br \/>\n<br \/><img decoding=\"async\" src=\"https:\/\/mf.b37mrtl.ru\/french\/images\/2026.01\/thumbnail\/695a98716f7ccc349428e2df.jpg\" \/><\/p>\n<div>\n<p class=\"text__summary\">\n                                        D\u00e9non\u00e7ant l\u2019instauration d\u2019un protectorat des \u00c9tats-Unis sur le Venezuela, l\u2019ancien ministre fran\u00e7ais des Affaires \u00e9trang\u00e8res Dominique de Villepin a appel\u00e9 ce 4 janvier \u00e0 \u00abprendre la mesure de ce qui s\u2019est pass\u00e9\u00bb et a condamn\u00e9 le \u00abchoix\u00bb fait par Emmanuel Macron, lequel sera selon lui d\u00e9favorable \u00e0 la position de Paris sur l\u2019Ukraine.\n                                    <\/p>\n<p>\u00ab\u00a0Ce n\u2019est pas pragmatique que de ne rien dire \u00e0 un empereur d\u00e9cr\u00e9t\u00e9 qui agit au Venezuela. \u00bb Invit\u00e9 ce 4 janvier sur BFMTV, Dominique de Villepin s\u2019est adonn\u00e9 \u00e0 une charge contre la posture des responsables europ\u00e9ens et en particulier de celui de la France apr\u00e8s l\u2019op\u00e9ration sp\u00e9ciale men\u00e9e par les \u00c9tats-Unis \u00e0 Caracas et qui a abouti \u00e0 l\u2019enl\u00e8vement du pr\u00e9sident v\u00e9n\u00e9zu\u00e9lien et de sa femme. Un coup de force de Donald Trump que n\u2019a pas condamn\u00e9 Emmanuel Macron, loin de l\u00e0, estimant que \u00ab\u00a0d\u00e9barrass\u00e9 de la dictature de Nicol\u00e1s Maduro\u00a0\u00bb, le peuple v\u00e9n\u00e9zu\u00e9lien \u00ab\u00a0ne peut que s\u2019en r\u00e9jouir\u00a0\u00bb.<\/p>\n<p>Une r\u00e9action \u00ab\u00a0aveugle, inconsciente des r\u00e9alit\u00e9s, irresponsable en ce qui concerne l\u2019avenir de notre pays et l\u2019avenir de l\u2019Europe\u00a0\u00bb, a d\u00e9nonc\u00e9 Dominique de Villepin, relanc\u00e9 sur le tweet d\u2019Emmanuel Macron. \u00ab\u00a0Que fera-t-on demain, quand Donald Trump fera le m\u00eame raisonnement qu\u2019il a fait [\u2026] pour le Venezuela, quand il le fera pour le Groenland\u00a0?\u00a0\u00bb, a-t-il enchain\u00e9.<\/p>\n<p>\u00ab\u00a0Nous nous habituons \u00e0 un monde o\u00f9 toutes les r\u00e8gles sont effac\u00e9es, o\u00f9 le droit n\u2019existe plus, le droit international, qui est cens\u00e9 r\u00e9gir les relations entre \u00c9tats, tout cela n\u2019existe plus et on voit bien \u00e0 travers les r\u00e9actions internationales et en particulier sur la sc\u00e8ne europ\u00e9enne, pour certains cela n\u2019a plus beaucoup d\u2019importance\u00a0\u00bb, a notamment regrett\u00e9 Dominique de Villepin.<\/p>\n<p>Selon cet ancien chef du gouvernement (2005\u20132007) ainsi que de la diplomatie fran\u00e7aise (2002-2004), Emmanuel Macron aurait \u00ab\u00a0pr\u00e9f\u00e9r\u00e9\u00a0\u00bb ne pas \u00ab\u00a0sur-r\u00e9agir \u00bb pour ne pas \u00ab\u00a0irriter \u00bb Donald Trump \u00ab\u00a0parce qu\u2019il a le sentiment de devoir mener un combat qui pour lui est plus important qui est le combat de l\u2019Ukraine \u00bb. \u00ab Ce qu\u2019il ne comprend pas, ce qui lui \u00e9chappe\u00a0\u00bb, a poursuivi le diplomate et homme politique fran\u00e7ais, \u00ab\u00a0c\u2019est que l\u2019ensemble de ces sujets sont aujourd\u2019hui li\u00e9s\u00a0\u00bb.<\/p>\n<h2>\u00ab\u00a0Nous ne sommes pas cr\u00e9dibles quand nous ne sommes plus sur nos principes\u00a0\u00bb<\/h2>\n<p>\u00ab\u00a0Ne pas r\u00e9agir sur ce qui se passe au Venezuela c\u2019est s\u2019affaiblir dans la n\u00e9gociation sur l\u2019Ukraine, comme ne pas r\u00e9agir sur ce qui se passait au Proche-Orient c\u2019\u00e9tait s\u2019affaiblir dans le combat pour l\u2019Ukraine\u00a0\u00bb, a-t-il insist\u00e9, mettant une\u00a0nouvelle fois en garde contre tout \u00ab <a target=\"_blank\" href=\"https:\/\/francais.rt.com\/france\/125529-desastre-gaza-macron-rendre-comptes-estime-villepin\">deux poids deux mesures<\/a>\u00a0\u00bb. \u00ab\u00a0Nous ne sommes pas cr\u00e9dibles quand nous ne sommes plus sur nos principes et c\u2019est en cela que nous Fran\u00e7ais on a une responsabilit\u00e9 historique dans ce qui se d\u00e9roule aujourd\u2019hui, on a un r\u00f4le unique\u00a0!\u00a0\u00bb, a-t-il insist\u00e9, invoquant le \u00ab\u00a0combat de principes, de valeurs, de respect de l\u2019autre [\u2026] d\u2019humanisme\u00a0\u00bb qui serait celui de la France.<\/p>\n<p>Connu pour \u00eatre celui qui a dit non \u00e0 l\u2019administration Bush lorsque cette derni\u00e8re se cherchait des alli\u00e9s pour envahir l\u2019Irak, Dominique de Villepin a fustig\u00e9 l\u2019attitude actuelle des Europ\u00e9ens vis-\u00e0-vis de Washington,\u00a0\u00e9voquant les \u00ab\u00a0complicit\u00e9s\u00a0\u00bb que \u00ab\u00a0les nouveaux empires\u00a0\u00bb rechercheraient.<\/p>\n<p>Martelant que \u00ab\u00a0la souverainet\u00e9 d\u2019un \u00c9tat ne peut pas \u00eatre mise en cause unilat\u00e9ralement\u00a0\u00bb, l\u2019ancien Premier ministre fran\u00e7ais a mis en garde contre cette \u00ab\u00a0marque d\u2019un illimistime\u00a0\u00bb qu\u2019incarne \u00e0 ses yeux l\u2019intervention am\u00e9ricaine dans ce pays d\u2019Am\u00e9rique du Sud. Des \u00c9tats-Unis, selon lui, en proie \u00ab\u00a0\u00e0 une forme d\u2019hubris o\u00f9 tout est possible\u00a0\u00bb et \u00e0 laquelle s\u2019ajoute la \u00ab\u00a0convoitise\u00a0\u00bb dans un \u00ab\u00a0monde de raret\u00e9\u00a0\u00bb alors que Donald Trump a fait part de son int\u00e9r\u00eat pour les <a target=\"_blank\" href=\"https:\/\/francais.rt.com\/international\/129034-venezuela-nous-allons-diriger-pays\">r\u00e9serves d\u2019or noir<\/a> v\u00e9n\u00e9zu\u00e9liennes.<\/p>\n<p>\u00ab\u00a0Donald Trump vient de mettre la main sur la plus grosse station d\u2019essence du monde\u00a0\u00bb, a insist\u00e9 Dominique de Villepin. \u00c0\u00a0ceux qui, selon lui, voudraient relativiser ces \u00e9v\u00e8nements loin de la France m\u00e9tropolitaine, il a rappel\u00e9 qu&rsquo;\u00ab un million de Fran\u00e7ais\u00a0\u00bb vivaient dans le \u00ab\u00a0pourtour\u00a0\u00bb du Venezuela.<\/p>\n<\/div>\n<p><br \/>\n<br \/><a href=\"https:\/\/francais.rt.com\/international\/129058-aveugle-inconsciente-villepin-condamne-reaction\" target=\"_blank\"\">Source link <\/a><\/p>\n","protected":false},"excerpt":{"rendered":"<p>D\u00e9non\u00e7ant l\u2019instauration d\u2019un protectorat des \u00c9tats-Unis sur le Venezuela, l\u2019ancien ministre fran\u00e7ais des Affaires \u00e9trang\u00e8res Dominique de Villepin a appel\u00e9 ce 4 janvier \u00e0 \u00abprendre la mesure de ce qui&hellip; <\/p>\n","protected":false},"author":1,"featured_media":21912,"comment_status":"open","ping_status":"open","sticky":false,"template":"","format":"standard","meta":{"footnotes":""},"categories":[1],"tags":[],"class_list":["post-21911","post","type-post","status-publish","format-standard","has-post-thumbnail","hentry","category-non-classe"],"_links":{"self":[{"href":"https:\/\/monde25.info\/index.php\/wp-json\/wp\/v2\/posts\/21911","targetHints":{"allow":["GET"]}}],"collection":[{"href":"https:\/\/monde25.info\/index.php\/wp-json\/wp\/v2\/posts"}],"about":[{"href":"https:\/\/monde25.info\/index.php\/wp-json\/wp\/v2\/types\/post"}],"author":[{"embeddable":true,"href":"https:\/\/monde25.info\/index.php\/wp-json\/wp\/v2\/users\/1"}],"replies":[{"embeddable":true,"href":"https:\/\/monde25.info\/index.php\/wp-json\/wp\/v2\/comments?post=21911"}],"version-history":[{"count":0,"href":"https:\/\/monde25.info\/index.php\/wp-json\/wp\/v2\/posts\/21911\/revisions"}],"wp:featuredmedia":[{"embeddable":true,"href":"https:\/\/monde25.info\/index.php\/wp-json\/wp\/v2\/media\/21912"}],"wp:attachment":[{"href":"https:\/\/monde25.info\/index.php\/wp-json\/wp\/v2\/media?parent=21911"}],"wp:term":[{"taxonomy":"category","embeddable":true,"href":"https:\/\/monde25.info\/index.php\/wp-json\/wp\/v2\/categories?post=21911"},{"taxonomy":"post_tag","embeddable":true,"href":"https:\/\/monde25.info\/index.php\/wp-json\/wp\/v2\/tags?post=21911"}],"curies":[{"name":"wp","href":"https:\/\/api.w.org\/{rel}","templated":true}]}}