{"id":21918,"date":"2026-01-05T09:09:02","date_gmt":"2026-01-05T08:09:02","guid":{"rendered":"https:\/\/monde25.info\/index.php\/2026\/01\/05\/nous-ne-serons-plus-jamais-esclaves-le-discours-de-delcy-rodriguez-vice-presidente-du-venezuela\/"},"modified":"2026-01-05T09:09:02","modified_gmt":"2026-01-05T08:09:02","slug":"nous-ne-serons-plus-jamais-esclaves-le-discours-de-delcy-rodriguez-vice-presidente-du-venezuela","status":"publish","type":"post","link":"https:\/\/monde25.info\/index.php\/2026\/01\/05\/nous-ne-serons-plus-jamais-esclaves-le-discours-de-delcy-rodriguez-vice-presidente-du-venezuela\/","title":{"rendered":"\u00abNous ne serons plus jamais esclaves\u00bb : le discours de Delcy Rodr\u00edguez, vice-pr\u00e9sidente du Venezuela"},"content":{"rendered":"<p> <br \/>\n<\/p>\n<div>\n<ol class=\"campaign-loop campaign-list\">\n<li id=\"campaign-482494\" class=\"post-482494 campaign type-campaign status-publish hentry campaign-has-goal campaign-has-achieved-goal campaign-has-end-date campaign-has-not-ended\">\n\t<a target=\"_blank\" href=\"https:\/\/reseauinternational.net\/campaigns\/campagne-de-dons-septembre-octobre-2025\/\"><\/p>\n<h3>Soutenez-nous<\/h3>\n<p>\t\t\t<\/a><\/p>\n<p>\n\tVotre soutien nous est indispensable pour continuer \u00e0 vous fournir le meilleur de l\u2019information internationale alternative. C\u2019est gr\u00e2ce \u00e0 vos dons que nous pourrons maintenir le cap pour une information plurielle et r\u00e9ellement alternative. Nous comptons sur vous.<\/p>\n<\/li>\n<\/ol>\n<p>par <strong>Alain Marshal<\/strong><\/p>\n<p><strong>Le 3 janvier 2025, les \u00c9tats-Unis ont commis le crime supr\u00eame d\u2019agression contre le Venezuela et kidnapp\u00e9 son pr\u00e9sident, Nicolas Maduro, ainsi que son \u00e9pouse. Voici le discours int\u00e9gral prononc\u00e9 par la vice-pr\u00e9sidente Delcy Rodriguez. Ce point de vue ne sera pas mis en avant sur Mediapart : si le soutien \u00e0 Zelensky y est revendiqu\u00e9, celui \u00e0 l\u2019imp\u00e9rialisme am\u00e9ricain, bien que tacite, n\u2019en est pas moins marqu\u00e9. Voir, en fin de discours, des commentaires sur la ligne atlantiste de Mediapart.<\/strong><\/p>\n<h5 class=\"wp-block-heading has-text-align-center\">*<\/h5>\n<p><strong>D\u00e9claration de la vice-pr\u00e9sidente Delcy Rodr\u00edguez devant le Conseil de d\u00e9fense de la Nation, le 3 janvier 2026, \u00e0 la suite de l\u2019agression am\u00e9ricaine et de l\u2019enl\u00e8vement du pr\u00e9sident v\u00e9n\u00e9zu\u00e9lien et de son \u00e9pouse.<\/strong><\/p>\n<p>Comme le savent bien le peuple v\u00e9n\u00e9zu\u00e9lien et la communaut\u00e9 internationale, aujourd\u2019hui, \u00e0 exactement 1h58 du matin, le gouvernement des \u00c9tats-Unis a lanc\u00e9 une agression militaire sans pr\u00e9c\u00e9dent contre la R\u00e9publique bolivarienne du Venezuela. Cela constitue une tache terrible dans le d\u00e9veloppement des relations bilat\u00e9rales.<\/p>\n<p>Au cours de cette op\u00e9ration militaire, le pr\u00e9sident Nicol\u00e1s Maduro et la premi\u00e8re dame, premi\u00e8re combattante, Cilia Flores, ont \u00e9t\u00e9 enlev\u00e9s. Nous avions d\u00e9j\u00e0 averti qu\u2019une agression \u00e9tait en cours, sous de faux pr\u00e9textes et de fallacieuses excuses, et que les masques \u00e9taient tomb\u00e9s. Cette agression n\u2019avait qu\u2019un seul objectif : le changement de r\u00e9gime au Venezuela, afin de permettre l\u2019appropriation de nos ressources \u00e9nerg\u00e9tiques, mini\u00e8res et naturelles. Tel est le v\u00e9ritable objectif, et le monde comme la communaut\u00e9 internationale doivent en \u00eatre pleinement conscients.<\/p>\n<p>Nous avons convoqu\u00e9 ce Conseil de d\u00e9fense de la Nation, auquel participent les pouvoirs publics de l\u2019\u00c9tat v\u00e9n\u00e9zu\u00e9lien. Sont pr\u00e9sents \u00e0 nos c\u00f4t\u00e9s le pr\u00e9sident du pouvoir l\u00e9gislatif du Venezuela, le docteur Jorge Rodr\u00edguez ; la pr\u00e9sidente du pouvoir judiciaire, la docteure Carilia Beatriz ; et le pr\u00e9sident du pouvoir moral, le procureur g\u00e9n\u00e9ral Tarek William Saab. Nous sommes \u00e9galement accompagn\u00e9s du ministre de la D\u00e9fense, du chef du CEO [Commandement strat\u00e9gique op\u00e9rationnel de la Force arm\u00e9e nationale bolivarienne \u2013 CEOFANB], du vice-pr\u00e9sident charg\u00e9 de la s\u00e9curit\u00e9 citoyenne, du Conseil des vice-pr\u00e9sidents, ainsi que du ministre des Affaires \u00e9trang\u00e8res de la R\u00e9publique bolivarienne du Venezuela, en plus d\u2019invit\u00e9s sp\u00e9ciaux que nous avons convi\u00e9s \u00e0 ce Conseil de d\u00e9fense de la Nation.<\/p>\n<p>Depuis cette instance, nous exigeons la lib\u00e9ration imm\u00e9diate du pr\u00e9sident Nicol\u00e1s Maduro et de son \u00e9pouse, Cilia Flores. Le seul pr\u00e9sident du Venezuela est le pr\u00e9sident Nicol\u00e1s Maduro. Sont ici r\u00e9unis les plus hauts responsables de l\u2019\u00c9tat v\u00e9n\u00e9zu\u00e9lien : le haut commandement militaire, les plus hautes autorit\u00e9s de l\u2019\u00c9tat et la direction du Conseil des vice-pr\u00e9sidents.<\/p>\n<p>Tous les acteurs politiques du pouvoir national au Venezuela sont aujourd\u2019hui r\u00e9unis. Mais dans les rues du pays, le peuple s\u2019est \u00e9galement mobilis\u00e9 en r\u00e9ponse \u00e0 l\u2019appel lanc\u00e9 auparavant par le pr\u00e9sident de la R\u00e9publique. Il avait averti que, si quelque chose lui arrivait, le peuple descendrait dans la rue ; les militants se mobiliseraient sur leurs lieux de travail ; la Force arm\u00e9e nationale bolivarienne serait activ\u00e9e et d\u00e9ploy\u00e9e sur l\u2019ensemble du territoire national ; et les organismes de s\u00e9curit\u00e9 citoyenne entreraient en action. Tout le pouvoir national du Venezuela est mobilis\u00e9 pour r\u00e9affirmer ce que nous sommes par h\u00e9ritage, en tant que fils et filles de Sim\u00f3n Bol\u00edvar. Par h\u00e9ritage, nous avons le devoir sacr\u00e9 de prot\u00e9ger notre ind\u00e9pendance nationale, notre souverainet\u00e9 et notre int\u00e9grit\u00e9 territoriale, qui ont \u00e9t\u00e9 sauvagement attaqu\u00e9es \u00e0 l\u2019aube aujourd\u2019hui.<\/p>\n<p>La communaut\u00e9 internationale s\u2019est rassembl\u00e9e et a \u00e9lev\u00e9 la voix en soutien au Venezuela. De la Chine \u00e0 la Russie, de l\u2019Am\u00e9rique latine aux Cara\u00efbes, de l\u2019Afrique \u00e0 l\u2019Asie, les gouvernements du monde entier sont tout simplement stup\u00e9faits que la R\u00e9publique bolivarienne du Venezuela soit la victime et la cible d\u2019une attaque de cette nature, qui porte sans aucun doute une empreinte sioniste. C\u2019est v\u00e9ritablement honteux.<\/p>\n<p>Notre P\u00e8re lib\u00e9rateur [Bolivar] l\u2019avait d\u00e9j\u00e0 exprim\u00e9 dans la Lettre de Jama\u00efque [1815] : \u00ab<em>Le voile s\u2019est d\u00e9chir\u00e9, nous avons d\u00e9j\u00e0 vu la lumi\u00e8re, et l\u2019on veut nous replonger dans les t\u00e9n\u00e8bres. Les cha\u00eenes ont \u00e9t\u00e9 bris\u00e9es, nous avons d\u00e9j\u00e0 \u00e9t\u00e9 libres, et nos ennemis cherchent \u00e0 nouveau \u00e0 nous asservir<\/em>\u00bb. S\u2019il est une chose que le peuple v\u00e9n\u00e9zu\u00e9lien et ce pays savent avec certitude, c\u2019est que nous ne serons plus jamais esclaves, que nous ne redeviendrons jamais les colonies d\u2019aucun empire, quel qu\u2019il soit.<\/p>\n<p>Je reprends les paroles du pr\u00e9sident Nicol\u00e1s Maduro qui, il y a \u00e0 peine deux jours, lors d\u2019une interview t\u00e9l\u00e9vis\u00e9e, r\u00e9affirmait publiquement la volont\u00e9 de ce gouvernement de maintenir le dialogue afin d\u2019aborder un agenda constructif. Et la r\u00e9ponse a \u00e9t\u00e9 cette agression, qui viole de mani\u00e8re flagrante les articles 1 et 2 de la Charte des Nations unies.<\/p>\n<p>Le pr\u00e9sident Maduro a tendu la main au peuple des \u00c9tats-Unis. En v\u00e9ritable chef d\u2019\u00c9tat, il a r\u00e9affirm\u00e9 ce que doivent \u00eatre les canaux de communication diplomatiques, politiques et institutionnels d\u2019un \u00c9tat, d\u2019un v\u00e9ritable \u00c9tat, un \u00c9tat qui assume les relations internationales pour le bien-\u00eatre des peuples, pour l\u2019amiti\u00e9, pour la coop\u00e9ration et pour des relations respectueuses du droit international. Voil\u00e0 ce que nous sommes, nous, les V\u00e9n\u00e9zu\u00e9liens et les V\u00e9n\u00e9zu\u00e9liennes.<\/p>\n<p>C\u2019est pourquoi nous appelons le peuple v\u00e9n\u00e9zu\u00e9lien \u00e0 demeurer calme, afin d\u2019affronter ensemble, dans une parfaite union nationale, cette fusion polici\u00e8re, militaire et populaire, pour qu\u2019elle ne forme qu\u2019un seul corps, et que nous traversions cette \u00e9tape extraordinaire de d\u00e9fense de notre souverainet\u00e9 et de notre ind\u00e9pendance nationale unis comme un seul corps, afin de d\u00e9fendre notre cher Venezuela.<\/p>\n<p>Ce Venezuela que nous avons h\u00e9rit\u00e9 du plus grand homme qu\u2019ait connu l\u2019histoire universelle. Ce Venezuela h\u00e9rit\u00e9 de Bol\u00edvar, de Sim\u00f3n Bol\u00edvar, de [Francisco de] Miranda, de [Rafael] Urdaneta, de [la bataille d\u2019] Ayacucho, de nos h\u00e9ros, de nos h\u00e9ro\u00efnes, des martyrs qui se sont enracin\u00e9s dans cette terre sacr\u00e9e pour d\u00e9fendre la dignit\u00e9 d\u2019un peuple qui ne se rend pas, d\u2019un peuple qui ne capitule pas et qui ne sera plus jamais la colonie de qui que ce soit :\u00a0ni des anciens empires, ni des nouveaux, ni des empires en d\u00e9clin. Nous sommes r\u00e9solument d\u00e9termin\u00e9s \u00e0 conqu\u00e9rir la libert\u00e9.<\/p>\n<p>Ce qui est inflig\u00e9 aujourd\u2019hui au Venezuela est une barbarie. L\u2019encercler, le soumettre au blocus, est une barbarie qui viole tous les m\u00e9canismes du syst\u00e8me international des droits humains, et qui constitue des crimes contre l\u2019humanit\u00e9. Nous avons d\u00e9j\u00e0 d\u00e9montr\u00e9 ce qu\u2019a \u00e9t\u00e9 l\u2019ann\u00e9e 2025 : la lutte de notre peuple, de nos travailleurs, de nos entrepreneurs, de nos communaut\u00e9s, de nos paysans, de nos p\u00eacheurs. Tout le Venezuela uni autour d\u2019un m\u00eame projet productif pour garantir les biens et services de notre peuple, pour assurer l\u2019alimentation, les m\u00e9dicaments et les biens essentiels. C\u2019est pourquoi nous appelons aujourd\u2019hui \u00e0 la d\u00e9fense de la vie.<\/p>\n<p>Qu\u2019aucun V\u00e9n\u00e9zu\u00e9lien, qu\u2019aucune V\u00e9n\u00e9zu\u00e9lienne ne reste \u00e0 l\u2019\u00e9cart. Car les extr\u00e9mistes qui ont promu cette agression arm\u00e9e contre notre pays devront en r\u00e9pondre devant l\u2019histoire et devant la justice. Nous n\u2019en doutons pas un instant. Le peuple v\u00e9n\u00e9zu\u00e9lien les a d\u00e9j\u00e0 rel\u00e9gu\u00e9s l\u00e0 o\u00f9 ils doivent \u00eatre : dans les poubelles de l\u2019histoire. Et le peuple v\u00e9n\u00e9zu\u00e9lien conscient, anim\u00e9 par le feu sacr\u00e9 de la patrie, est profond\u00e9ment indign\u00e9 par ce qui constitue l\u2019enl\u00e8vement ill\u00e9gal et ill\u00e9gitime du pr\u00e9sident et de la premi\u00e8re dame, la premi\u00e8re combattante, Cilia Flores.<\/p>\n<p>Tout le Venezuela est mobilis\u00e9. Et le d\u00e9cret d\u00e9j\u00e0 sign\u00e9 par le pr\u00e9sident Maduro, seul pr\u00e9sident du Venezuela, car il n\u2019y a qu\u2019un seul pr\u00e9sident dans ce pays, Nicol\u00e1s Maduro Moros, est en cours de transmission, par ce Conseil de d\u00e9fense de la Nation, \u00e0 la pr\u00e9sidente de la Cour supr\u00eame de justice, afin qu\u2019il re\u00e7oive l\u2019aval constitutionnel de la Chambre constitutionnelle. Tout cela dans le strict respect de la Constitution.<\/p>\n<p>Nous l\u2019avons appris du commandant Ch\u00e1vez, face aux vicissitudes, face aux coups d\u2019\u00c9tat, face aux sabotages p\u00e9troliers. Nous sommes pr\u00eats \u00e0 d\u00e9fendre le Venezuela. Nous sommes pr\u00eats \u00e0 d\u00e9fendre nos ressources naturelles, qui doivent servir au d\u00e9veloppement national. Aujourd\u2019hui, le peuple v\u00e9n\u00e9zu\u00e9lien est pleinement conscient de l\u2019importance strat\u00e9gique de ses hydrocarbures et de ses ressources \u00e9nerg\u00e9tiques.<\/p>\n<p>Ainsi, ce Conseil de d\u00e9fense de la Nation est activ\u00e9. Il est d\u00e9sormais pleinement \u00e9tabli et dans l\u2019attente de la d\u00e9cision de la Chambre constitutionnelle, que nous esp\u00e9rons imminente, afin qu\u2019elle approuve le d\u00e9cret d\u2019\u00e9tat de commotion externe \u00e9dict\u00e9 et sign\u00e9 par le pr\u00e9sident Nicol\u00e1s Maduro, et que toutes les mesures pr\u00e9vues par ce d\u00e9cret soient appliqu\u00e9es \u00e0 compter de maintenant.<\/p>\n<p>\u00c0 notre Venezuela, \u00e0 notre peuple, nous affirmons qu\u2019il existe ici un gouvernement clair et ferme. Et je r\u00e9p\u00e8te, je r\u00e9p\u00e8te encore les paroles du pr\u00e9sident, que je fais miennes : nous sommes dispos\u00e9s \u00e0 \u00e9tablir des relations fond\u00e9es sur le respect. Nous sommes dispos\u00e9s \u00e0 des relations dans le cadre de la l\u00e9galit\u00e9 internationale et des lois de la R\u00e9publique bolivarienne du Venezuela. C\u2019est la seule forme de relation que nous accepterons apr\u00e8s que notre nation bien-aim\u00e9e et la capitale qui a vu na\u00eetre notre P\u00e8re lib\u00e9rateur, Sim\u00f3n Bol\u00edvar, ont \u00e9t\u00e9 attaqu\u00e9es et agress\u00e9es militairement.<\/p>\n<p>Dans l\u2019union nationale, le peuple v\u00e9n\u00e9zu\u00e9lien trouvera le chemin de la paix et de la tranquillit\u00e9. Ceux qui recourent \u00e0 la force, ceux qui recourent \u00e0 la violence en violation de la l\u00e9galit\u00e9 internationale, ne sont pas dans leur droit. Nous, nous disposons de la l\u00e9gitimit\u00e9 historique et de la l\u00e9gitimit\u00e9 morale pour rester fermes dans la d\u00e9fense de la paix, de la tranquillit\u00e9, du droit \u00e0 l\u2019avenir du Venezuela, du droit du peuple v\u00e9n\u00e9zu\u00e9lien \u00e0 la patrie et du droit \u00e0 un avenir et au bonheur social de notre peuple.<\/p>\n<p>Chevauchant aux c\u00f4t\u00e9s de notre P\u00e8re lib\u00e9rateur \u00e0 Angostura, nous chevauchons avec lui dans la Campagne admirable. Nous chevauchons pour lib\u00e9rer la grande patrie. Et nous appelons les pays et les peuples de la grande patrie \u00e0 rester unis, car ce qu\u2019ils ont fait aujourd\u2019hui au Venezuela, ils peuvent le faire \u00e0 n\u2019importe quel autre peuple. Cette utilisation brutale de la force pour briser la volont\u00e9 des peuples peut \u00eatre inflig\u00e9e \u00e0 n\u2019importe quel pays. Aujourd\u2019hui, elle a frapp\u00e9 le peuple de Bol\u00edvar.<\/p>\n<p>Et soyez-en certains : le peuple v\u00e9n\u00e9zu\u00e9lien, peuple sage, patient, dot\u00e9 d\u2019une patience strat\u00e9gique, saura trouver le chemin pour d\u00e9fendre la paix, pour d\u00e9fendre la tranquillit\u00e9 et pour d\u00e9fendre la patrie.<\/p>\n<p>Un immense merci \u00e0 tous les V\u00e9n\u00e9zu\u00e9liens et \u00e0 toutes les V\u00e9n\u00e9zu\u00e9liennes.<\/p>\n<p>source :\u00a0<a target=\"_blank\" href=\"https:\/\/alainmarshal.org\/2026\/01\/04\/nous-ne-serons-plus-jamais-esclaves-le-discours-de-delcy-rodriguez-vice-presidente-du-venezuela\/\" target=\"_blank\" rel=\"noopener\" title=\"\">Alain Marshal<\/a><\/p>\n<div class=\"sharedaddy sd-block sd-like jetpack-likes-widget-wrapper jetpack-likes-widget-unloaded\" id=\"like-post-wrapper-237719536-503956-695b6e070bc95\" data-src=\"https:\/\/widgets.wp.com\/likes\/?ver=15.2#blog_id=237719536&amp;post_id=503956&amp;origin=reseauinternational.net&amp;obj_id=237719536-503956-695b6e070bc95\" data-name=\"like-post-frame-237719536-503956-695b6e070bc95\" data-title=\"Aimer ou rebloguer\">\n<h3 class=\"sd-title\">J\u2019aime \u00e7a\u00a0:<\/h3>\n<p><span class=\"button\"><span>J\u2019aime<\/span><\/span> <span class=\"loading\">chargement\u2026<\/span><\/p>\n<p><span class=\"sd-text-color\"\/><a target=\"_blank\" class=\"sd-link-color\"\/><\/div>\n<p><meta itemscope=\"\" itemprop=\"mainEntityOfPage\" itemtype=\"https:\/\/schema.org\/WebPage\" itemid=\"https:\/\/reseauinternational.net\/nous-ne-serons-plus-jamais-esclaves-le-discours-de-delcy-rodriguez-vice-presidente-du-venezuela\/\"\/><meta itemprop=\"headline\" content=\"\u00abNous ne serons plus jamais esclaves\u00bb : le discours de Delcy Rodr\u00edguez, vice-pr\u00e9sidente du Venezuela\"\/><span style=\"display: none;\" itemprop=\"author\" itemscope=\"\" itemtype=\"https:\/\/schema.org\/Person\"><meta itemprop=\"name\" content=\"R\u00e9seau International\"\/><\/span><span style=\"display: none;\" itemprop=\"image\" itemscope=\"\" itemtype=\"https:\/\/schema.org\/ImageObject\"><meta itemprop=\"url\" content=\"https:\/\/i0.wp.com\/reseauinternational.net\/wp-content\/uploads\/2026\/01\/Sans-titre-3-3.png?fit=800%2C467&amp;ssl=1\"\/><meta itemprop=\"width\" content=\"800\"\/><meta itemprop=\"height\" content=\"467\"\/><\/span><span style=\"display: none;\" itemprop=\"publisher\" itemscope=\"\" itemtype=\"https:\/\/schema.org\/Organization\"><span style=\"display: none;\" itemprop=\"logo\" itemscope=\"\" itemtype=\"https:\/\/schema.org\/ImageObject\"><meta itemprop=\"url\" content=\"https:\/\/reseauinternational.net\/wp-content\/uploads\/2022\/06\/Capture-de\u0301cran-2022-06-14-a\u0300-16.51.07.png\"\/><\/span><meta itemprop=\"name\" content=\"R\u00e9seau International\"\/><\/span><meta itemprop=\"datePublished\" content=\"2026-01-05T08:53:09+00:00\"\/><meta itemprop=\"dateModified\" content=\"2026-01-05T08:53:28+00:00\"\/><\/div>\n<p><br \/>\n<br \/><a href=\"https:\/\/reseauinternational.net\/nous-ne-serons-plus-jamais-esclaves-le-discours-de-delcy-rodriguez-vice-presidente-du-venezuela\/\" target=\"_blank\"\">Source link <\/a><\/p>\n","protected":false},"excerpt":{"rendered":"<p>Soutenez-nous Votre soutien nous est indispensable pour continuer \u00e0 vous fournir le meilleur de l\u2019information internationale alternative. C\u2019est gr\u00e2ce \u00e0 vos dons que nous pourrons maintenir le cap pour une&hellip; <\/p>\n","protected":false},"author":1,"featured_media":21919,"comment_status":"open","ping_status":"open","sticky":false,"template":"","format":"standard","meta":{"footnotes":""},"categories":[1],"tags":[],"class_list":["post-21918","post","type-post","status-publish","format-standard","has-post-thumbnail","hentry","category-non-classe"],"_links":{"self":[{"href":"https:\/\/monde25.info\/index.php\/wp-json\/wp\/v2\/posts\/21918","targetHints":{"allow":["GET"]}}],"collection":[{"href":"https:\/\/monde25.info\/index.php\/wp-json\/wp\/v2\/posts"}],"about":[{"href":"https:\/\/monde25.info\/index.php\/wp-json\/wp\/v2\/types\/post"}],"author":[{"embeddable":true,"href":"https:\/\/monde25.info\/index.php\/wp-json\/wp\/v2\/users\/1"}],"replies":[{"embeddable":true,"href":"https:\/\/monde25.info\/index.php\/wp-json\/wp\/v2\/comments?post=21918"}],"version-history":[{"count":0,"href":"https:\/\/monde25.info\/index.php\/wp-json\/wp\/v2\/posts\/21918\/revisions"}],"wp:featuredmedia":[{"embeddable":true,"href":"https:\/\/monde25.info\/index.php\/wp-json\/wp\/v2\/media\/21919"}],"wp:attachment":[{"href":"https:\/\/monde25.info\/index.php\/wp-json\/wp\/v2\/media?parent=21918"}],"wp:term":[{"taxonomy":"category","embeddable":true,"href":"https:\/\/monde25.info\/index.php\/wp-json\/wp\/v2\/categories?post=21918"},{"taxonomy":"post_tag","embeddable":true,"href":"https:\/\/monde25.info\/index.php\/wp-json\/wp\/v2\/tags?post=21918"}],"curies":[{"name":"wp","href":"https:\/\/api.w.org\/{rel}","templated":true}]}}