{"id":21927,"date":"2026-01-05T11:54:17","date_gmt":"2026-01-05T10:54:17","guid":{"rendered":"https:\/\/monde25.info\/index.php\/2026\/01\/05\/venezuela-trump-le-predateur-est-la-proie-du-lobby-israel-first\/"},"modified":"2026-01-05T11:54:17","modified_gmt":"2026-01-05T10:54:17","slug":"venezuela-trump-le-predateur-est-la-proie-du-lobby-israel-first","status":"publish","type":"post","link":"https:\/\/monde25.info\/index.php\/2026\/01\/05\/venezuela-trump-le-predateur-est-la-proie-du-lobby-israel-first\/","title":{"rendered":"Venezuela : Trump le pr\u00e9dateur est la proie du lobby Israel first"},"content":{"rendered":"<p> <br \/>\n<\/p>\n<div>\n<ol class=\"campaign-loop campaign-list\">\n<li id=\"campaign-482494\" class=\"post-482494 campaign type-campaign status-publish hentry campaign-has-goal campaign-has-achieved-goal campaign-has-end-date campaign-has-not-ended\">\n\t<a target=\"_blank\" href=\"https:\/\/reseauinternational.net\/campaigns\/campagne-de-dons-septembre-octobre-2025\/\"><\/p>\n<h3>Soutenez-nous<\/h3>\n<p>\t\t\t<\/a><\/p>\n<p>\n\tVotre soutien nous est indispensable pour continuer \u00e0 vous fournir le meilleur de l\u2019information internationale alternative. C\u2019est gr\u00e2ce \u00e0 vos dons que nous pourrons maintenir le cap pour une information plurielle et r\u00e9ellement alternative. Nous comptons sur vous.<\/p>\n<\/li>\n<\/ol>\n<p>par <strong>Maria Poumier<\/strong><\/p>\n<p><strong>Notre hypoth\u00e8se : Au Venezuela, la m\u00e9thode trumpiste est dict\u00e9e par Netanyahou et ses voyous.<\/strong><\/p>\n<p>Trump s\u2019est fait embringuer une fois de plus dans un plan qui ne sert en rien les int\u00e9r\u00eats r\u00e9els des \u00c9tats-Unis, et il est en fait pouss\u00e9 dans le pr\u00e9cipice par les n\u00e9o-cons. C\u2019est lui, la proie qui est vis\u00e9e par une frappe de d\u00e9capitation ultime que lui mijotent des pr\u00e9dateurs plus gros que lui, qui flattent ses r\u00e9flexes de cow-boy.<\/p>\n<p>Dans sa conf\u00e9rence de presse, Trump n\u2019a \u00e9t\u00e9 clair que sur un point : il veut s\u2019emparer du p\u00e9trole v\u00e9n\u00e9zu\u00e9lien. Netanyahou a imm\u00e9diatement applaudi \u00e0 l\u2019enl\u00e8vement du pr\u00e9sident Maduro, ce n\u2019est pas une surprise. Moscou a imm\u00e9diatement refus\u00e9 toute l\u00e9gitimit\u00e9 \u00e0 l\u2019acte de piraterie US. Chaque pays, abasourdi, a bient\u00f4t suivi, et condamn\u00e9 un acte absolument contraire au droit international, et qui aura des cons\u00e9quences d\u00e9sastreuses pour les \u00c9tats-Unis eux-m\u00eames, et multidirectionnelles.<\/p>\n<p>L\u2019Iran venait d\u2019annoncer une initiative : <a target=\"_blank\" href=\"https:\/\/resistance71.wordpress.com\/2025\/12\/31\/historique-5-millions-de-km2-despace-aerien-fermes-par-le-venezuela-cuba-et-liran-a-tout-vol-americain-press-tv\/\" target=\"_blank\" rel=\"noopener\" title=\"\">interdire le survol du Venezuela<\/a> aux \u00c9tats-Unis. Cuba \u00e9tait associ\u00e9 au projet. <strong>Trump a d\u00e9j\u00e0 annonc\u00e9 qu\u2019il \u00e9tait pr\u00eat \u00e0 envoyer son arm\u00e9e pour expulser les gouvernements iranien et cubain<\/strong>. Le Venezuela n\u2019est pour lui qu\u2019une premi\u00e8re \u00e9tape. Son discours lors de la conf\u00e9rence de presse de ce jour est purement terroriste. Certes, il a souvent utilis\u00e9 le bluff comme premi\u00e8re phase paralysante d\u2019une n\u00e9gociation, par exemple dans le cas des droits de douane.<\/p>\n<p>Mais il y a un chef d\u2019\u00c9tat qui utilise le bluff de fa\u00e7on bien diff\u00e9rente, non pour n\u00e9gocier, mais pour hypnotiser et paralyser, comme dans les milieux du crime organis\u00e9 : une annonce, une intimidation facile, une prise d\u2019otage (Trump lui-m\u00eame, ligot\u00e9 par l\u2019affaire Epstein, dans lequel il est compromis, non par un pi\u00e8ge \u00e0 miel, mais par des compromissions financi\u00e8res) comme premi\u00e8re \u00e9tape du programme de massacre et de pillage d\u2019un peuple qui le d\u00e9range : Netanyahou.<\/p>\n<p>Il est \u00e0 craindre que le Mossad m\u00e8ne Trump par le bout du nez, et soit celui qui le pousse dans le pr\u00e9cipice ; c\u2019est l\u2019Iran qui est vis\u00e9, derri\u00e8re cet attentat. Il y a une <a target=\"_blank\" href=\"https:\/\/reseauinternational.net\/le-role-meconnu-des-juifs-dans-la-crise-venezuelienne\/\" target=\"_blank\" rel=\"noopener\" title=\"\">communaut\u00e9 isra\u00e9liste<\/a> virulente au Venezuela, \u00e9troitement li\u00e9e \u00e0 celle de l\u2019Argentine, extr\u00eamement puissante, et d\u00e9j\u00e0 exp\u00e9riment\u00e9e dans les attentats sous faux-drapeau visant l\u2019Iran (<a target=\"_blank\" href=\"https:\/\/www.youtube.com\/watch?v=Phf4cDMfrEY\" target=\"_blank\" rel=\"noopener\" title=\"\">AMIA, 1994<\/a>).<\/p>\n<p>Trump n\u2019a pas le soutien du Congr\u00e8s, humili\u00e9 par son m\u00e9pris syst\u00e9matique. Marco Rubio n\u2019a pas la r\u00e9putation d\u2019avoir une pens\u00e9e personnelle, il personnifie simplement la rancune contre le souverainisme cubain impossible \u00e0 d\u00e9boulonner depuis 67 ans : et le <a target=\"_blank\" href=\"https:\/\/reseauinternational.net\/le-lobby-judeo-cubain-et-les-atouts-du-gouvernement-cubain\/\" target=\"_blank\" rel=\"noopener\" title=\"\">lobby cubain de Miami<\/a> est principalement anim\u00e9 par les fils d\u2019ashk\u00e9nazes arriv\u00e9s \u00e0 Cuba dans les ann\u00e9es 1940 qui, encadr\u00e9s par Meyer Lansky, avaient mis la main sur l\u2019immobilier, mettant en jeu une sp\u00e9culation effr\u00e9n\u00e9e, ainsi que sur la propri\u00e9t\u00e9 fonci\u00e8re, avant d\u2019\u00eatre chass\u00e9s du pays par Fidel Castro, avec la r\u00e9forme agraire et la r\u00e9forme urbaine, d\u00e9cr\u00e9t\u00e9es d\u00e8s sa prise de pouvoir, en 1959.<\/p>\n<p>Trump vieillit, il a d\u00e9j\u00e0 annonc\u00e9 qu\u2019il passera la main \u00e0 son vice-pr\u00e9sident Vance. La seule explication \u00e0 l\u2019imprudence colossale de Trump dans son attaque contre le Venezuela, pays dont il ne sait rien, si ce n\u2019est qu\u2019il a plein de p\u00e9trole, est l\u2019\u00e9quipe du marionnettiste Netanyahou, et en particulier l\u2019un des cerveaux les plus vicieux de notre temps, <a target=\"_blank\" href=\"https:\/\/www.voltairenet.org\/mot1486.html?lang=fr\" target=\"_blank\" rel=\"noopener\" title=\"\">Elliott Abrams<\/a>, sp\u00e9cialiste des coups tordus contre l\u2019Am\u00e9rique latine et contre l\u2019Iran \u00e0 la fois, enthousiasm\u00e9 par l\u2019enl\u00e8vement de Maduro..<\/p>\n<p>Cette hypoth\u00e8se proc\u00e8de-t-elle simplement de r\u00e9flexes antisionistes ? Mais n\u2019est-il pas av\u00e9r\u00e9 que c\u2019est le Mossad qui avait <a target=\"_blank\" href=\"https:\/\/www.amazon.fr\/JFK-11-Septembre-ans-manipulations\/dp\/2846283400\" target=\"_blank\" rel=\"noopener\" title=\"\">mis en \u0153uvre les attentats monstrueux<\/a> du 11 septembre 2001, juste pour obtenir du pr\u00e9sident Bush, totalement d\u00e9boussol\u00e9 et hallucin\u00e9, qu\u2019il d\u00e9truise l\u2019Irak, avec des pr\u00e9textes aussi inconsistants qu\u2019aujourd\u2019hui pour entraver l\u2019Axe de la R\u00e9sistance sur le sol v\u00e9n\u00e9zu\u00e9lien ? Le 3 janvier 2019, pour faire plaisir \u00e0 Isra\u00ebl, <a target=\"_blank\" href=\"https:\/\/www.youtube.com\/watch?v=Kl2FCTxCTIs\" target=\"_blank\" rel=\"noopener\" title=\"\">Trump faisait assassiner<\/a> le g\u00e9n\u00e9ral Soleimani, qui \u00e9tait le n\u00e9gociateur par excellence dans les relations entre le Moyen Orient et les v\u00e9ritables int\u00e9r\u00eats de l\u2019Am\u00e9rique.<\/p>\n<p>Petit rappel, que vient faire l\u00e0-dedans l\u2019accusation de production et trafic de drogue, contre un pays qui n\u2019a pas de responsabilit\u00e9 s\u00e9rieuse dans ce domaine ?<\/p>\n<p>Ce bobard et arme de destruction mentale \u00e0 la fois s\u2019adresse \u00e0 l\u2019opinion publique \u00e9tats-unienne ; le trucage a \u00e9t\u00e9 clairement utilis\u00e9 \u00e0 plusieurs reprises : \u2013 par le pr\u00e9texte d\u2019un programme d\u2019armement nucl\u00e9aire iranien inexistant, \u2013 par les accusations d\u2019utilisation d\u2019armes biologiques de destruction massive en Irak et d\u2019armes chimiques en Syrie, \u2013 par l\u2019instrumentalisation du discours religieux extr\u00e9miste en Afghanistan, afin de d\u00e9tourner l\u2019enqu\u00eate sur les responsabilit\u00e9s am\u00e9ricano-isra\u00e9liennes sur les attentats du 11 septembre, \u2013 par des accusations infond\u00e9es contre Kadhafi le pr\u00e9sident libyen qui avait fait de son pays le plus prosp\u00e8re de l\u2019Afrique.<\/p>\n<p>Le Venezuela est la principale cible en ce moment, comme l\u2019\u00e9tait l\u2019Irak en 2003, \u00e9galement \u00e9minent pays p\u00e9trolier. Mais le parall\u00e8le avec l\u2019Irak ne s\u2019arr\u00eate pas l\u00e0 : comme l\u2019\u00e9tait l\u2019Irak en 2003, le gouvernement du Venezuela est officiellement antisioniste. C\u2019est un pays en pointe dans la r\u00e9sistance au g\u00e9nocide en Palestine, d\u00e9cisif dans l\u2019Axe de la r\u00e9sistance, qui peut compter chaque jour un peu plus sur le soutien de la Russie, de la Chine, et de l\u2019Iran.<\/p>\n<p>Comme Saddam Hussein en 2003, le pr\u00e9sident Maduro n\u2019est pas vis\u00e9 \u00e0 cause d\u2019aspects autoritaires dans sa gestion du peuple qui l\u2019a \u00e9lu et r\u00e9\u00e9lu, mais pour ses qualit\u00e9s, <a target=\"_blank\" href=\"https:\/\/plumenclume.com\/2025\/12\/10\/linvasion-du-venezuela-comme-la-guerre-dirak-en-2003\/\" target=\"_blank\" rel=\"noopener\" title=\"\">comme le dit Kevin Barrett<\/a> : augmentation efficace de la souverainet\u00e9 nationale, dans le cadre des BRICS, favorisant l\u2019ind\u00e9pendance mon\u00e9taire et financi\u00e8re de son pays.<\/p>\n<p>Sur les \u00e9tapes de l\u2019escalade, voir le nouvel article de Wikipedia, mis en ligne en janvier 2026 : <a target=\"_blank\" href=\"https:\/\/fr.wikipedia.org\/wiki\/Crise%5C%5C_am%C3%A9ricano-v%C3%A9n%C3%A9zu%C3%A9lienne%5C%5C_de%5C%5C_2025-2026\" target=\"_blank\" rel=\"noopener\" title=\"\">https:\/\/fr.wikipedia.org\/wiki\/Crise-am\u00e9ricano-v\u00e9n\u00e9zu\u00e9lienne-de-2025-2026<\/a>.<\/p>\n<p><strong>D\u00e9claration officielle du Venezuela :<\/strong><\/p>\n<p>\u00abLa R\u00e9publique bolivarienne du Venezuela rejette, r\u00e9pudie et d\u00e9nonce devant la communaut\u00e9 internationale la grave agression militaire perp\u00e9tr\u00e9e par le gouvernement actuel des \u00c9tats-Unis d\u2019Am\u00e9rique contre le territoire v\u00e9n\u00e9zu\u00e9lien et sa population dans les zones civiles et militaires de Caracas, la capitale, et dans les \u00c9tats de Miranda, d\u2019Aragua et de La Guaira. Cet acte constitue une violation flagrante de la Charte des Nations unies, notamment de ses articles 1 et 2, qui consacrent le respect de la souverainet\u00e9, l\u2019\u00e9galit\u00e9 juridique des \u00c9tats et l\u2019interdiction du recours \u00e0 la force. Une telle agression menace la paix et la stabilit\u00e9 internationales, en particulier en Am\u00e9rique latine et dans les Cara\u00efbes, et met gravement en danger la vie de millions de personnes. L\u2019objectif de cette attaque n\u2019est autre que de s\u2019emparer des ressources strat\u00e9giques du Venezuela, notamment son p\u00e9trole et ses min\u00e9raux, en tentant de briser par la force l\u2019ind\u00e9pendance politique du pays. Ils n\u2019y parviendront pas. Apr\u00e8s plus de deux si\u00e8cles d\u2019ind\u00e9pendance, le peuple et son gouvernement l\u00e9gitime d\u00e9fendent fermement leur souverainet\u00e9 et leur droit inali\u00e9nable \u00e0 d\u00e9cider de leur propre destin. La tentative d\u2019imposer une guerre coloniale pour d\u00e9truire le r\u00e9gime r\u00e9publicain et forcer un \u00abchangement de r\u00e9gime\u00bb, en alliance avec l\u2019oligarchie fasciste, \u00e9chouera, comme toutes les tentatives pr\u00e9c\u00e9dentes.<\/p>\n<p>Le Gouvernement bolivarien appelle toutes les forces sociales et politiques du pays \u00e0 activer les plans de mobilisation et \u00e0 condamner cette attaque imp\u00e9rialiste. Le peuple v\u00e9n\u00e9zu\u00e9lien et ses Forces arm\u00e9es nationales bolivariennes, unis dans une parfaite unit\u00e9 populaire-militaire-polici\u00e8re, sont mobilis\u00e9s pour garantir la souverainet\u00e9 et la paix. Parall\u00e8lement, la Diplomatie bolivarienne de paix portera plainte aupr\u00e8s du Conseil de s\u00e9curit\u00e9 des Nations unies, de son Secr\u00e9taire g\u00e9n\u00e9ral, de la CELAC et du Mouvement des non-align\u00e9s, exigeant la condamnation et la mise en cause du gouvernement am\u00e9ricain. \u00c0 cet \u00e9gard, le pr\u00e9sident Nicol\u00e1s Maduro a sign\u00e9 et ordonn\u00e9 la mise en \u0153uvre du d\u00e9cret d\u00e9clarant l\u2019\u00e9tat de troubles ext\u00e9rieurs sur l\u2019ensemble du territoire national, afin de prot\u00e9ger les droits de la population, le plein fonctionnement des institutions r\u00e9publicaines et de passer imm\u00e9diatement \u00e0 la lutte arm\u00e9e. Le pays tout entier doit se mobiliser pour vaincre cette agression imp\u00e9rialiste. De m\u00eame, le d\u00e9ploiement imm\u00e9diat du Commandement pour la d\u00e9fense globale de la nation et des organes directeurs de la d\u00e9fense globale a \u00e9t\u00e9 ordonn\u00e9 dans tous les \u00c9tats et municipalit\u00e9s du pays. En stricte conformit\u00e9 avec l\u2019article 51 de la Charte des Nations unies, le Venezuela se r\u00e9serve le droit d\u2019exercer sa l\u00e9gitime d\u00e9fense pour prot\u00e9ger son peuple, son territoire et son ind\u00e9pendance. Nous appelons les peuples et les gouvernements d\u2019Am\u00e9rique latine, des Cara\u00efbes et du monde entier \u00e0 se mobiliser et \u00e0 s\u2019unir activement contre cette agression imp\u00e9rialiste\u00bb<\/p>\n<p><a target=\"_blank\" href=\"https:\/\/cubasi.cu\/es\/noticia\/venezuela-declaran-estado-de-conmocion-y-pasar-la-lucha-armada\" target=\"_blank\" rel=\"noopener\" title=\"\">https:\/\/cubasi.cu\/es\/noticia\/venezuela-declaran-estado-de-conmocion-y-pasar-la-lucha-armada<\/a><\/p>\n<p>source : <a target=\"_blank\" href=\"https:\/\/plumenclume.com\/2026\/01\/04\/trump-le-predateur-est-la-proie-du-lobby-israel-first\/\" target=\"_blank\" rel=\"noopener\" title=\"\">Entre la plume et l\u2019enclume<\/a><\/p>\n<p><a target=\"_blank\" href=\"https:\/\/reseauinternational.net\/author\/mariapoumier\/\" target=\"_blank\" rel=\"noopener\" title=\"\">Maria Poumier<\/a><\/p>\n<div class=\"sharedaddy sd-block sd-like jetpack-likes-widget-wrapper jetpack-likes-widget-unloaded\" id=\"like-post-wrapper-237719536-504100-695b92bde1bf8\" data-src=\"https:\/\/widgets.wp.com\/likes\/?ver=15.2#blog_id=237719536&amp;post_id=504100&amp;origin=reseauinternational.net&amp;obj_id=237719536-504100-695b92bde1bf8\" data-name=\"like-post-frame-237719536-504100-695b92bde1bf8\" data-title=\"Aimer ou rebloguer\">\n<h3 class=\"sd-title\">J\u2019aime \u00e7a\u00a0:<\/h3>\n<p><span class=\"button\"><span>J\u2019aime<\/span><\/span> <span class=\"loading\">chargement\u2026<\/span><\/p>\n<p><span class=\"sd-text-color\"\/><a target=\"_blank\" class=\"sd-link-color\"\/><\/div>\n<p><meta itemscope=\"\" itemprop=\"mainEntityOfPage\" itemtype=\"https:\/\/schema.org\/WebPage\" itemid=\"https:\/\/reseauinternational.net\/venezuela-trump-le-predateur-est-la-proie-du-lobby-israel-first\/\"\/><meta itemprop=\"headline\" content=\"Venezuela : Trump le pr\u00e9dateur est la proie du lobby Israel first\"\/><span style=\"display: none;\" itemprop=\"author\" itemscope=\"\" itemtype=\"https:\/\/schema.org\/Person\"><meta itemprop=\"name\" content=\"Maria Poumier\"\/><\/span><span style=\"display: none;\" itemprop=\"image\" itemscope=\"\" itemtype=\"https:\/\/schema.org\/ImageObject\"><meta itemprop=\"url\" content=\"https:\/\/i0.wp.com\/reseauinternational.net\/wp-content\/uploads\/2026\/01\/Sans-titre-23-2.png?fit=800%2C467&amp;ssl=1\"\/><meta itemprop=\"width\" content=\"800\"\/><meta itemprop=\"height\" content=\"467\"\/><\/span><span style=\"display: none;\" itemprop=\"publisher\" itemscope=\"\" itemtype=\"https:\/\/schema.org\/Organization\"><span style=\"display: none;\" itemprop=\"logo\" itemscope=\"\" itemtype=\"https:\/\/schema.org\/ImageObject\"><meta itemprop=\"url\" content=\"https:\/\/reseauinternational.net\/wp-content\/uploads\/2022\/06\/Capture-de\u0301cran-2022-06-14-a\u0300-16.51.07.png\"\/><\/span><meta itemprop=\"name\" content=\"Maria Poumier\"\/><\/span><meta itemprop=\"datePublished\" content=\"2026-01-05T11:29:35+00:00\"\/><meta itemprop=\"dateModified\" content=\"2026-01-05T11:29:52+00:00\"\/><\/div>\n<p><br \/>\n<br \/><a href=\"https:\/\/reseauinternational.net\/venezuela-trump-le-predateur-est-la-proie-du-lobby-israel-first\/\" target=\"_blank\"\">Source link <\/a><\/p>\n","protected":false},"excerpt":{"rendered":"<p>Soutenez-nous Votre soutien nous est indispensable pour continuer \u00e0 vous fournir le meilleur de l\u2019information internationale alternative. C\u2019est gr\u00e2ce \u00e0 vos dons que nous pourrons maintenir le cap pour une&hellip; <\/p>\n","protected":false},"author":1,"featured_media":21928,"comment_status":"open","ping_status":"open","sticky":false,"template":"","format":"standard","meta":{"footnotes":""},"categories":[1],"tags":[],"class_list":["post-21927","post","type-post","status-publish","format-standard","has-post-thumbnail","hentry","category-non-classe"],"_links":{"self":[{"href":"https:\/\/monde25.info\/index.php\/wp-json\/wp\/v2\/posts\/21927","targetHints":{"allow":["GET"]}}],"collection":[{"href":"https:\/\/monde25.info\/index.php\/wp-json\/wp\/v2\/posts"}],"about":[{"href":"https:\/\/monde25.info\/index.php\/wp-json\/wp\/v2\/types\/post"}],"author":[{"embeddable":true,"href":"https:\/\/monde25.info\/index.php\/wp-json\/wp\/v2\/users\/1"}],"replies":[{"embeddable":true,"href":"https:\/\/monde25.info\/index.php\/wp-json\/wp\/v2\/comments?post=21927"}],"version-history":[{"count":0,"href":"https:\/\/monde25.info\/index.php\/wp-json\/wp\/v2\/posts\/21927\/revisions"}],"wp:featuredmedia":[{"embeddable":true,"href":"https:\/\/monde25.info\/index.php\/wp-json\/wp\/v2\/media\/21928"}],"wp:attachment":[{"href":"https:\/\/monde25.info\/index.php\/wp-json\/wp\/v2\/media?parent=21927"}],"wp:term":[{"taxonomy":"category","embeddable":true,"href":"https:\/\/monde25.info\/index.php\/wp-json\/wp\/v2\/categories?post=21927"},{"taxonomy":"post_tag","embeddable":true,"href":"https:\/\/monde25.info\/index.php\/wp-json\/wp\/v2\/tags?post=21927"}],"curies":[{"name":"wp","href":"https:\/\/api.w.org\/{rel}","templated":true}]}}