{"id":21935,"date":"2026-01-05T14:39:02","date_gmt":"2026-01-05T13:39:02","guid":{"rendered":"https:\/\/monde25.info\/index.php\/2026\/01\/05\/on-ne-sait-pas-larreter-une-plante-exotique-envahit-les-canaux-francais\/"},"modified":"2026-01-05T14:39:02","modified_gmt":"2026-01-05T13:39:02","slug":"on-ne-sait-pas-larreter-une-plante-exotique-envahit-les-canaux-francais","status":"publish","type":"post","link":"https:\/\/monde25.info\/index.php\/2026\/01\/05\/on-ne-sait-pas-larreter-une-plante-exotique-envahit-les-canaux-francais\/","title":{"rendered":"\u00ab\u00a0On ne sait pas l&#039;arr\u00eater\u00a0\u00bb\u00a0: une plante exotique envahit les canaux fran\u00e7ais"},"content":{"rendered":"<p> <br \/>\n<br \/><img loading=\"lazy\" decoding=\"async\" src=\"https:\/\/reporterre.net\/local\/cache-vignettes\/L700xH467\/20251204_reporterre_myriophylle_012-2883c.jpg?1767606066\" class=\"spip_logo\" width=\"700\" height=\"467\" alt=\"\" \/><\/p>\n<p>Le myriophylle h\u00e9t\u00e9rophylle, une plante subaquatique aux caract\u00e9ristiques hors du commun, se d\u00e9veloppe \u00e0 grande vitesse dans les canaux fran\u00e7ais. Elle complique la navigation et le fonctionnement du r\u00e9seau. <br class=\"autobr\" \/><br \/>\nSaint-Dizier et Vitry-le-Fran\u00e7ois (Haute-Marne), reportage <br class=\"autobr\" \/><br \/>\nUne croissance ultrarapide, m\u00eame en hiver, des boutures par milliers qui s&rsquo;enracinent le long des berges, une force d&rsquo;adaptation hors du commun\u2026 Un v\u00e9g\u00e9tal aux capacit\u00e9s rares est en train de s&rsquo;installer dans les canaux\u00a0(\u2026)<\/p>\n<p>                    <a target=\"_blank\" href=\"https:\/\/reporterre.net\/Cette-plante-envahissante-qui-bouche-les-canaux-francais?utm_source=RSS&amp;utm_medium=RSS\">Lire la suite<\/a><\/p>\n<p>                    &#8211;<br \/>\n                        <a target=\"_blank\" href=\"https:\/\/reporterre.net\/Reportage\" rel=\"directory\">Reportage<\/a><\/p>\n<p>                    \/<br \/>\n                        <a target=\"_blank\" href=\"https:\/\/reporterre.net\/Photographies\" rel=\"tag\">Photographies<\/a><br \/>\n                    ,<br \/>\n                        <a target=\"_blank\" href=\"https:\/\/reporterre.net\/Transports\" rel=\"tag\">Transports<\/a><br \/>\n                    ,<br \/>\n                        <a target=\"_blank\" href=\"https:\/\/reporterre.net\/Eau-rivieres-oceans\" rel=\"tag\">Eau et rivi\u00e8res<\/a><br \/>\n<br \/><br \/>\n<br \/><a href=\"https:\/\/reporterre.net\/Cette-plante-envahissante-qui-bouche-les-canaux-francais\" target=\"_blank\"\">Source link <\/a><\/p>\n","protected":false},"excerpt":{"rendered":"<p>Le myriophylle h\u00e9t\u00e9rophylle, une plante subaquatique aux caract\u00e9ristiques hors du commun, se d\u00e9veloppe \u00e0 grande vitesse dans les canaux fran\u00e7ais. Elle complique la navigation et le fonctionnement du r\u00e9seau. Saint-Dizier&hellip; <\/p>\n","protected":false},"author":1,"featured_media":0,"comment_status":"open","ping_status":"open","sticky":false,"template":"","format":"standard","meta":{"footnotes":""},"categories":[1],"tags":[],"class_list":["post-21935","post","type-post","status-publish","format-standard","hentry","category-non-classe"],"_links":{"self":[{"href":"https:\/\/monde25.info\/index.php\/wp-json\/wp\/v2\/posts\/21935","targetHints":{"allow":["GET"]}}],"collection":[{"href":"https:\/\/monde25.info\/index.php\/wp-json\/wp\/v2\/posts"}],"about":[{"href":"https:\/\/monde25.info\/index.php\/wp-json\/wp\/v2\/types\/post"}],"author":[{"embeddable":true,"href":"https:\/\/monde25.info\/index.php\/wp-json\/wp\/v2\/users\/1"}],"replies":[{"embeddable":true,"href":"https:\/\/monde25.info\/index.php\/wp-json\/wp\/v2\/comments?post=21935"}],"version-history":[{"count":0,"href":"https:\/\/monde25.info\/index.php\/wp-json\/wp\/v2\/posts\/21935\/revisions"}],"wp:attachment":[{"href":"https:\/\/monde25.info\/index.php\/wp-json\/wp\/v2\/media?parent=21935"}],"wp:term":[{"taxonomy":"category","embeddable":true,"href":"https:\/\/monde25.info\/index.php\/wp-json\/wp\/v2\/categories?post=21935"},{"taxonomy":"post_tag","embeddable":true,"href":"https:\/\/monde25.info\/index.php\/wp-json\/wp\/v2\/tags?post=21935"}],"curies":[{"name":"wp","href":"https:\/\/api.w.org\/{rel}","templated":true}]}}