{"id":21955,"date":"2026-01-05T22:53:38","date_gmt":"2026-01-05T21:53:38","guid":{"rendered":"https:\/\/monde25.info\/index.php\/2026\/01\/05\/le-harcelement-est-presque-un-rite-de-passage-des-salaries-dun-biocoop-en-greve\/"},"modified":"2026-01-05T22:53:38","modified_gmt":"2026-01-05T21:53:38","slug":"le-harcelement-est-presque-un-rite-de-passage-des-salaries-dun-biocoop-en-greve","status":"publish","type":"post","link":"https:\/\/monde25.info\/index.php\/2026\/01\/05\/le-harcelement-est-presque-un-rite-de-passage-des-salaries-dun-biocoop-en-greve\/","title":{"rendered":"\u00ab\u00a0Le harc\u00e8lement est presque un rite de passage\u00a0\u00bb\u00a0: des salari\u00e9s d&#039;un Biocoop en gr\u00e8ve"},"content":{"rendered":"<p> <br \/>\n<br \/><img loading=\"lazy\" decoding=\"async\" src=\"https:\/\/reporterre.net\/local\/cache-vignettes\/L700xH467\/dsc_8599_resized-48cc7.jpg?1767628351\" class=\"spip_logo\" width=\"700\" height=\"467\" alt=\"\" \/><\/p>\n<p>Depuis le 3\u00a0janvier, les salari\u00e9s de Biocoop Place des F\u00eates \u00e0 Paris sont en gr\u00e8ve pour d\u00e9noncer le management et leurs conditions de travail. Ils esp\u00e8rent la mise en place d&rsquo;une charte sociale commune \u00e0 l&rsquo;ensemble des magasins. <br class=\"autobr\" \/><br \/>\nParis, reportage <br class=\"autobr\" \/><br \/>\nD\u00e8s 7 h 30, malgr\u00e9 le froid et la neige, une trentaine de personnes se sont retrouv\u00e9es devant le Biocoop Place des F\u00eates, \u00e0 Paris, pour installer un piquet de gr\u00e8ve, samedi 3\u00a0janvier. Au total, 16\u00a0des\u00a020 salari\u00e9s de l&rsquo;\u00e9quipe se sont mobilis\u00e9s. \u00ab<small class=\"fine d-inline\">\u00a0<\/small>(\u2026)<\/p>\n<p>                    <a target=\"_blank\" href=\"https:\/\/reporterre.net\/Le-harcelement-est-presque-un-rite-de-passage-des-salaries-d-un-Biocoop-en-greve?utm_source=RSS&amp;utm_medium=RSS\">Lire la suite<\/a><\/p>\n<p>                    &#8211;<br \/>\n                        <a target=\"_blank\" href=\"https:\/\/reporterre.net\/Reportage\" rel=\"directory\">Reportage<\/a><\/p>\n<p>                    \/<br \/>\n                        <a target=\"_blank\" href=\"https:\/\/reporterre.net\/Luttes\" rel=\"tag\">Luttes<\/a><br \/>\n                    ,<br \/>\n                        <a target=\"_blank\" href=\"https:\/\/reporterre.net\/Alimentation\" rel=\"tag\">Alimentation<\/a><br \/>\n                    ,<br \/>\n                        <a target=\"_blank\" href=\"https:\/\/reporterre.net\/Social\" rel=\"tag\">Social<\/a><br \/>\n<br \/><br \/>\n<br \/><a href=\"https:\/\/reporterre.net\/Le-harcelement-est-presque-un-rite-de-passage-des-salaries-d-un-Biocoop-en-greve\" target=\"_blank\"\">Source link <\/a><\/p>\n","protected":false},"excerpt":{"rendered":"<p>Depuis le 3\u00a0janvier, les salari\u00e9s de Biocoop Place des F\u00eates \u00e0 Paris sont en gr\u00e8ve pour d\u00e9noncer le management et leurs conditions de travail. Ils esp\u00e8rent la mise en place&hellip; <\/p>\n","protected":false},"author":1,"featured_media":0,"comment_status":"open","ping_status":"open","sticky":false,"template":"","format":"standard","meta":{"footnotes":""},"categories":[1],"tags":[],"class_list":["post-21955","post","type-post","status-publish","format-standard","hentry","category-non-classe"],"_links":{"self":[{"href":"https:\/\/monde25.info\/index.php\/wp-json\/wp\/v2\/posts\/21955","targetHints":{"allow":["GET"]}}],"collection":[{"href":"https:\/\/monde25.info\/index.php\/wp-json\/wp\/v2\/posts"}],"about":[{"href":"https:\/\/monde25.info\/index.php\/wp-json\/wp\/v2\/types\/post"}],"author":[{"embeddable":true,"href":"https:\/\/monde25.info\/index.php\/wp-json\/wp\/v2\/users\/1"}],"replies":[{"embeddable":true,"href":"https:\/\/monde25.info\/index.php\/wp-json\/wp\/v2\/comments?post=21955"}],"version-history":[{"count":0,"href":"https:\/\/monde25.info\/index.php\/wp-json\/wp\/v2\/posts\/21955\/revisions"}],"wp:attachment":[{"href":"https:\/\/monde25.info\/index.php\/wp-json\/wp\/v2\/media?parent=21955"}],"wp:term":[{"taxonomy":"category","embeddable":true,"href":"https:\/\/monde25.info\/index.php\/wp-json\/wp\/v2\/categories?post=21955"},{"taxonomy":"post_tag","embeddable":true,"href":"https:\/\/monde25.info\/index.php\/wp-json\/wp\/v2\/tags?post=21955"}],"curies":[{"name":"wp","href":"https:\/\/api.w.org\/{rel}","templated":true}]}}