{"id":21960,"date":"2026-01-06T00:32:41","date_gmt":"2026-01-05T23:32:41","guid":{"rendered":"https:\/\/monde25.info\/index.php\/2026\/01\/06\/pour-la-patrie-je-reprendrai-les-armes-affirme-le-president-colombien-face-aux-menaces-de-trump-rt-en-francais\/"},"modified":"2026-01-06T00:32:41","modified_gmt":"2026-01-05T23:32:41","slug":"pour-la-patrie-je-reprendrai-les-armes-affirme-le-president-colombien-face-aux-menaces-de-trump-rt-en-francais","status":"publish","type":"post","link":"https:\/\/monde25.info\/index.php\/2026\/01\/06\/pour-la-patrie-je-reprendrai-les-armes-affirme-le-president-colombien-face-aux-menaces-de-trump-rt-en-francais\/","title":{"rendered":"\u00abPour la patrie, je reprendrai les armes\u00bb, affirme le pr\u00e9sident colombien face aux menaces de Trump \u2014 RT en fran\u00e7ais"},"content":{"rendered":"<p> <br \/>\n<br \/><img decoding=\"async\" src=\"https:\/\/mf.b37mrtl.ru\/french\/images\/2026.01\/thumbnail\/695bef596f7ccc1c642100cb.jpg\" \/><\/p>\n<div>\n<p class=\"text__summary\">\n                                        Dans la foul\u00e9e de l\u2019op\u00e9ration militaire des \u00c9tats-Unis au Venezuela, qui s\u2019est sold\u00e9e par l\u2019enl\u00e8vement du pr\u00e9sident du pays et de sa femme par les forces am\u00e9ricaines, et les menaces de Donald Trump \u00e0 son encontre, le pr\u00e9sident Gustavo Petro a d\u00e9clar\u00e9 \u00eatre pr\u00eat \u00e0 \u00abreprendre les armes\u00bb pour d\u00e9fendre son pays.\n                                    <\/p>\n<p>\u00ab J\u2019avais jur\u00e9 de ne plus toucher \u00e0 une arme depuis l\u2019accord de paix de 1989, mais pour la patrie je reprendrai les armes. \u00bb Dans un <a target=\"_blank\" href=\"https:\/\/x.com\/petrogustavo\/status\/2008063024343515623\">long message<\/a> post\u00e9 ce 5 janvier sur X, le pr\u00e9sident colombien Gustavo Petro, a assur\u00e9 qu\u2019il r\u00e9pondrait aux menaces port\u00e9es \u00e0 son encontre, et \u00e0 son pays, par son homologue am\u00e9ricain Donald Trump.<\/p>\n<p>Ce dernier avait d\u00e9clar\u00e9 la veille, \u00e0 bord d\u2019Air Force One, quelques heures apr\u00e8s l\u2019enl\u00e8vement du pr\u00e9sident v\u00e9n\u00e9zu\u00e9lien Nicol\u00e1s Maduro et de sa femme Cilia Flores, qu\u2019une op\u00e9ration similaire en Colombie lui semblait \u00eatre \u00ab une bonne id\u00e9e \u00bb. Accusant Gustavo Petro d\u2019\u00ab homme malade qui aime fabriquer de la coca\u00efne et la vendre aux \u00c9tats-Unis \u00bb, Donald Trump a ajout\u00e9 qu\u2019il \u00ab ne le ferait plus tr\u00e8s longtemps \u00bb.<\/p>\n<p>\u00ab Je ne suis ni ill\u00e9gitime, ni trafiquant de drogue \u00bb, a lanc\u00e9 Gustavo Petro \u2014 qui, par ailleurs, a pr\u00e9cis\u00e9 qu\u2019il n\u2019a \u00ab pas \u00e9t\u00e9 soldat \u00bb \u2014 avant d\u2019ajouter n\u2019avoir comme \u00ab seul bien ma maison familiale, que je rembourse encore avec mon salaire \u00bb.<\/p>\n<h2>Plusieurs pays d&rsquo;Am\u00e9rique latine dans le collimateur de Trump<\/h2>\n<p>Assurant avoir une pleine \u00ab confiance \u00bb dans le peuple et l\u2019histoire de son pays et avoir endigu\u00e9 l\u2019expansion de la culture de coca en Colombie, cet ancien membre du Mouvement du 19 avril (M-19), un mouvement de gu\u00e9rilla, a annonc\u00e9 que, d\u00e8s lors, \u00ab chaque soldat \u00bb avait re\u00e7u l\u2019ordre que \u00ab tout commandant de la force publique qui pr\u00e9f\u00e8re le drapeau des \u00c9tats-Unis \u00e0 celui de Colombie doit imm\u00e9diatement se retirer \u00bb.<\/p>\n<p>Au-del\u00e0 de la Colombie, le pr\u00e9sident des \u00c9tats-Unis a \u00e9galement point\u00e9 du doigt Cuba et le Mexique \u2014 ainsi que le Groenland \u2014 lors de sa conf\u00e9rence de presse \u00e0 bord d\u2019Air Force One. \u00ab Nous avons besoin du Groenland pour des raisons de s\u00e9curit\u00e9 nationale. C\u2019est tellement strat\u00e9gique \u00bb, a-t-il d\u00e9clar\u00e9 devant les journalistes.<\/p>\n<p>Un Mexique auquel la Colombie avait joint sa signature, dans un communiqu\u00e9 \u00e9galement sign\u00e9 par l\u2019Espagne, le Br\u00e9sil, le Chili et l\u2019Uruguay, afin de d\u00e9noncer les \u00ab actions militaires men\u00e9es unilat\u00e9ralement \u00bb par Washington au Venezuela et d\u2019appeler \u00e0 l\u2019\u00ab unit\u00e9 \u00bb dans la r\u00e9gion \u00ab par-del\u00e0 les divergences politiques \u00bb, ainsi qu\u2019\u00e0 une r\u00e9action des Nations unies en faveur d\u2019une d\u00e9sescalade des tensions et de la \u00ab pr\u00e9servation de la paix r\u00e9gionale \u00bb.<\/p>\n<\/div>\n<p><br \/>\n<br \/><a href=\"https:\/\/francais.rt.com\/international\/129094-pour-patrie-je-reprendrai-armes\" target=\"_blank\"\">Source link <\/a><\/p>\n","protected":false},"excerpt":{"rendered":"<p>Dans la foul\u00e9e de l\u2019op\u00e9ration militaire des \u00c9tats-Unis au Venezuela, qui s\u2019est sold\u00e9e par l\u2019enl\u00e8vement du pr\u00e9sident du pays et de sa femme par les forces am\u00e9ricaines, et les menaces&hellip; <\/p>\n","protected":false},"author":1,"featured_media":21961,"comment_status":"open","ping_status":"open","sticky":false,"template":"","format":"standard","meta":{"footnotes":""},"categories":[1],"tags":[],"class_list":["post-21960","post","type-post","status-publish","format-standard","has-post-thumbnail","hentry","category-non-classe"],"_links":{"self":[{"href":"https:\/\/monde25.info\/index.php\/wp-json\/wp\/v2\/posts\/21960","targetHints":{"allow":["GET"]}}],"collection":[{"href":"https:\/\/monde25.info\/index.php\/wp-json\/wp\/v2\/posts"}],"about":[{"href":"https:\/\/monde25.info\/index.php\/wp-json\/wp\/v2\/types\/post"}],"author":[{"embeddable":true,"href":"https:\/\/monde25.info\/index.php\/wp-json\/wp\/v2\/users\/1"}],"replies":[{"embeddable":true,"href":"https:\/\/monde25.info\/index.php\/wp-json\/wp\/v2\/comments?post=21960"}],"version-history":[{"count":0,"href":"https:\/\/monde25.info\/index.php\/wp-json\/wp\/v2\/posts\/21960\/revisions"}],"wp:featuredmedia":[{"embeddable":true,"href":"https:\/\/monde25.info\/index.php\/wp-json\/wp\/v2\/media\/21961"}],"wp:attachment":[{"href":"https:\/\/monde25.info\/index.php\/wp-json\/wp\/v2\/media?parent=21960"}],"wp:term":[{"taxonomy":"category","embeddable":true,"href":"https:\/\/monde25.info\/index.php\/wp-json\/wp\/v2\/categories?post=21960"},{"taxonomy":"post_tag","embeddable":true,"href":"https:\/\/monde25.info\/index.php\/wp-json\/wp\/v2\/tags?post=21960"}],"curies":[{"name":"wp","href":"https:\/\/api.w.org\/{rel}","templated":true}]}}