{"id":21965,"date":"2026-01-06T04:23:36","date_gmt":"2026-01-06T03:23:36","guid":{"rendered":"https:\/\/monde25.info\/index.php\/2026\/01\/06\/la-situation-critique-des-amish-face-aux-obligations-vaccinales-aux-etats-unis-et-ses-implications-en-france\/"},"modified":"2026-01-06T04:23:36","modified_gmt":"2026-01-06T03:23:36","slug":"la-situation-critique-des-amish-face-aux-obligations-vaccinales-aux-etats-unis-et-ses-implications-en-france","status":"publish","type":"post","link":"https:\/\/monde25.info\/index.php\/2026\/01\/06\/la-situation-critique-des-amish-face-aux-obligations-vaccinales-aux-etats-unis-et-ses-implications-en-france\/","title":{"rendered":"La situation critique des Amish face aux obligations vaccinales aux \u00c9tats-Unis &#8211; et ses implications en France"},"content":{"rendered":"<p> <br \/>\n<\/p>\n<div>\n<p>Les communaut\u00e9s amish (1), connues pour leur mode de vie traditionnel, leur refus de la modernit\u00e9 et leur attachement profond \u00e0 leurs croyances religieuses, <a target=\"_blank\" href=\"https:\/\/x.com\/ChildrensHD\/status\/2007980467157402033\">font face \u00e0 une menace existentielle aux \u00c9tats-Unis<\/a>. Dans l&rsquo;\u00c9tat de New York, les autorit\u00e9s sanitaires ont impos\u00e9 des obligations vaccinales pour les enfants, sans exemptions religieuses, ce qui entre en conflit direct avec les convictions des Amish. Ces communaut\u00e9s, qui financent elles-m\u00eames leurs \u00e9coles et refusent les aides gouvernementales tout en payant leurs imp\u00f4ts, <strong>se voient infliger des amendes pour non-respect de ces r\u00e8gles<\/strong>. Cette situation a escalad\u00e9 jusqu&rsquo;\u00e0 la <a target=\"_blank\" href=\"https:\/\/x.com\/ChildrensHD\/status\/2007980467157402033\">Cour supr\u00eame des \u00c9tats-Unis<\/a>, marquant un tournant potentiel dans <strong>le d\u00e9bat sur la libert\u00e9 religieuse et les mandats vaccinaux<\/strong>.<\/p>\n<p>Tout a commenc\u00e9 avec la d\u00e9cision du D\u00e9partement de la Sant\u00e9 de New York <strong>d&rsquo;exiger que les enfants amish soient vaccin\u00e9s<\/strong>, malgr\u00e9 les objections religieuses sinc\u00e8res de leurs parents. Comme l&rsquo;explique <a target=\"_blank\" href=\"https:\/\/edition.francesoir.fr\/videos-les-debriefings\/pour-l-avocat-aaron-siri-le-gouvernement-doit-se-retirer\">Aaron Siri<\/a>, avocat sp\u00e9cialis\u00e9 dans les droits \u00e0 la sant\u00e9 et \u00e0 la libert\u00e9 religieuse, les Amish consid\u00e8rent les vaccins comme contraires \u00e0 leurs croyances spirituelles, qui privil\u00e9gient une vie en harmonie avec la nature et sans intervention m\u00e9dicale forc\u00e9e. \u00ab <em>Ils ne veulent pas se battre, mais c&rsquo;est une question existentielle pour eux<\/em> \u00bb, souligne-t-il. Les Amish, qui vivent en autarcie et \u00e9duquent leurs enfants dans des \u00e9coles priv\u00e9es sur leurs terres, ont \u00e9t\u00e9 <strong>cibl\u00e9s par des amendes r\u00e9p\u00e9t\u00e9es<\/strong>, les poussant \u00e0 porter l&rsquo;affaire en justice.<\/p>\n<p>La Cour d&rsquo;appel du Second Circuit avait initialement valid\u00e9 la loi de New York, mais la Cour supr\u00eame est r\u00e9cemment intervenue de mani\u00e8re significative. Dans l&rsquo;affaire Miller v. McDonald, la plus haute instance judiciaire am\u00e9ricaine a accord\u00e9 un \u00ab\u00a0certiorari\u00a0\u00bb &#8211; proc\u00e9dure exceptionnelle par laquelle la Cour supr\u00eame accepte de revoir une d\u00e9cision d&rsquo;une juridiction inf\u00e9rieure ; elle n&rsquo;accepte ainsi qu&rsquo;une infime partie des milliers de demandes qu&rsquo;elle re\u00e7oit chaque ann\u00e9e &#8211; et a annul\u00e9 la d\u00e9cision du Second Circuit. Elle a renvoy\u00e9 l&rsquo;affaire pour r\u00e9examen \u00e0 la lumi\u00e8re d&rsquo;une r\u00e9cente jurisprudence, Mahmoud v. Taylor, qui <strong>renforce les protections des droits parentaux en mati\u00e8re d&rsquo;\u00e9ducation religieuse<\/strong>.\u00a0<\/p>\n<blockquote>\n<p>Ce d\u00e9veloppement est per\u00e7u comme un signal positif pour les Amish, indiquant que la Cour supr\u00eame <strong>pourrait reconna\u00eetre que les mandats vaccinaux neutres en apparence peuvent constituer une charge substantielle sur la libert\u00e9 religieuse<\/strong>, n\u00e9cessitant un examen plus strict plut\u00f4t qu&rsquo;une simple justification rationnelle.<\/p>\n<\/blockquote>\n<p>Cette victoire partielle met en lumi\u00e8re les tensions entre sant\u00e9 publique et libert\u00e9s individuelles aux \u00c9tats-Unis. Les Amish, souvent id\u00e9alis\u00e9s pour leur simplicit\u00e9 et leur r\u00e9silience, repr\u00e9sentent un test pour le principe de la libert\u00e9 religieuse inscrit dans le Premier Amendement. Des organisations comme <a target=\"_blank\" href=\"https:\/\/x.com\/ChildrensHD\/status\/2007980467157402033\">Children&rsquo;s Health Defense<\/a> soutiennent que forcer les Amish \u00e0 \u00ab\u00a0<em>abandonner leurs croyances religieuses authentiques<\/em> \u00bb au profit d&rsquo;une \u00ab\u00a0<em>religion pro-vaccinale<\/em>\u00a0\u00bb impos\u00e9e par l&rsquo;\u00c9tat est une violation flagrante. Si la Cour d&rsquo;appel suit les indications de la Cour supr\u00eame, cela pourrait mener \u00e0 des exemptions pour les communaut\u00e9s religieuses ou m\u00eame \u00e0 une r\u00e9vision plus large des lois sur les vaccins scolaires, <strong>changeant potentiellement le paysage juridique<\/strong> pour des millions d&rsquo;Am\u00e9ricains <strong>oppos\u00e9s aux mandats pour des raisons de conscience<\/strong>.<\/p>\n<h5>\u00a0<\/h5>\n<h5><strong>La situation en France : obligations vaccinales et droits fondamentaux<\/strong><\/h5>\n<p>En France, pays de la D\u00e9claration des droits de l&rsquo;homme et du citoyen de 1789, les obligations vaccinales pour les enfants sont en vigueur depuis 2018, avec onze vaccins obligatoires pour l&rsquo;entr\u00e9e en collectivit\u00e9 (cr\u00e8ches, \u00e9coles). Contrairement aux \u00c9tats-Unis, il n&rsquo;existe pas d&rsquo;exemptions religieuses ; seules les contre-indications m\u00e9dicales sont reconnues. Cette approche d\u00e9coule du principe de la\u00efcit\u00e9 et de la priorit\u00e9 donn\u00e9e \u00e0 la sant\u00e9 publique, mais <strong>elle soul\u00e8ve des interrogations sur sa compatibilit\u00e9 avec les droits fondamentaux<\/strong>. La Cour europ\u00e9enne des droits de l&rsquo;homme (CEDH) a valid\u00e9 en 2021 une obligation similaire en R\u00e9publique tch\u00e8que, estimant qu&rsquo;elle poursuit un objectif l\u00e9gitime de protection collective et reste proportionn\u00e9e, sans violer l&rsquo;article 8 de la Convention europ\u00e9enne des droits de l&rsquo;homme (respect de la vie priv\u00e9e et familiale).<\/p>\n<p>Cependant, cette rigidit\u00e9 peut entrer en conflit avec des conventions internationales comme la Convention d&rsquo;Oviedo sur les droits de l&rsquo;homme et la biom\u00e9decine, ratifi\u00e9e par la France, qui insiste sur le consentement libre et \u00e9clair\u00e9 aux interventions m\u00e9dicales. Des critiques, \u00e9manant d&rsquo;associations et de juristes, arguent que forcer la vaccination sans exemptions pour motifs religieux ou philosophiques <strong>pourrait heurter la libert\u00e9 de conscience<\/strong> (article 10 de la D\u00e9claration de 1789) et <strong>l&rsquo;interdiction des discriminations<\/strong>.<\/p>\n<p>En pratique, les recours judiciaires en France, comme ceux examin\u00e9s par le Conseil d&rsquo;\u00c9tat, ont g\u00e9n\u00e9ralement soutenu les obligations, priorisant l&rsquo;int\u00e9r\u00eat collectif sur les convictions individuelles.\u00a0<\/p>\n<blockquote>\n<p>Sans communaut\u00e9s \u00e9quivalentes aux Amish, la France n&rsquo;a pas connu de crise similaire, mais des <strong>d\u00e9bats persistent sur l&rsquo;\u00e9quilibre entre sant\u00e9 publique et libert\u00e9s<\/strong>, appelant \u00e0 une \u00e9valuation plus nuanc\u00e9e pour \u00e9viter des atteintes disproportionn\u00e9es aux droits humains.<\/p>\n<\/blockquote>\n<h5>\u00a0<\/h5>\n<h5><strong>Libert\u00e9s fondamentales et interventions m\u00e9dicales forc\u00e9es<\/strong><\/h5>\n<p>Au-del\u00e0 des convictions religieuses ou personnelles, la question de l&rsquo;intervention m\u00e9dicale forc\u00e9e soul\u00e8ve un d\u00e9bat profond sur les principes des libert\u00e9s fondamentales, notamment l&rsquo;autonomie corporelle et le consentement \u00e9clair\u00e9. Les vaccins contre la grippe dont l\u2019efficacit\u00e9 fluctue grandement (40 % et 60 % selon les saisons et les souches circulantes), ainsi que ceux contre la COVID-19, dont l\u2019efficacit\u00e9 est remise en cause ainsi que la balance b\u00e9n\u00e9fices risques comme en t\u00e9moigne la perte d\u2019adh\u00e9sion \u00e0 la campagne vaccinale (<a target=\"_blank\" href=\"https:\/\/edition.francesoir.fr\/politique-france-societe-sante-science-tech\/de-l-adhesion-la-mefiance-81-des-francais-rejettent-la\">rejet\u00e9e par 81\u2009% des Fran\u00e7ais<\/a>).<\/p>\n<p><img decoding=\"async\" data-entity-uuid=\"d72fe784-c9ad-4bfe-9a40-b4b394fa4142\" data-entity-type=\"file\" alt=\"Sondage\" width=\"599\" height=\"335\" class=\"align-center lazyload\" loading=\"lazy\" src=\"https:\/\/www.francesoir.fr\/sites\/default\/files\/inline-images\/image_873.png\"\/><\/p>\n<p>Les effets secondaires, bien que g\u00e9n\u00e9ralement l\u00e9gers pour la majorit\u00e9 (28 % d\u00e9clarent avoir subi des effets ind\u00e9sirables l\u00e9gers), incluent cependant 9 % de risques s\u00e9v\u00e8res ou majeurs comme la myocardite pour les vaccins COVID, rendant complexe une balance b\u00e9n\u00e9fice-risque parfaitement r\u00e9plicable et incontestable. Lorsque la science ne fournit pas de certitudes absolues \u2013 comme pour l&rsquo;immunit\u00e9 durable ou la pr\u00e9vention totale de la transmission \u2013, imposer une obligation vaccinale peut cr\u00e9er de v\u00e9ritables dilemmes de conscience. Elle risque alors de <strong>porter atteinte disproportionn\u00e9e \u00e0 l&rsquo;int\u00e9grit\u00e9 physique et aux libert\u00e9s individuelles<\/strong>, principes consacr\u00e9s par la D\u00e9claration des droits de l&rsquo;homme et du citoyen, ainsi que par des conventions internationales comme celle d&rsquo;Oviedo sur le consentement libre aux actes m\u00e9dicaux.<\/p>\n<p>Dans un \u00c9tat de droit respectueux des droits humains, toute mesure coercitive doit \u00eatre justifi\u00e9e par une n\u00e9cessit\u00e9 imp\u00e9rieuse, proportionn\u00e9e et temporaire, en privil\u00e9giant d&rsquo;abord l&rsquo;information, l&rsquo;incitation et le dialogue. Ceci n\u2019a pas \u00e9t\u00e9 le cas avec de trop nombreux politiques servant le narratif officiel de la vaccination covid sans avoir tous les \u00e9l\u00e9ments en main \u2013 par exemple <strong>le contenu des contrats des vaccins n\u2019\u00e9tait pas disponible pour les d\u00e9put\u00e9s lors du vote sur l\u2019obligation vaccinale<\/strong> en aout 2021, ou encore <a target=\"_blank\" href=\"https:\/\/www.francesoir.fr\/societe-sante\/lassociation-bonsens-avertit-les-parlementaires-sur-les-consequences-dun-vote-en\">des \u00e9l\u00e9ments d\u2019information fournis par l\u2019association bonsens.org ont \u00e9t\u00e9 sciemment ignor\u00e9s<\/a>.<\/p>\n<p>Forcer une intervention m\u00e9dicale sans consensus scientifique irr\u00e9futable ni exemptions pour motifs de conscience aura non seulement \u00e9rod\u00e9 la confiance publique (graphiques ci-apr\u00e8s), mais aussi contredit l&rsquo;essence m\u00eame des libert\u00e9s fondamentales : le droit de disposer de son corps en toute connaissance, surtout face \u00e0 des incertitudes persistantes.<\/p>\n<p><img decoding=\"async\" data-entity-uuid=\"de7fe5c6-a5ae-4ab5-8e0a-1cbb516196a2\" data-entity-type=\"file\" alt=\"Sondage\" width=\"945\" height=\"528\" class=\"align-center lazyload\" loading=\"lazy\" src=\"https:\/\/www.francesoir.fr\/sites\/default\/files\/inline-images\/image_874.png\"\/><img decoding=\"async\" data-entity-uuid=\"365398b1-67f3-4de3-85c8-3bab930751bc\" data-entity-type=\"file\" alt=\"Sondage\" width=\"945\" height=\"528\" loading=\"lazy\" class=\"lazyload\" src=\"https:\/\/www.francesoir.fr\/sites\/default\/files\/inline-images\/image_875.png\"\/><\/p>\n<p>\u00a0<\/p>\n<p><strong>(<\/strong>1) sur la population Amish<\/p>\n<p>En 2025, la <a target=\"_blank\" href=\"https:\/\/groups.etown.edu\/amishstudies\/amish-population-profile-2025\/?doing_wp_cron=1767634768.0733530521392822265625\">population Amish en Am\u00e9rique du Nord a atteint environ 410 955 personnes<\/a>, soit une augmentation de plus de 10 000 individus par rapport \u00e0 l&rsquo;ann\u00e9e pr\u00e9c\u00e9dente. Cette croissance d\u00e9mographique, qui voit la communaut\u00e9 doubler tous les 20 ans environ, s&rsquo;accompagne d&rsquo;une expansion g\u00e9ographique : neuf nouvelles implantations ont vu le jour en un an, principalement dans 32 \u00c9tats am\u00e9ricains. Des \u00c9tats comme la Pennsylvanie, l&rsquo;Ohio et l&rsquo;Indiana restent des bastions, mais des familles migrent vers l&rsquo;Ouest, comme en Pennsylvanie o\u00f9 la surpopulation pousse certains \u00e0 partir.<\/p>\n<p>Cette expansion soul\u00e8ve des questions sur l&rsquo;adaptation \u00e0 des environnements nouveaux tout en maintenant les traditions, comme l&rsquo;usage exclusif de chevaux et de cal\u00e8ches, ou le refus de l&rsquo;\u00e9lectricit\u00e9 et des voitures.<\/p>\n<p>Un \u00e9v\u00e9nement marquant est la restructuration en cours dans la communaut\u00e9 de Lancaster County, en Pennsylvanie, l&rsquo;une des plus grandes. Des divisions internes ont \u00e9merg\u00e9 entre groupes conservateurs stricts et d&rsquo;autres plus r\u00e9formistes, permettant une certaine flexibilit\u00e9, comme l&rsquo;usage limit\u00e9 de t\u00e9l\u00e9phones ou de v\u00e9hicules pour le travail. Cette transition a permis \u00e0 un <a target=\"_blank\" href=\"https:\/\/savingcountrymusic.com\/amish-couple-ben-rose-become-one-of-2025s-new-breakouts\/\">couple Amish, Ben et Rose, de devenir des stars de la musique en 2025<\/a>. Leur album Slowly But Surely et leurs vid\u00e9os en ligne ont attir\u00e9 l&rsquo;attention, avec des concerts pr\u00e9vus en 2026. Bien que controvers\u00e9, cela refl\u00e8te une p\u00e9riode de gr\u00e2ce o\u00f9 les membres peuvent rejoindre des \u00e9glises r\u00e9form\u00e9es sans \u00eatre excommuni\u00e9s.<\/p>\n<p>Par ailleurs, la communaut\u00e9 attire <a target=\"_blank\" href=\"https:\/\/amishamerica.com\/suddenly-amish-4-key-questions\/\">les regards m\u00e9diatiques avec la s\u00e9rie t\u00e9l\u00e9vis\u00e9e Suddenly Amish diffus\u00e9e sur TLC fin 2025<\/a>. Ce <a target=\"_blank\" href=\"https:\/\/katv.com\/news\/entertainment\/tlcs-suddenly-amish-challenges-people-to-survive-without-modern-comforts\">programme suit six non-Amish<\/a> tentant de s&rsquo;int\u00e9grer \u00e0 la vie communautaire sans commodit\u00e9s modernes comme les t\u00e9l\u00e9phones ou l&rsquo;\u00e9lectricit\u00e9. Tourn\u00e9 \u00e0 Lancaster, il met en lumi\u00e8re les tensions entre tradition et modernit\u00e9, surtout dans un contexte de perturbations internes. Ces d\u00e9veloppements soul\u00e8vent des d\u00e9bats sur la pr\u00e9servation des valeurs Amish face \u00e0 l&rsquo;influence ext\u00e9rieure, comme les interactions avec le monde \u00ab anglais \u00bb (non-Amish).<\/p>\n<\/div>\n<p><script>(function(d, s, id) {  var js, fjs = d.getElementsByTagName(s)[0];  if (d.getElementById(id)) return;  js = d.createElement(s); js.id = id;  js.src = \"\/\/connect.facebook.net\/fr_FR\/sdk.js#xfbml=1&version=v2.3\";  fjs.parentNode.insertBefore(js, fjs);}(document, \"script\", \"facebook-jssdk\"));<\/script><br \/>\n<br \/><br \/>\n<br \/><a href=\"https:\/\/www.francesoir.fr\/politique-monde-societe-sante\/la-situation-critique-des-amish-face-aux-obligations-vaccinales-aux\" target=\"_blank\"\">Source link <\/a><\/p>\n","protected":false},"excerpt":{"rendered":"<p>Les communaut\u00e9s amish (1), connues pour leur mode de vie traditionnel, leur refus de la modernit\u00e9 et leur attachement profond \u00e0 leurs croyances religieuses, font face \u00e0 une menace existentielle&hellip; <\/p>\n","protected":false},"author":1,"featured_media":21966,"comment_status":"open","ping_status":"open","sticky":false,"template":"","format":"standard","meta":{"footnotes":""},"categories":[1],"tags":[],"class_list":["post-21965","post","type-post","status-publish","format-standard","has-post-thumbnail","hentry","category-non-classe"],"_links":{"self":[{"href":"https:\/\/monde25.info\/index.php\/wp-json\/wp\/v2\/posts\/21965","targetHints":{"allow":["GET"]}}],"collection":[{"href":"https:\/\/monde25.info\/index.php\/wp-json\/wp\/v2\/posts"}],"about":[{"href":"https:\/\/monde25.info\/index.php\/wp-json\/wp\/v2\/types\/post"}],"author":[{"embeddable":true,"href":"https:\/\/monde25.info\/index.php\/wp-json\/wp\/v2\/users\/1"}],"replies":[{"embeddable":true,"href":"https:\/\/monde25.info\/index.php\/wp-json\/wp\/v2\/comments?post=21965"}],"version-history":[{"count":0,"href":"https:\/\/monde25.info\/index.php\/wp-json\/wp\/v2\/posts\/21965\/revisions"}],"wp:featuredmedia":[{"embeddable":true,"href":"https:\/\/monde25.info\/index.php\/wp-json\/wp\/v2\/media\/21966"}],"wp:attachment":[{"href":"https:\/\/monde25.info\/index.php\/wp-json\/wp\/v2\/media?parent=21965"}],"wp:term":[{"taxonomy":"category","embeddable":true,"href":"https:\/\/monde25.info\/index.php\/wp-json\/wp\/v2\/categories?post=21965"},{"taxonomy":"post_tag","embeddable":true,"href":"https:\/\/monde25.info\/index.php\/wp-json\/wp\/v2\/tags?post=21965"}],"curies":[{"name":"wp","href":"https:\/\/api.w.org\/{rel}","templated":true}]}}