{"id":21967,"date":"2026-01-06T04:56:36","date_gmt":"2026-01-06T03:56:36","guid":{"rendered":"https:\/\/monde25.info\/index.php\/2026\/01\/06\/le-president-venezuelien-plaide-non-coupable-se-qualifiant-dhomme-honnete-rt-en-francais\/"},"modified":"2026-01-06T04:56:36","modified_gmt":"2026-01-06T03:56:36","slug":"le-president-venezuelien-plaide-non-coupable-se-qualifiant-dhomme-honnete-rt-en-francais","status":"publish","type":"post","link":"https:\/\/monde25.info\/index.php\/2026\/01\/06\/le-president-venezuelien-plaide-non-coupable-se-qualifiant-dhomme-honnete-rt-en-francais\/","title":{"rendered":"le pr\u00e9sident v\u00e9n\u00e9zu\u00e9lien plaide non coupable, se qualifiant d\u2019\u00abhomme honn\u00eate\u00bb \u2014 RT en fran\u00e7ais"},"content":{"rendered":"<p> <br \/>\n<br \/><img decoding=\"async\" src=\"https:\/\/mf.b37mrtl.ru\/french\/images\/2026.01\/thumbnail\/695bf15b6f7ccc1bda44690c.jpg\" \/><\/p>\n<div>\n<p class=\"text__summary\">\n                                        Nicol\u00e1s Maduro a comparu \u00e0 New York apr\u00e8s son enl\u00e8vement par les \u00c9tats-Unis, plaidant non coupable et affirmant \u00eatre un \u00abhomme honn\u00eate\u00bb. La d\u00e9fense, qui d\u00e9nonce un \u00abenl\u00e8vement militaire\u00bb et signale les blessures de son \u00e9pouse, Cilia Flores, s\u2019attend \u00e0 un contentieux \u00abvolumineux et complexe\u00bb. La prochaine audience est fix\u00e9e au 17 mars.\n                                    <\/p>\n<p>Le proc\u00e8s de Nicol\u00e1s Maduro, enlev\u00e9 par les \u00c9tats-Unis le 3 janvier, s\u2019est ouvert devant la cour f\u00e9d\u00e9rale de New York. Le dirigeant v\u00e9n\u00e9zu\u00e9lien a \u00e9t\u00e9 escort\u00e9 dans la salle d\u2019audience sans menottes. Au d\u00e9but de l\u2019audience, Maduro a pris la parole. S\u2019exprimant par l\u2019interm\u00e9diaire d\u2019un interpr\u00e8te, il a affirm\u00e9 \u00eatre le pr\u00e9sident du Venezuela et avoir \u00e9t\u00e9 captur\u00e9 chez lui, avant d\u2019\u00eatre interrompu par le juge, qui a estim\u00e9 que \u00ab\u00a0ce n\u2019\u00e9tait pas le moment d\u2019aborder des questions juridiques\u00a0\u00bb.<\/p>\n<p>Le pr\u00e9sident v\u00e9n\u00e9zu\u00e9lien a ensuite plaid\u00e9 non coupable dans l\u2019affaire de \u00ab\u00a0narcoterrorisme\u00a0\u00bb, se qualifiant lui-m\u00eame d\u2019\u00ab\u00a0homme honn\u00eate\u00a0\u00bb. Son \u00e9pouse, Cilia Flores, \u00e9galement pr\u00e9sente \u00e0 l\u2019audience, a elle aussi d\u00e9clar\u00e9 son innocence.<\/p>\n<p>Maduro a pris des notes tout au long de l\u2019audience et a demand\u00e9 au juge l\u2019autorisation de les conserver. Le juge a d\u00e9clar\u00e9 qu\u2019il en avait le droit, tandis que le procureur a confirm\u00e9 que cela ne posait pas de probl\u00e8me. Le juge a \u00e9galement inform\u00e9 Nicol\u00e1s Maduro et Cilia Flores de leur droit d\u2019informer le consulat v\u00e9n\u00e9zu\u00e9lien de leur arrestation. Leur demande d\u2019une visite consulaire a \u00e9t\u00e9 approuv\u00e9e. En cl\u00f4ture d\u2019audience, le juge a fix\u00e9 la prochaine comparution au 17 mars.<\/p>\n<p>L\u2019avocat du dirigeant v\u00e9n\u00e9zu\u00e9lien, Barry Pollack, a d\u00e9clar\u00e9 qu\u2019il ne demanderait pas la lib\u00e9ration sous caution de son client pour l\u2019instant. La d\u00e9fense a toutefois inform\u00e9 le tribunal qu\u2019elle pr\u00e9senterait une telle demande ult\u00e9rieurement. Pollack a \u00e9galement indiqu\u00e9 qu\u2019il s\u2019attendait \u00e0 un litige volumineux et complexe concernant \u00ab\u00a0l\u2019enl\u00e8vement militaire \u00bb de Maduro.<\/p>\n<p>L\u2019avocat de son \u00e9pouse, Mark Donnelly, a, pour sa part, affirm\u00e9 que Cilia Flores avait subi des blessures importantes, notamment de graves contusions aux c\u00f4tes, et a demand\u00e9 des examens m\u00e9dicaux et des radiographies.<\/p>\n<p>Avant l\u2019audience, Bloomberg rapportait que le proc\u00e8s au fond ne devrait pas s\u2019ouvrir avant 2027, la s\u00e9ance du jour devant principalement fixer le calendrier d\u2019\u00e9change des preuves et des requ\u00eates pr\u00e9liminaires.<\/p>\n<\/div>\n<p><br \/>\n<br \/><a href=\"https:\/\/francais.rt.com\/international\/129095-proces-maduro-president-venezuelien-se-considere-prisonnier-guerre\" target=\"_blank\"\">Source link <\/a><\/p>\n","protected":false},"excerpt":{"rendered":"<p>Nicol\u00e1s Maduro a comparu \u00e0 New York apr\u00e8s son enl\u00e8vement par les \u00c9tats-Unis, plaidant non coupable et affirmant \u00eatre un \u00abhomme honn\u00eate\u00bb. La d\u00e9fense, qui d\u00e9nonce un \u00abenl\u00e8vement militaire\u00bb et&hellip; <\/p>\n","protected":false},"author":1,"featured_media":21968,"comment_status":"open","ping_status":"open","sticky":false,"template":"","format":"standard","meta":{"footnotes":""},"categories":[1],"tags":[],"class_list":["post-21967","post","type-post","status-publish","format-standard","has-post-thumbnail","hentry","category-non-classe"],"_links":{"self":[{"href":"https:\/\/monde25.info\/index.php\/wp-json\/wp\/v2\/posts\/21967","targetHints":{"allow":["GET"]}}],"collection":[{"href":"https:\/\/monde25.info\/index.php\/wp-json\/wp\/v2\/posts"}],"about":[{"href":"https:\/\/monde25.info\/index.php\/wp-json\/wp\/v2\/types\/post"}],"author":[{"embeddable":true,"href":"https:\/\/monde25.info\/index.php\/wp-json\/wp\/v2\/users\/1"}],"replies":[{"embeddable":true,"href":"https:\/\/monde25.info\/index.php\/wp-json\/wp\/v2\/comments?post=21967"}],"version-history":[{"count":0,"href":"https:\/\/monde25.info\/index.php\/wp-json\/wp\/v2\/posts\/21967\/revisions"}],"wp:featuredmedia":[{"embeddable":true,"href":"https:\/\/monde25.info\/index.php\/wp-json\/wp\/v2\/media\/21968"}],"wp:attachment":[{"href":"https:\/\/monde25.info\/index.php\/wp-json\/wp\/v2\/media?parent=21967"}],"wp:term":[{"taxonomy":"category","embeddable":true,"href":"https:\/\/monde25.info\/index.php\/wp-json\/wp\/v2\/categories?post=21967"},{"taxonomy":"post_tag","embeddable":true,"href":"https:\/\/monde25.info\/index.php\/wp-json\/wp\/v2\/tags?post=21967"}],"curies":[{"name":"wp","href":"https:\/\/api.w.org\/{rel}","templated":true}]}}